{"id":1924,"date":"2020-11-04T18:22:27","date_gmt":"2020-11-04T15:22:27","guid":{"rendered":"http:\/\/mersinekonomipolitikagazetesi.com\/?p=1924"},"modified":"2020-11-04T18:22:27","modified_gmt":"2020-11-04T15:22:27","slug":"100uncu-biyonik-kulak-uygulama-kutlamasi","status":"publish","type":"post","link":"https:\/\/akdenizolaygazetesi.com\/?p=1924","title":{"rendered":"100\u2019\u00dcNC\u00dc B\u0130YON\u0130K KULAK UYGULAMA KUTLAMASI"},"content":{"rendered":"<p>Mersin \u00dcniversitesi T\u0131p Fak\u00fcltesi Kulak Burun Bo\u011faz Anabilim Dal\u0131 taraf\u0131ndan 100\u2019\u00fcnc\u00fc Biyonik Kulak (Koklear \u0130mplant) uygulanmas\u0131n\u0131n kutlamas\u0131 ve Aile E\u011fitimi toplant\u0131s\u0131 yap\u0131ld\u0131.<\/p>\n<blockquote type=\"cite\">\n<div dir=\"ltr\">\n<p><span style=\"font-size:16px;\">Prof. Dr. U\u011fur Oral K\u00fclt\u00fcr Merkezi\u2019nde ger\u00e7ekle\u015ftirilen etkinli\u011fe; T\u0131p Fak\u00fcltesi Kulak Burun Bo\u011faz Anabilim Dal\u0131 Ba\u015fkan\u0131 Prof. Dr. Cengiz \u00d6zcan, T\u0131p Fak\u00fcltesi Kulak Burun Bo\u011faz Anabilim Dal\u0131 Dr. \u00d6\u011fr. \u00dcyesi Onur \u0130smi, Mersin \u0130\u015fitme Engelliler E\u011fitimine Destek ve Kalk\u0131nd\u0131rma Derne\u011fi Ba\u015fkan\u0131 Abuzer \u00d6ner, \u00f6\u011fretim g\u00f6revlileri, \u00f6\u011frenciler, biyonik kulak tak\u0131lan hastalar ve aileleri kat\u0131ld\u0131.<\/span><\/p>\n<p>\u00a0<\/p>\n<p><span style=\"font-size:16px;\">CENG\u0130Z \u00d6ZCAN: \u201c2 YILDA \u00c7OK \u015eEY \u00d6\u011eREND\u0130K\u201d<\/span><\/p>\n<p>\u00a0<\/p>\n<p><span style=\"font-size:16px;\">Ger\u00e7ekle\u015fen etkinlikte iki y\u0131l \u00f6ncesinde ilk biyonik kulak uygulamalar\u0131 i\u00e7in ilk i\u015flemlere ba\u015flad\u0131\u011f\u0131n\u0131 belirten Prof. Dr. Cengiz \u00d6zcan, Biyonik kulak uygulamalar\u0131 ekip i\u015fi oldu\u011funa dikkat \u00e7ekerek\u00a0 ekibin i\u00e7erisinde radyoloji uzmanlar\u0131, \u00e7ocuk n\u00f6roloji uzmanlar\u0131, psikiyatristler, odyologlar ve daha sonraki a\u015famalarda \u00e7ocuklar\u0131n e\u011fitimi i\u00e7in \u00f6\u011fretmenler bu s\u00fcrecin olmazsa olmaz\u0131 oldu\u011funu aktard\u0131.<\/span><\/p>\n<p><span style=\"font-size:16px;\">\u00d6zcan : \u201c2 y\u0131lda \u00e7ok \u015fey \u00f6\u011frendik, hepinizi kutluyorum\u201d dedi.<\/span><\/p>\n<p>\u00a0<\/p>\n<p>\u00a0<\/p>\n<p><span style=\"font-size:16px;\">Konu\u015fma ard\u0131ndan Prof. Dr. Kemal G\u00f6r\u00fcr \u2018Nas\u0131l \u0130\u015fitiyoruz, Biyonik Kulak Nedir?\u2019 ve Uzm. Ody. Hanife Turan \u201c\u0130\u015fitme Kayb\u0131l\u0131 \u00c7ocuklarda Koklear \u0130mplant \u00d6ncesi ve Sonras\u0131\u201d konulu sunumlar\u0131n\u0131 ger\u00e7ekle\u015ftirdiler.<\/span><\/p>\n<p>\u00a0<\/p>\n<p><span style=\"font-size:16px;\">KEMAL G\u00d6R\u00dcR: \u201cONUN \u0130\u00c7\u0130N ERKEN TE\u015eH\u0130S VE TEDAV\u0130 \u00d6NEML\u0130D\u0130R\u201d<\/span><\/p>\n<p>\u00a0<\/p>\n<p><span style=\"font-size:16px;\">Sunumunu ger\u00e7ekle\u015ftiren Prof. Dr. G\u00f6r\u00fcr, \u201cG\u00fcn\u00fcm\u00fczde canl\u0131 do\u011fan her 1000 \u00e7ocu\u011fun 1 ila 3\u2019\u00fcnde i\u015fitme kayb\u0131 saptanmaktad\u0131r.\u201d \u015feklinde dikkat \u00e7ekerek \u201cBunlar zaman\u0131nda saptanmaz ise konu\u015fma anlama ve \u00f6\u011frenme becerileri geli\u015fmemekte veya ya\u015f\u0131tlar\u0131na g\u00f6re geri kalmaktad\u0131r. Bunlar\u0131 b\u00fcy\u00fck k\u0131sm\u0131 i\u015fitme engelliler okulunda yetersiz bir e\u011fitim ile topluma tam olarak uyum sa\u011flayamadan ya\u015famaktad\u0131rlar. Biyonik kulak ameliyat\u0131 ile i\u015fitme kayb\u0131 erken d\u00f6nemde d\u00fczeltilmekte ve normal ya\u015f\u0131tlar\u0131 gibi e\u011fitim g\u00f6rerek askeriye hari\u00e7 her t\u00fcrl\u00fc alanda \u00e7al\u0131\u015fabilmektedirler. Onun i\u00e7in erken te\u015fhis ve tedavi \u00f6nemlidir.\u201d dedi.<\/span><\/p>\n<\/div>\n<\/blockquote>\n","protected":false},"excerpt":{"rendered":"<p>Mersin \u00dcniversitesi T\u0131p Fak\u00fcltesi Kulak Burun Bo\u011faz Anabilim Dal\u0131 taraf\u0131ndan 100\u2019\u00fcnc\u00fc Biyonik Kulak (Koklear \u0130mplant) uygulanmas\u0131n\u0131n kutlamas\u0131 ve Aile E\u011fitimi toplant\u0131s\u0131 yap\u0131ld\u0131. Prof. Dr. U\u011fur Oral K\u00fclt\u00fcr Merkezi\u2019nde ger\u00e7ekle\u015ftirilen etkinli\u011fe; &hellip; <a href=\"https:\/\/akdenizolaygazetesi.com\/?p=1924\" class=\"more-link\">Devam\u0131n\u0131 Oku&#8230;<\/a><\/p>\n","protected":false},"author":1,"featured_media":0,"comment_status":"open","ping_status":"open","sticky":false,"template":"","format":"standard","meta":[],"categories":[],"tags":[],"_links":{"self":[{"href":"https:\/\/akdenizolaygazetesi.com\/index.php?rest_route=\/wp\/v2\/posts\/1924"}],"collection":[{"href":"https:\/\/akdenizolaygazetesi.com\/index.php?rest_route=\/wp\/v2\/posts"}],"about":[{"href":"https:\/\/akdenizolaygazetesi.com\/index.php?rest_route=\/wp\/v2\/types\/post"}],"author":[{"embeddable":true,"href":"https:\/\/akdenizolaygazetesi.com\/index.php?rest_route=\/wp\/v2\/users\/1"}],"replies":[{"embeddable":true,"href":"https:\/\/akdenizolaygazetesi.com\/index.php?rest_route=%2Fwp%2Fv2%2Fcomments&post=1924"}],"version-history":[{"count":0,"href":"https:\/\/akdenizolaygazetesi.com\/index.php?rest_route=\/wp\/v2\/posts\/1924\/revisions"}],"wp:attachment":[{"href":"https:\/\/akdenizolaygazetesi.com\/index.php?rest_route=%2Fwp%2Fv2%2Fmedia&parent=1924"}],"wp:term":[{"taxonomy":"category","embeddable":true,"href":"https:\/\/akdenizolaygazetesi.com\/index.php?rest_route=%2Fwp%2Fv2%2Fcategories&post=1924"},{"taxonomy":"post_tag","embeddable":true,"href":"https:\/\/akdenizolaygazetesi.com\/index.php?rest_route=%2Fwp%2Fv2%2Ftags&post=1924"}],"curies":[{"name":"wp","href":"https:\/\/api.w.org\/{rel}","templated":true}]}}