{"id":19250,"date":"2022-06-12T10:43:26","date_gmt":"2022-06-12T07:43:26","guid":{"rendered":"http:\/\/akdenizolaygazetesi.com\/?p=19250"},"modified":"2022-06-12T10:43:26","modified_gmt":"2022-06-12T07:43:26","slug":"30a-yakin-tenisci-antrenmanlarini-surduruyor","status":"publish","type":"post","link":"https:\/\/akdenizolaygazetesi.com\/?p=19250","title":{"rendered":"30&#8217;A YAKIN TEN\u0130S\u00c7\u0130 ANTRENMANLARINI S\u00dcRD\u00dcR\u00dcYOR"},"content":{"rendered":"<p>Mersin B\u00fcy\u00fck\u015fehir Belediyesi Gen\u00e7lik ve Spor Hizmetleri Dairesi&#8217;nin Gen\u00e7lik ve Spor Kul\u00fcb\u00fc (MSK) b\u00fcnyesinde 2 y\u0131l \u00f6nce kurulan Tenis Tak\u0131m\u0131&#8217;nda antrenmanlar son h\u0131zla s\u00fcr\u00fcyor. 25&#8217;i lisansl\u0131 olmak \u00fczere yakla\u015f\u0131k 30 sporcudan olu\u015fan tak\u0131m, kat\u0131ld\u0131klar\u0131 turnuvalardan kente her ge\u00e7en g\u00fcn yeni \u015fampiyonluklar ve kupalarla d\u00f6n\u00fcyor.<\/p>\n<p>&#8220;Etik de\u011ferleri geli\u015ftirmek, sayg\u0131l\u0131, ahlakl\u0131 bireyler yeti\u015ftirmek istiyoruz&#8221;<\/p>\n<p>Tenis Tak\u0131m\u0131, Macit \u00d6zcan Tesisleri&#8217;nde haftan\u0131n her g\u00fcn\u00fc 17.00-19.00 saatleri aras\u0131nda antrenmanlar\u0131n\u0131 ger\u00e7ekle\u015ftiriyor. Cumartesi ve pazar g\u00fcnleri altyap\u0131 tak\u0131m\u0131 tatil yaparken, pazartesi ise pro tak\u0131m\u0131 antrenmanlara mola veriyor. Sal\u0131, per\u015fembe, cumartesi ve pazar g\u00fcnleri ise sporcular tenis antrenmanlar\u0131n\u0131n ard\u0131ndan salonda kondisyon \u00e7al\u0131\u015f\u0131yor.<\/p>\n<p>B\u00fcy\u00fck\u015fehir Belediyesi&#8217;nde g\u00f6revli Tenis Antren\u00f6r\u00fc Abidin Kurua\u011fa\u00e7, 30&#8217;a yak\u0131n sporcuyla \u00e7al\u0131\u015fmalar\u0131 s\u00fcrd\u00fcrd\u00fcklerini belirterek, bunlar\u0131n 25&#8217;inin Gen\u00e7lik ve Spor Kul\u00fcb\u00fc&#8217;n\u00fcn lisansl\u0131 sporcusu oldu\u011funu s\u00f6yledi. Mini pro kategorisinde ise 10 sporcu oldu\u011funu vurgulayan Kurua\u011fa\u00e7, &#8220;\u015eu anda burada mini pro tak\u0131m\u0131 antrenman yap\u0131yor, 8 ki\u015filik bir grubumuz var. 2 de sporcu k\u0131z \u00f6\u011frencimiz var, onlar da K\u0131r \u00c7i\u00e7ekleri&#8217;nden gelen k\u0131zlar\u0131m\u0131z&#8221; dedi.<\/p>\n<p>Tak\u0131ma sporcu al\u0131rken ya\u015f grubuna bakt\u0131klar\u0131n\u0131 belirten Kurua\u011fa\u00e7, &#8220;E\u011fer 6-8 ya\u015flar\u0131ndaysa onlar i\u00e7in yeni ba\u015flayan grubu a\u00e7\u0131yoruz. Temel motorik \u00f6zelliklerini geli\u015ftirdikten sonra bu gruba dahil etmeye \u00e7al\u0131\u015f\u0131yoruz&#8221; diye konu\u015ftu. Kurua\u011fa\u00e7, sporcular 9-14 ya\u015f aral\u0131\u011f\u0131nda oldu\u011funda ise yetene\u011fe bakt\u0131klar\u0131n\u0131 s\u00f6zlerine ekledi. Ama\u00e7lar\u0131ndan da s\u00f6z eden Kurua\u011fa\u00e7, &#8220;Spordan daha ziyade ilk olarak etik de\u011ferleri geli\u015ftirmek, sayg\u0131l\u0131, ahlakl\u0131 bireyler yeti\u015ftirmek istiyoruz. \u00c7\u00fcnk\u00fc bak\u0131\u015f a\u00e7\u0131m\u0131z ba\u015far\u0131 odakl\u0131 oldu\u011fu i\u00e7in etik ahlaklar\u0131m\u0131z biraz daha y\u00fcksek oldu\u011funda ba\u015far\u0131n\u0131n gelece\u011fine inan\u0131yoruz&#8221; ifadelerine yer verdi.<\/p>\n<p>Aren Mert, Rafael Nadal&#8217;\u0131n izinden gidiyor<\/p>\n<p>B\u00fcy\u00fck\u015fehir&#8217;in minik sporcular\u0131 kat\u0131ld\u0131klar\u0131 son turnuvadan da kente kupa getirdi. T\u00fcrkiye Tenis Federasyonu&#8217;nun Gaziantep&#8217;te d\u00fczenledi\u011fi 19 May\u0131s Gen\u00e7lik Haftas\u0131 12 Ya\u015f Turnuvas\u0131&#8217;na kat\u0131lan Aren Mert \u00c7ay \u015fampiyon oldu. Rafael Nadal&#8217;\u0131 kendisine idol ald\u0131\u011f\u0131n\u0131 belirten 10 ya\u015f\u0131ndaki Aren Mert \u00c7ay, &#8220;\u0130yi bir deneyimdi. Tenis oynarken \u00e7ok mutluyum. Bana g\u00f6re buras\u0131 \u00e7ok g\u00fczel. Eski oynad\u0131\u011f\u0131m yerde b\u00f6yle \u015feyler olmuyordu. Arkada\u015flar\u0131m iyi ve bence iyi bir e\u011fitim al\u0131yorum&#8221; dedi.<\/p>\n<p>Arman ve Emir tak\u0131m olarak kente \u015fampiyonluk getirdi<\/p>\n<p>Gaziantep&#8217;teki turnuvada finalist olan ve \u00e7iftler kategorisinde \u015fampiyonlu\u011fu alan 10 ya\u015f\u0131ndaki Arman R\u00fczgar Durudirek, &#8220;G\u00fczel deneyimler elde ettik. Teklerde finalist oldum, \u00e7iftlerde birinci. \u00d6ncelikle \u00e7iftlerde arkada\u015f\u0131m Emir&#8217;le daha iyi ileti\u015fim kurmay\u0131 \u00f6\u011frendim. Teklerde de \u00f6nde oldu\u011fumda o skoru korumay\u0131 \u00f6\u011frendim. Zaten hocalar\u0131m\u0131z da analiz yap\u0131yor. Tenis g\u00fczel bir spor dal\u0131. Her \u015fey gerektiriyor, i\u00e7inde matematik de var ve mutluyum&#8221; diye konu\u015ftu.<\/p>\n<p>Gaziantep&#8217;teki turnuvada Arman R\u00fczgar&#8217;la birlikte \u00e7iftler kategorisinde \u015fampiyon olan 11 ya\u015f\u0131ndaki Emir Ekiz, &#8220;Bir tane birincilik kupas\u0131yla d\u00f6nd\u00fcm. Onun d\u0131\u015f\u0131nda \u00e7iftlerde birincilik ile bir de madalya kazand\u0131m. Ben tenis oynad\u0131\u011f\u0131m zaman her \u015feyi unutuyorum. Arkada\u015f\u0131mla beraber oynay\u0131nca daha da e\u011fleniyorum&#8221; dedi.<\/p>\n<p>Defne, birincili\u011fi Adana&#8217;dan getirdi<\/p>\n<p>10 ya\u015f\u0131ndaki Defne \u00d6zkan ise Gaziantep&#8217;teki turnuvayla ilgili Ba\u015fkan Vahap Se\u00e7er&#8217;in sosyal medyada kendisi ve arkada\u015flar\u0131yla birlikte payla\u015ft\u0131\u011f\u0131 foto\u011fraf\u0131n kendisini mutlu etti\u011fini belirterek, &#8220;Arkada\u015flar\u0131mla birlikte \u00e7ok gururland\u0131k. Vahap Ba\u015fkan&#8217;a da bizi \u00e7a\u011f\u0131rd\u0131\u011f\u0131 i\u00e7in te\u015fekk\u00fcr ediyorum. G\u00fczel bir foto\u011fraft\u0131. Onu evde de an\u0131 olarak sakl\u0131yorum. Buradan mutluyum, hocalar\u0131m\u0131 ve tenis oynamay\u0131 \u00e7ok seviyorum&#8221; dedi. T\u00fcrkiye Tenis Federasyonu&#8217;nun Adana&#8217;da d\u00fczenledi\u011fi 12 Ya\u015f Haftasonu Tenis Turnuvas\u0131&#8217;nda grubunun birincisi olan \u00d6zkan, Gaziantep&#8217;teki turnuvadan da bahsederek, &#8220;Arkada\u015flar\u0131mla birlikte tecr\u00fcbe kazand\u0131m. Mersin&#8217;e birinci d\u00f6nemedim ama yine de g\u00fczeldi. Adana&#8217;daki grubumda birinci oldum. O benim i\u00e7in daha g\u00fczeldi, daha \u00e7ok e\u011flendim.  Her turnuvada bir tecr\u00fcbe kazan\u0131yorum&#8221;  ifadelerine yer verdi.<\/p>\n","protected":false},"excerpt":{"rendered":"<p>Mersin B\u00fcy\u00fck\u015fehir Belediyesi Gen\u00e7lik ve Spor Hizmetleri Dairesi&#8217;nin Gen\u00e7lik ve Spor Kul\u00fcb\u00fc (MSK) b\u00fcnyesinde 2 y\u0131l \u00f6nce kurulan Tenis Tak\u0131m\u0131&#8217;nda antrenmanlar son h\u0131zla s\u00fcr\u00fcyor. 25&#8217;i lisansl\u0131 olmak \u00fczere yakla\u015f\u0131k 30 &hellip; <a href=\"https:\/\/akdenizolaygazetesi.com\/?p=19250\" class=\"more-link\">Devam\u0131n\u0131 Oku&#8230;<\/a><\/p>\n","protected":false},"author":2,"featured_media":19251,"comment_status":"open","ping_status":"open","sticky":false,"template":"","format":"standard","meta":[],"categories":[3,10],"tags":[],"_links":{"self":[{"href":"https:\/\/akdenizolaygazetesi.com\/index.php?rest_route=\/wp\/v2\/posts\/19250"}],"collection":[{"href":"https:\/\/akdenizolaygazetesi.com\/index.php?rest_route=\/wp\/v2\/posts"}],"about":[{"href":"https:\/\/akdenizolaygazetesi.com\/index.php?rest_route=\/wp\/v2\/types\/post"}],"author":[{"embeddable":true,"href":"https:\/\/akdenizolaygazetesi.com\/index.php?rest_route=\/wp\/v2\/users\/2"}],"replies":[{"embeddable":true,"href":"https:\/\/akdenizolaygazetesi.com\/index.php?rest_route=%2Fwp%2Fv2%2Fcomments&post=19250"}],"version-history":[{"count":1,"href":"https:\/\/akdenizolaygazetesi.com\/index.php?rest_route=\/wp\/v2\/posts\/19250\/revisions"}],"predecessor-version":[{"id":19252,"href":"https:\/\/akdenizolaygazetesi.com\/index.php?rest_route=\/wp\/v2\/posts\/19250\/revisions\/19252"}],"wp:featuredmedia":[{"embeddable":true,"href":"https:\/\/akdenizolaygazetesi.com\/index.php?rest_route=\/wp\/v2\/media\/19251"}],"wp:attachment":[{"href":"https:\/\/akdenizolaygazetesi.com\/index.php?rest_route=%2Fwp%2Fv2%2Fmedia&parent=19250"}],"wp:term":[{"taxonomy":"category","embeddable":true,"href":"https:\/\/akdenizolaygazetesi.com\/index.php?rest_route=%2Fwp%2Fv2%2Fcategories&post=19250"},{"taxonomy":"post_tag","embeddable":true,"href":"https:\/\/akdenizolaygazetesi.com\/index.php?rest_route=%2Fwp%2Fv2%2Ftags&post=19250"}],"curies":[{"name":"wp","href":"https:\/\/api.w.org\/{rel}","templated":true}]}}