{"id":19259,"date":"2022-06-13T13:54:21","date_gmt":"2022-06-13T10:54:21","guid":{"rendered":"http:\/\/akdenizolaygazetesi.com\/?p=19259"},"modified":"2022-06-13T13:54:21","modified_gmt":"2022-06-13T10:54:21","slug":"toroslarda-cop-konteynerleri-dezenfekte-ediliyor","status":"publish","type":"post","link":"https:\/\/akdenizolaygazetesi.com\/?p=19259","title":{"rendered":"TOROSLAR&#8217;DA \u00c7\u00d6P KONTEYNERLER\u0130 DEZENFEKTE ED\u0130L\u0130YOR"},"content":{"rendered":"<p>Toroslar Belediyesi, daha temiz ve sa\u011fl\u0131kl\u0131 bir \u00e7evre i\u00e7in il\u00e7e genelindeki \u00e7\u00f6p konteynerlerini yerinde y\u0131kayarak dezenfekte ediyor.<\/p>\n<p>Belediye Temizlik \u0130\u015fleri M\u00fcd\u00fcrl\u00fc\u011f\u00fc ekiplerince belirli periyotlarla yap\u0131lan \u00e7al\u0131\u015fmada; mahallelerdeki konteynerler, dezenfektan arac\u0131nda bol k\u00f6p\u00fckl\u00fc su ile y\u0131kan\u0131yor.<\/p>\n<p>\u00d6zellikle yaz aylar\u0131n\u0131n gelmesiyle birlikte art\u0131r\u0131lan dezenfekte \u00e7al\u0131\u015fmalar\u0131yla \u00e7\u00f6p konteynerlerinde k\u00f6t\u00fc koku, bakteri, sinek, ha\u015fere ve larva olu\u015fumunun \u00f6n\u00fcne ge\u00e7ilmi\u015f oluyor. Hem merkezde hem yaylalarda y\u00fcr\u00fct\u00fclen \u00e7al\u0131\u015fma ile konteynerler, y\u0131kama ve dezenfeksiyon i\u015fleminin ard\u0131ndan ila\u00e7lan\u0131p steril hale getiriliyor.<\/p>\n<p>Belediye, dezenfekte ve bak\u0131m \u00e7al\u0131\u015fmas\u0131n\u0131n yan\u0131 s\u0131ra eskiyen ve y\u0131pranan \u00e7\u00f6p konteynerlerini de yenileriyle de\u011fi\u015ftiriyor.<\/p>\n<p>&#8220;PIRIL PIRIL B\u0130R TOROSLAR \u0130\u00c7\u0130N \u00c7ALI\u015eIYORUZ&#8221;<\/p>\n<p>Toroslar Belediye Ba\u015fkan\u0131 Ats\u0131z Af\u015f\u0131n Y\u0131lmaz, il\u00e7enin 67 mahallesinde temizlik ve hijyen \u00e7al\u0131\u015fmalar\u0131n\u0131 planl\u0131 bir \u015fekilde s\u00fcrd\u00fcrd\u00fcklerini s\u00f6yledi.<\/p>\n<p>\u00c7\u00f6p konteyneri dezenfekte i\u015fleminin insan sa\u011fl\u0131\u011f\u0131 kadar \u00e7evre i\u00e7in de \u00f6nemli oldu\u011funa dikkat \u00e7eken Ba\u015fkan Y\u0131lmaz; &#8220;\u0130l\u00e7emizde temizlik ile ilgili her konuyu en h\u0131zl\u0131 \u015fekilde yerine getirmeye \u00e7al\u0131\u015f\u0131yoruz. Amac\u0131m\u0131z, hem\u015fehrilerimizin daha hijyenik ve sa\u011fl\u0131kl\u0131 bir ortamda ya\u015famlar\u0131n\u0131 s\u00fcrd\u00fcrmeleridir. Ekiplerimiz, gece g\u00fcnd\u00fcz demeden g\u00fcn\u00fcn 24 saati sokaklar\u0131m\u0131zda temizlik faaliyetlerini aral\u0131ks\u0131z s\u00fcrd\u00fcr\u00fcyor&#8221; ifadelerini kulland\u0131.<\/p>\n","protected":false},"excerpt":{"rendered":"<p>Toroslar Belediyesi, daha temiz ve sa\u011fl\u0131kl\u0131 bir \u00e7evre i\u00e7in il\u00e7e genelindeki \u00e7\u00f6p konteynerlerini yerinde y\u0131kayarak dezenfekte ediyor. Belediye Temizlik \u0130\u015fleri M\u00fcd\u00fcrl\u00fc\u011f\u00fc ekiplerince belirli periyotlarla yap\u0131lan \u00e7al\u0131\u015fmada; mahallelerdeki konteynerler, dezenfektan arac\u0131nda &hellip; <a href=\"https:\/\/akdenizolaygazetesi.com\/?p=19259\" class=\"more-link\">Devam\u0131n\u0131 Oku&#8230;<\/a><\/p>\n","protected":false},"author":2,"featured_media":19260,"comment_status":"open","ping_status":"open","sticky":false,"template":"","format":"standard","meta":[],"categories":[2,3],"tags":[],"_links":{"self":[{"href":"https:\/\/akdenizolaygazetesi.com\/index.php?rest_route=\/wp\/v2\/posts\/19259"}],"collection":[{"href":"https:\/\/akdenizolaygazetesi.com\/index.php?rest_route=\/wp\/v2\/posts"}],"about":[{"href":"https:\/\/akdenizolaygazetesi.com\/index.php?rest_route=\/wp\/v2\/types\/post"}],"author":[{"embeddable":true,"href":"https:\/\/akdenizolaygazetesi.com\/index.php?rest_route=\/wp\/v2\/users\/2"}],"replies":[{"embeddable":true,"href":"https:\/\/akdenizolaygazetesi.com\/index.php?rest_route=%2Fwp%2Fv2%2Fcomments&post=19259"}],"version-history":[{"count":1,"href":"https:\/\/akdenizolaygazetesi.com\/index.php?rest_route=\/wp\/v2\/posts\/19259\/revisions"}],"predecessor-version":[{"id":19261,"href":"https:\/\/akdenizolaygazetesi.com\/index.php?rest_route=\/wp\/v2\/posts\/19259\/revisions\/19261"}],"wp:featuredmedia":[{"embeddable":true,"href":"https:\/\/akdenizolaygazetesi.com\/index.php?rest_route=\/wp\/v2\/media\/19260"}],"wp:attachment":[{"href":"https:\/\/akdenizolaygazetesi.com\/index.php?rest_route=%2Fwp%2Fv2%2Fmedia&parent=19259"}],"wp:term":[{"taxonomy":"category","embeddable":true,"href":"https:\/\/akdenizolaygazetesi.com\/index.php?rest_route=%2Fwp%2Fv2%2Fcategories&post=19259"},{"taxonomy":"post_tag","embeddable":true,"href":"https:\/\/akdenizolaygazetesi.com\/index.php?rest_route=%2Fwp%2Fv2%2Ftags&post=19259"}],"curies":[{"name":"wp","href":"https:\/\/api.w.org\/{rel}","templated":true}]}}