{"id":1926,"date":"2020-11-04T18:22:28","date_gmt":"2020-11-04T15:22:28","guid":{"rendered":"http:\/\/mersinekonomipolitikagazetesi.com\/?p=1926"},"modified":"2020-11-04T18:22:28","modified_gmt":"2020-11-04T15:22:28","slug":"mtosbde-sanayicilere-vergi-sistemi-anlatildi","status":"publish","type":"post","link":"https:\/\/akdenizolaygazetesi.com\/?p=1926","title":{"rendered":"MTOSB&#8217;de sanayicilere vergi sistemi anlat\u0131ld\u0131"},"content":{"rendered":"<p>Mersin Tarsus Organize Sanayi B\u00f6lgesi sanayicilerine vergilendirmeye ili\u015fkin g\u00fcncel mevzuat de\u011fi\u015fikli\u011fi anlat\u0131ld\u0131.<\/p>\n<blockquote style=\"color: rgb(34, 34, 34); font-family: arial, sans-serif; font-size: 12.8px; font-style: normal; line-height: normal;\" type=\"cite\">\n<div dir=\"ltr\">\n<p class=\"m_5091608162245229730gmail-m_6530308879301926357x_MsoNormal\" style=\"margin: 0cm 0cm 10pt; line-height: 16.8667px; font-size: 11pt; font-family: Calibri, sans-serif;\"><span style=\"font-size:16px;\">MTOSB Konferans Salonu&#8217;nda ger\u00e7ekle\u015ftirilen sanayici bilgilendirme toplant\u0131s\u0131na Mersin Vergi Dairesi Ba\u015fkan\u0131 Adem G\u00fcng\u00f6r, MTOSB Ba\u015fkan\u0131 Sabri Tekli, Vergi Dairesi Grup M\u00fcd\u00fcrleri Bekir Yi\u011fit, Tamer Y\u0131ld\u0131z ve \u00e7ok say\u0131da sanayici kat\u0131ld\u0131. Vergilendirmeye ili\u015fkin genel mevzuat de\u011fi\u015fikli\u011fi ile ilgili sanayicileri bilgilendiren Mersin Vergi Dairesi Ba\u015fkan\u0131 G\u00fcng\u00f6r, sanayicilerin sorular\u0131n\u0131 yan\u0131tlad\u0131.<\/span><\/p>\n<p class=\"m_5091608162245229730gmail-m_6530308879301926357x_MsoNormal\" style=\"margin: 0cm 0cm 10pt; line-height: 16.8667px; font-size: 11pt; font-family: Calibri, sans-serif;\">\u00a0<\/p>\n<p class=\"m_5091608162245229730gmail-m_6530308879301926357x_MsoNormal\" style=\"margin: 0cm 0cm 10pt; line-height: 16.8667px; font-size: 11pt; font-family: Calibri, sans-serif;\"><span style=\"font-size:16px;\">Vergi Dairesinin b\u00f6lgede \u00f6nemli bir yeri oldu\u011funun alt\u0131n\u0131 \u00e7izerek toplant\u0131n\u0131n a\u00e7\u0131l\u0131\u015f konu\u015fmas\u0131n\u0131 yapan MTOSB Ba\u015fkan\u0131 Sabri Tekli, &#8216;\u015euanda T\u00fcrkiye&#8217;de d\u00fczenli vergi \u00f6deyen iller aras\u0131nda 2. s\u0131rada yer al\u0131yoruz ama, 3. Organize Sanayi B\u00f6lgesi faaliyete ge\u00e7tikten sonra s\u0131ralamada Bursa&#8217;y\u0131 ge\u00e7ece\u011fimizi d\u00fc\u015f\u00fcn\u00fcyorum. Mersin&#8217;de kurulan OSB&#8217;ler Mersin&#8217;i vergi s\u0131ralamas\u0131 kapsam\u0131nda T\u00fcrkiye&#8217;nin ilk 5&#8217;ine alacaklar&#8217; dedi.<\/span><\/p>\n<p class=\"m_5091608162245229730gmail-m_6530308879301926357x_MsoNormal\" style=\"margin: 0cm 0cm 10pt; line-height: 16.8667px; font-size: 11pt; font-family: Calibri, sans-serif;\">\u00a0<\/p>\n<p class=\"m_5091608162245229730gmail-m_6530308879301926357x_MsoNormal\" style=\"margin: 0cm 0cm 10pt; line-height: 16.8667px; font-size: 11pt; font-family: Calibri, sans-serif;\"><span style=\"font-size:16px;\">Mersin&#8217;in T\u00fcrkiye&#8217;nin en b\u00fcy\u00fck 6. ekonomisine sahip oldu\u011funu belirten Mersin Vergi Dairesi Ba\u015fkan\u0131 Adem G\u00fcng\u00f6r ise,&#8217; Mersin T\u00fcrkiye ekonomisinde 6. s\u0131rada yer al\u0131yor fakat tahakkuk b\u00fcy\u00fckl\u00fc\u011f\u00fc \u00e7ok \u00f6nemli de\u011fil, as\u0131l \u00f6nemli olan tahakkuk eden verginin tahsilat\u0131d\u0131r. Tahsil edemedi\u011fimiz bir verginin milyarlarca lira tahakkuk vermesinin \u00e7ok bir \u00f6nemi yoktur. Bu anlamda Mersin ve siz de\u011ferli sanayicilerimiz vergi \u00f6deme al\u0131\u015fkanl\u0131\u011f\u0131n\u0131zdan dolay\u0131 te\u015fekk\u00fcr\u00fc hak ediyorsunuz. Bu anlamda vergisini zaman\u0131nda \u00f6deyen t\u00fcm m\u00fckelleflerimize te\u015fekk\u00fcr ediyoruz. Mersin Vergi Dairesi Ba\u015fkanl\u0131\u011f\u0131 tahsilat oran\u0131 noktas\u0131nda T\u00fcrkiye&#8217;de vergi dairesi ba\u015fkanl\u0131klar\u0131 aras\u0131nda Kocaeli&#8217;den sonra 2. s\u0131rada yer al\u0131yor. T\u00fcrkiye genelinde ise 3. s\u0131rada yer al\u0131yor&#8217; dedi.<\/span><\/p>\n<p class=\"m_5091608162245229730gmail-m_6530308879301926357x_MsoNormal\" style=\"margin: 0cm 0cm 10pt; line-height: 16.8667px; font-size: 11pt; font-family: Calibri, sans-serif;\">\u00a0<\/p>\n<p class=\"m_5091608162245229730gmail-m_6530308879301926357x_MsoNormal\" style=\"margin: 0cm 0cm 10pt; line-height: 16.8667px; font-size: 11pt; font-family: Calibri, sans-serif;\"><span style=\"font-size:16px;\">48\/A Maddesi<\/span><\/p>\n<p class=\"m_5091608162245229730gmail-m_6530308879301926357x_MsoNormal\" style=\"margin: 0cm 0cm 10pt; line-height: 16.8667px; font-size: 11pt; font-family: Calibri, sans-serif;\">\u00a0<\/p>\n<p class=\"m_5091608162245229730gmail-m_6530308879301926357x_MsoNormal\" style=\"margin: 0cm 0cm 10pt; line-height: 16.8667px; font-size: 11pt; font-family: Calibri, sans-serif;\"><span style=\"font-size:16px;\">Sanayicilere yeni vergi sistemi kapsam\u0131nda bilgiler aktaran G\u00fcng\u00f6r, &#8216; 18 May\u0131s 2017 tarihli ve 7020 say\u0131l\u0131 kanunun 7. maddesiyle 6183 say\u0131l\u0131 kanuna vergiye uyumlu m\u00fckelleflerin bor\u00e7lar\u0131n\u0131n tecili ba\u015fl\u0131kl\u0131 48\/A maddesi eklenmi\u015ftir. Madde 1 Ocak 2018 tarihinden itibaren vadesi gelen alacaklara uygulanmak \u00fczere y\u00fcr\u00fcrl\u00fc\u011fe girmi\u015ftir. 48\/A maddesi ile vergisel y\u00fck\u00fcml\u00fcl\u00fcklerini yerine getirmi\u015f ancak, \u00f6ng\u00f6r\u00fclmeyen nedenlerle son bir y\u0131l i\u00e7inde bor\u00e7lar\u0131n\u0131 \u00f6deyememi\u015f vergi m\u00fckelleflerinin daha uygun \u015fartlarda bor\u00e7lar\u0131n\u0131 taksitlendirerek \u00f6deyebilmelerine imkan sa\u011flanmas\u0131 ama\u00e7lanm\u0131\u015ft\u0131r. Kanun h\u00fckm\u00fcne g\u00f6re, m\u00fckelleflerin 48\/A maddesinden yararlanabilmesi i\u00e7in ticari, zirai veya mesleki faaliyetleri nedeniyle &#8216;aral\u0131ks\u0131z en az 3 y\u0131l s\u00fcreyle&#8217; gelir veya kurumlar vergisi m\u00fckellefiyetinin olmas\u0131, son 3 y\u0131la ait &#8216;t\u00fcm vergi beyannamelerinin&#8217; s\u00fcresinde verilmi\u015f olmas\u0131, &#8216;vadesi 1 y\u0131l\u0131 ge\u00e7memi\u015f borcunun&#8217; bor\u00e7 \u00f6demede h\u00fcsn\u00fcniyet sahibi olmas\u0131na ra\u011fmen \u00f6denememi\u015f olmas\u0131 \u015fartt\u0131r&#8217; dedi.<\/span><\/p>\n<p class=\"m_5091608162245229730gmail-m_6530308879301926357x_MsoNormal\" style=\"margin: 0cm 0cm 10pt; line-height: 16.8667px; font-size: 11pt; font-family: Calibri, sans-serif;\">\u00a0<\/p>\n<p class=\"m_5091608162245229730gmail-m_6530308879301926357x_MsoNormal\" style=\"margin: 0cm 0cm 10pt; line-height: 16.8667px; font-size: 11pt; font-family: Calibri, sans-serif;\"><span style=\"font-size:16px;\">\u0130nteraktif Vergi Dairesi<\/span><\/p>\n<p class=\"m_5091608162245229730gmail-m_6530308879301926357x_MsoNormal\" style=\"margin: 0cm 0cm 10pt; line-height: 16.8667px; font-size: 11pt; font-family: Calibri, sans-serif;\">\u00a0<\/p>\n<p class=\"m_5091608162245229730gmail-m_6530308879301926357x_MsoNormal\" style=\"margin: 0cm 0cm 10pt; line-height: 16.8667px; font-size: 11pt; font-family: Calibri, sans-serif;\"><span style=\"font-size:16px;\">\u0130nteraktif Vergi Dairesi&#8217;nden kimlerin yararlanabilece\u011fine dair bilgiler veren G\u00fcng\u00f6r, &#8216; 213 say\u0131l\u0131 Vergi Usul Kanununun m\u00fckerrer 257. maddesinin birinci f\u0131kras\u0131n\u0131n 4 numaral\u0131 bendine dayan\u0131larak, 492 s\u0131ra nolu Vergi Usul Kanununu Genel Tebli\u011f kapsam\u0131nda olu\u015fturulan interaktif vergi dairesi 28 \u015eubat 2018 tarihi itibariyle a\u00e7\u0131ld\u0131. \u0130nteraktif Vergi Dairesi hizmetlerinden\u00a0<a data-saferedirecturl=\"https:\/\/www.google.com\/url?hl=tr&amp;q=http:\/\/ivd.gib.gov.tr\/&amp;source=gmail&amp;ust=1525878427937000&amp;usg=AFQjCNGyo7axpFsIaauzah5OPHkSJVQhxQ\" href=\"http:\/\/ivd.gib.gov.tr\/\" style=\"color: rgb(17, 85, 204);\" target=\"_blank\" rel=\"noopener noreferrer\">ivd.gib.gov.tr<\/a>\u00a0<wbr \/>adresinden halihaz\u0131rda \u0130nternet Vergi Dairesi \u015fifresi olan E-Devlet \u015eifresi bulunan, 402 s\u0131ra nolu Vergi Usul Kanunu&#8217;nun Genel Tebli\u011f kapsam\u0131nda \u015fifre edinen ger\u00e7ek t\u00fczel ki\u015filer yararlanabilecektir. \u0130nteraktif Vergi Dairesi \u00fczerinden ki\u015filer; sicil bilgilerine, bor\u00e7 bilgilerine, elektronik ortamda verdikleri bildirim, beyanname ile bu beyannamelere ili\u015fkin tahakkuklara, emanet defterine kaydedilen tutarlara, haklar\u0131nda yap\u0131lan elektronik yoklamalara ili\u015fkin tutanaklara, elektronik hacizleri bilgilerine, e- Tebligatlar\u0131na, vergi ceza ihbarnamelerine ula\u015fabileceklerdir. Ayr\u0131ca; bor\u00e7 \u00f6deme, e-Tebligat sistemine dahil olmak i\u00e7in talepte bulunma, vergi cezalar\u0131nda indirim talebinde bulunma, uzla\u015fma talebinde bulunma, m\u00fckellefiyet durum yaz\u0131s\u0131 alma, bor\u00e7 durum yaz\u0131s\u0131 talebinde bulunma, \u00f6zelge talebinde bulunma, ger\u00e7ek ki\u015filerde i\u015fe ba\u015flama,\u00a0\u00a0adres de\u011fi\u015fikli\u011fi bildiriminde bulunma, ger\u00e7ek ki\u015filerde \u015fube a\u00e7\u0131l\u0131\u015f bildiriminde bulunma, ger\u00e7ek ki\u015filerde i\u015fi b\u0131rakma bildiriminde bulunma, izahat davet m\u00fcessesi kapsam\u0131nda izahta bulunma, 6183 say\u0131l\u0131 amme alacaklar\u0131n\u0131n tahsil usul\u00fc hakk\u0131nda kanunun 48. maddesi kapsam\u0131nda tecil talebinde bulunma, genel dilek\u00e7e verme i\u015flemleri ger\u00e7ekle\u015ftirilebilecektir&#8217; dedi.<\/span><\/p>\n<p class=\"m_5091608162245229730gmail-m_6530308879301926357x_MsoNormal\" style=\"margin: 0cm 0cm 10pt; line-height: 16.8667px; font-size: 11pt; font-family: Calibri, sans-serif;\">\u00a0<\/p>\n<p class=\"m_5091608162245229730gmail-m_6530308879301926357x_MsoNormal\" style=\"margin: 0cm 0cm 10pt; line-height: 16.8667px; font-size: 11pt; font-family: Calibri, sans-serif;\"><span style=\"font-size:16px;\">Vergi ve di\u011fer alacaklar\u0131n yeniden yap\u0131land\u0131r\u0131lmas\u0131 ile baz\u0131 kanunlarda de\u011fi\u015fiklik yap\u0131lmas\u0131na ili\u015fkin kanun hakk\u0131nda bilgiler veren G\u00fcng\u00f6r, &#8216;Bu kanun,\u00a0\u00a0kesinle\u015fmi\u015f alacaklar, kesinle\u015fmemi\u015f veya dava s\u00fcrecinde bulunan alacaklar, inceleme ve tarhiyat s\u00fcrecinde bulunan i\u015flemler, matrah ve vergi art\u0131r\u0131m\u0131, i\u015fletme kay\u0131tlar\u0131n\u0131n d\u00fczeltilmesi, kesinle\u015fmi\u015f sosyal g\u00fcvenlik kurumu alacaklar\u0131, \u00f6n de\u011ferlendirme, ara\u015ft\u0131rma veya tespit a\u015famalar\u0131nda olan eksik i\u015f\u00e7ilik prim tutarlar\u0131 ile kesinle\u015fmemi\u015f idari para cezalar\u0131n\u0131 i\u00e7eriyor&#8217; dedi.<\/span><\/p>\n<\/div>\n<\/blockquote>\n","protected":false},"excerpt":{"rendered":"<p>Mersin Tarsus Organize Sanayi B\u00f6lgesi sanayicilerine vergilendirmeye ili\u015fkin g\u00fcncel mevzuat de\u011fi\u015fikli\u011fi anlat\u0131ld\u0131. MTOSB Konferans Salonu&#8217;nda ger\u00e7ekle\u015ftirilen sanayici bilgilendirme toplant\u0131s\u0131na Mersin Vergi Dairesi Ba\u015fkan\u0131 Adem G\u00fcng\u00f6r, MTOSB Ba\u015fkan\u0131 Sabri Tekli, Vergi &hellip; <a href=\"https:\/\/akdenizolaygazetesi.com\/?p=1926\" class=\"more-link\">Devam\u0131n\u0131 Oku&#8230;<\/a><\/p>\n","protected":false},"author":1,"featured_media":0,"comment_status":"open","ping_status":"open","sticky":false,"template":"","format":"standard","meta":[],"categories":[],"tags":[],"_links":{"self":[{"href":"https:\/\/akdenizolaygazetesi.com\/index.php?rest_route=\/wp\/v2\/posts\/1926"}],"collection":[{"href":"https:\/\/akdenizolaygazetesi.com\/index.php?rest_route=\/wp\/v2\/posts"}],"about":[{"href":"https:\/\/akdenizolaygazetesi.com\/index.php?rest_route=\/wp\/v2\/types\/post"}],"author":[{"embeddable":true,"href":"https:\/\/akdenizolaygazetesi.com\/index.php?rest_route=\/wp\/v2\/users\/1"}],"replies":[{"embeddable":true,"href":"https:\/\/akdenizolaygazetesi.com\/index.php?rest_route=%2Fwp%2Fv2%2Fcomments&post=1926"}],"version-history":[{"count":0,"href":"https:\/\/akdenizolaygazetesi.com\/index.php?rest_route=\/wp\/v2\/posts\/1926\/revisions"}],"wp:attachment":[{"href":"https:\/\/akdenizolaygazetesi.com\/index.php?rest_route=%2Fwp%2Fv2%2Fmedia&parent=1926"}],"wp:term":[{"taxonomy":"category","embeddable":true,"href":"https:\/\/akdenizolaygazetesi.com\/index.php?rest_route=%2Fwp%2Fv2%2Fcategories&post=1926"},{"taxonomy":"post_tag","embeddable":true,"href":"https:\/\/akdenizolaygazetesi.com\/index.php?rest_route=%2Fwp%2Fv2%2Ftags&post=1926"}],"curies":[{"name":"wp","href":"https:\/\/api.w.org\/{rel}","templated":true}]}}