{"id":19265,"date":"2022-06-13T13:57:14","date_gmt":"2022-06-13T10:57:14","guid":{"rendered":"http:\/\/akdenizolaygazetesi.com\/?p=19265"},"modified":"2022-06-13T13:57:14","modified_gmt":"2022-06-13T10:57:14","slug":"yenisehir-belediyesi-ses-yarismasinin-kazanani-belli-oldu","status":"publish","type":"post","link":"https:\/\/akdenizolaygazetesi.com\/?p=19265","title":{"rendered":"Yeni\u015fehir Belediyesi Ses Yar\u0131\u015fmas\u0131\u2019n\u0131n kazanan\u0131 belli oldu"},"content":{"rendered":"<p>Mersin Yeni\u015fehir Belediyesi taraf\u0131ndan kentte sanatsal hareketlilik sa\u011flamak ve amat\u00f6r sanat\u00e7\u0131lara destek vermek amac\u0131yla d\u00fczenlenen Yeni\u015fehir Belediyesi Ses Yar\u0131\u015fmas\u0131\u2019n\u0131n finali yap\u0131ld\u0131. \u00d6n elemede en y\u00fcksek oyu alan 12 yar\u0131\u015fmac\u0131n\u0131n sahne ald\u0131\u011f\u0131 yar\u0131\u015fman\u0131n finalinde,26 ya\u015f\u0131ndaki Yaren \u00d6zcan halk oylamas\u0131 sonucunda birinci oldu.<br \/>\n\u201cM\u00fczi\u011fin Yeni \u015eehri\u201d ve \u201cYeni Sahne Seni Bekliyor!\u201d slogan\u0131yla Yeni\u015fehir Belediyesi taraf\u0131ndan d\u00fczenlenen ses yar\u0131\u015fmas\u0131n\u0131n finali Jolly Joker Marina\u2019da yap\u0131ld\u0131. Vatanda\u015flar\u0131n yo\u011fun ilgi g\u00f6sterdi\u011fi final konserinde halk oylamas\u0131yla yap\u0131lan \u00f6n elemede en y\u00fcksek oyu alan 12 yar\u0131\u015fmac\u0131 sahne ald\u0131. Dinleyicileri mest eden birbirinden g\u00fczel performanslar\u0131n sonunda yar\u0131 final halk oylamas\u0131 yap\u0131ld\u0131. Online olarak yar\u0131\u015fman\u0131n internet sitesi \u00fczerinden ger\u00e7ekle\u015fen yar\u0131 final oylamas\u0131n\u0131n sonucunda en y\u00fcksek oyu alan Yaren \u00d6zcan, Ahmet K\u00f6se ve G\u00f6khan Demir finale kald\u0131. Final oylamas\u0131 \u00f6ncesinde 3 yar\u0131\u015fmac\u0131 kentin yeni sesi olmak i\u00e7in bir kez daha sahne ald\u0131. Ard\u0131ndan yap\u0131lan final oylamas\u0131nda ise Yaren \u00d6zcan en y\u00fcksek oyu alarak, birinci se\u00e7ilirken Ahmet K\u00f6se ikinci, G\u00f6khan Demir ise \u00fc\u00e7\u00fcnc\u00fc oldu.<br \/>\nFinal konserini Yeni\u015fehir Belediye Ba\u015fkan\u0131 Abdullah \u00d6zyi\u011fit\u2019in yan\u0131 s\u0131ra CHP Mersin Milletvekili Cengiz G\u00f6k\u00e7el, CHP Yeni\u015fehir \u0130l\u00e7e Ba\u015fkan\u0131 Tayar Tahiro\u011flu, Yeni\u015fehir ve b\u00fcy\u00fck\u015fehir belediye meclis \u00fcyeleri, sivil toplum kurulu\u015flar\u0131n\u0131n ba\u015fkan ve temsilcileri ile 3 bini a\u015fk\u0131n vatanda\u015f izledi. Konser, Yeni\u015fehir Belediyesinin sosyal medya hesaplar\u0131ndan da canl\u0131 olarak yay\u0131nland\u0131.<br \/>\nDo\u011fa Bekleriz\u2019in sunumuyla ger\u00e7ekle\u015fen Yeni\u015fehir Belediyesi Ses Yar\u0131\u015fmas\u0131\u2019n\u0131n finalinde dereceye giren yar\u0131\u015fmac\u0131lar plaketlerini Yeni\u015fehir Belediye Ba\u015fkan\u0131 Abdullah \u00d6zyi\u011fit,  CHP Mersin Milletvekili Cengiz G\u00f6k\u00e7el ve CHP Yeni\u015fehir \u0130l\u00e7e Ba\u015fkan\u0131 Tayar Tahiro\u011flu\u2019nun elinden ald\u0131. Ba\u015fkan Abdullah \u00d6zyi\u011fit, yar\u0131\u015fman\u0131n se\u00e7ici kuruluna ve halk oylamas\u0131 yap\u0131l\u0131rken sahne alan sanat\u00e7\u0131 \u00dcmit Ya\u015far\u2019a katk\u0131lar\u0131ndan dolay\u0131 te\u015fekk\u00fcr plaketi verdi.<br \/>\nYeni\u015fehir Belediye Ba\u015fkan\u0131 Abdullah \u00d6zyi\u011fit, \u201cYar\u0131\u015fman\u0131n t\u00fcm kat\u0131l\u0131mc\u0131lar\u0131n\u0131 ve birinci olan Yaren\u2019i tebrik ediyoruz. Yar\u0131\u015fman\u0131n j\u00fcri \u00fcyeleri Ezgi Arman, Duygu Deniz Demirel ve Mami Keskin ile bug\u00fcn aram\u0131zda olan \u00dcmit Ya\u015far\u2019a, yar\u0131\u015fmaya kat\u0131lan ve emek veren herkese te\u015fekk\u00fcr ediyorum. Yar\u0131\u015fmam\u0131z\u0131n ilkini ger\u00e7ekle\u015ftirdik, halk\u0131m\u0131z\u0131n yo\u011fun bir ilgisi vard\u0131, hep birlikte e\u011flendik. Yeni sesler dinledik, onlar sahne deneyimi ya\u015fad\u0131lar. Yaren ve t\u00fcm yar\u0131\u015fmac\u0131lar\u0131m\u0131z\u0131n yan\u0131nda olaca\u011f\u0131z. Belki de bundan sonraki etkinliklerimizde de sahne alacaklar. Sanat\u0131n ve k\u00fclt\u00fcr\u00fcn ba\u015fkenti Yeni\u015fehir\u2019den herkese sevgilerimizi g\u00f6nderiyoruz.\u201d dedi. CHP Mersin Milletvekili Cengiz G\u00f6k\u00e7el ise \u201cBunda sonraki ya\u015fant\u0131lar\u0131nda t\u00fcm yar\u0131\u015fmac\u0131lara ba\u015far\u0131lar diliyorum, b\u00f6yle bir yar\u0131\u015fmay\u0131 d\u00fczenlemek, bu fikri ortaya \u00e7\u0131karmak \u00e7ok g\u00fczel. Asl\u0131nda yar\u0131\u015fman\u0131n birincisi Yeni\u015fehir Belediyesi. Yar\u0131\u015fmaya kat\u0131lan herkese te\u015fekk\u00fcr ediyorum.\u201d diye konu\u015ftu.<br \/>\nYar\u0131\u015fman\u0131n birincisi olarak se\u00e7ilmenin kendisi i\u00e7in b\u00fcy\u00fck bir gurur oldu\u011funu ifade eden Yaren \u00d6zcan da \u201cBen Mersinliyim, b\u00f6yle g\u00fczel bir etkinli\u011fin birincisi olmak \u00e7ok heyecan verici. Bize bu olana\u011f\u0131 sa\u011flad\u0131\u011f\u0131 i\u00e7in Yeni\u015fehir Belediye Ba\u015fkan\u0131m\u0131z Abdullah \u00d6zyi\u011fit\u2019e te\u015fekk\u00fcr ediyorum, t\u00fcm yar\u0131\u015fmac\u0131 arkada\u015flar\u0131m\u0131z harikayd\u0131. Oy veren t\u00fcm hem\u015fehrilerime te\u015fekk\u00fcr ediyorum. Benim i\u00e7in b\u00fcy\u00fck bir gurur.\u201d ifadelerini kulland\u0131. <\/p>\n","protected":false},"excerpt":{"rendered":"<p>Mersin Yeni\u015fehir Belediyesi taraf\u0131ndan kentte sanatsal hareketlilik sa\u011flamak ve amat\u00f6r sanat\u00e7\u0131lara destek vermek amac\u0131yla d\u00fczenlenen Yeni\u015fehir Belediyesi Ses Yar\u0131\u015fmas\u0131\u2019n\u0131n finali yap\u0131ld\u0131. \u00d6n elemede en y\u00fcksek oyu alan 12 yar\u0131\u015fmac\u0131n\u0131n sahne &hellip; <a href=\"https:\/\/akdenizolaygazetesi.com\/?p=19265\" class=\"more-link\">Devam\u0131n\u0131 Oku&#8230;<\/a><\/p>\n","protected":false},"author":2,"featured_media":19266,"comment_status":"open","ping_status":"open","sticky":false,"template":"","format":"standard","meta":[],"categories":[2,3,5],"tags":[],"_links":{"self":[{"href":"https:\/\/akdenizolaygazetesi.com\/index.php?rest_route=\/wp\/v2\/posts\/19265"}],"collection":[{"href":"https:\/\/akdenizolaygazetesi.com\/index.php?rest_route=\/wp\/v2\/posts"}],"about":[{"href":"https:\/\/akdenizolaygazetesi.com\/index.php?rest_route=\/wp\/v2\/types\/post"}],"author":[{"embeddable":true,"href":"https:\/\/akdenizolaygazetesi.com\/index.php?rest_route=\/wp\/v2\/users\/2"}],"replies":[{"embeddable":true,"href":"https:\/\/akdenizolaygazetesi.com\/index.php?rest_route=%2Fwp%2Fv2%2Fcomments&post=19265"}],"version-history":[{"count":1,"href":"https:\/\/akdenizolaygazetesi.com\/index.php?rest_route=\/wp\/v2\/posts\/19265\/revisions"}],"predecessor-version":[{"id":19267,"href":"https:\/\/akdenizolaygazetesi.com\/index.php?rest_route=\/wp\/v2\/posts\/19265\/revisions\/19267"}],"wp:featuredmedia":[{"embeddable":true,"href":"https:\/\/akdenizolaygazetesi.com\/index.php?rest_route=\/wp\/v2\/media\/19266"}],"wp:attachment":[{"href":"https:\/\/akdenizolaygazetesi.com\/index.php?rest_route=%2Fwp%2Fv2%2Fmedia&parent=19265"}],"wp:term":[{"taxonomy":"category","embeddable":true,"href":"https:\/\/akdenizolaygazetesi.com\/index.php?rest_route=%2Fwp%2Fv2%2Fcategories&post=19265"},{"taxonomy":"post_tag","embeddable":true,"href":"https:\/\/akdenizolaygazetesi.com\/index.php?rest_route=%2Fwp%2Fv2%2Ftags&post=19265"}],"curies":[{"name":"wp","href":"https:\/\/api.w.org\/{rel}","templated":true}]}}