{"id":19268,"date":"2022-06-13T13:58:25","date_gmt":"2022-06-13T10:58:25","guid":{"rendered":"http:\/\/akdenizolaygazetesi.com\/?p=19268"},"modified":"2022-06-13T13:58:25","modified_gmt":"2022-06-13T10:58:25","slug":"mersin-buyuksehir-sehit-aileleri-ve-gaziler-icin-gezi-programi-duzenledi","status":"publish","type":"post","link":"https:\/\/akdenizolaygazetesi.com\/?p=19268","title":{"rendered":"MERS\u0130N B\u00dcY\u00dcK\u015eEH\u0130R, \u015eEH\u0130T A\u0130LELER\u0130 VE GAZ\u0130LER \u0130\u00c7\u0130N GEZ\u0130 PROGRAMI D\u00dcZENLED\u0130"},"content":{"rendered":"<p>Mersin B\u00fcy\u00fck\u015fehir Belediyesi Sosyal Hizmetler Dairesi&#8217;ne ba\u011fl\u0131 \u015eehit Aileleri ve Gazi Hizmetleri \u015eube M\u00fcd\u00fcrl\u00fc\u011f\u00fc koordinesinde d\u00fczenlenen etkinlikte, \u015fehit aileleri ve gaziler bir araya geldi. Adana ve Mersin&#8217;den ailelerin kat\u0131ld\u0131\u011f\u0131 etkinlikte, Tarsus&#8217;taki \u015eehitlik ziyaretinin ard\u0131ndan il\u00e7edeki \u00f6nemli yerler gezildi.<br \/>\nAileler Tarsus&#8217;ta g\u00f6r\u00fclmeye de\u011fer bir\u00e7ok yeri gezdi<br \/>\nMersin B\u00fcy\u00fck\u015fehir Belediyesi, d\u00fczenledi\u011fi gezilerle ailelerin sosyalle\u015fmesini sa\u011fl\u0131yor. \u015eehit aileleri,  gaziler ve yak\u0131nlar\u0131 Tarsus&#8217;ta bir araya geldi. \u0130lk olarak Tarsus \u015eehitli\u011fi&#8217;nde \u015fehit mezarlar\u0131 ziyaret edildi ve Kur&#8217;an-\u0131 Kerim tilaveti yap\u0131ld\u0131. \u015eehitlik ziyaretinin ard\u0131ndan gezi program\u0131na ba\u015flayan misafirler Nusret May\u0131n Gemisi&#8217;ni g\u00f6rd\u00fc. Aileler kent turizminde \u00f6nemli bir yeri olan Eshab-\u0131 Kefh Ma\u011faras\u0131&#8217;n\u0131 gezdikten sonra, il\u00e7ede ziyaret\u00e7i ak\u0131n\u0131na u\u011frayan Tarsus \u015eelalesi&#8217;ne ge\u00e7ti. Son olarak Tarsus Do\u011fa Park\u0131&#8217;na giden aileler hem y\u00fcr\u00fcy\u00fc\u015f yapt\u0131 hem de onlarca can dostunu ziyaret etti.<br \/>\n&#8220;Birlik ve beraberli\u011fin sa\u011flanmas\u0131 ad\u0131na \u00e7ok m\u00fckemmel bir etkinlik&#8221;<br \/>\nT\u00fcrkiye Harp Malul\u00fc Gaziler \u015eehit Dul ve Yetimleri Derne\u011fi Mersin \u015eube Ba\u015fkan\u0131 Fatih Tuncer, ama\u00e7lar\u0131n\u0131n Adana ve Mersin&#8217;deki \u015fehit aileleri ile gaziler ve yak\u0131nlar\u0131n\u0131 bir araya getirmek oldu\u011funu ifade etti. Tuncer, &#8220;Bu etkinli\u011fin d\u00fczenlenmesinde eme\u011fi ge\u00e7en Mersin B\u00fcy\u00fck\u015fehir Belediye Ba\u015fkan\u0131 Vahap Se\u00e7er&#8217;e \u015f\u00fckranlar\u0131m\u0131z\u0131 sunuyoruz. Pandemi s\u00fcreci ya\u015fad\u0131k biliyorsunuz. Bu ataleti \u00fczerlerinden atmalar\u0131, ailelerimizin birlik, beraberli\u011finin sa\u011flanmas\u0131 ad\u0131na \u00e7ok m\u00fckemmel bir etkinlik oldu\u011funa inanc\u0131m tam&#8221; diye konu\u015ftu.<br \/>\n&#8220;Ailelerimiz \u00e7ok mutlular&#8221;<br \/>\nT\u00fcrkiye Harp Malul\u00fc Gaziler \u015eehit Dul ve Yetimleri Derne\u011fi Adana \u015eube Ba\u015fkan\u0131 Mehmet Ali Bak\u0131r, &#8220;Amac\u0131m\u0131z \u015fehit aileleri ve gazilerimizi kayna\u015ft\u0131rmakt\u0131. Buna da Mersin B\u00fcy\u00fck\u015fehir Belediye Ba\u015fkan\u0131m\u0131z vesile olmu\u015f oldu. Ona da ayr\u0131ca buradan te\u015fekk\u00fcr ediyoruz. Ailelerimiz \u00e7ok mutlular. \u00d6ncelikle duygusal bir \u015fey ya\u015fad\u0131k, ilk olarak \u015eehitli\u011fimizi ziyaret ettik. \u015eehitli\u011fimiz sonras\u0131nda Nusret May\u0131n Gemisi, ard\u0131ndan Eshab-\u0131 Kehf, daha sonras\u0131nda \u015eelale&#8217;de hem gezi ve yemek program\u0131 ard\u0131ndan da hayvanat bah\u00e7esini gezdik. Ailelerimiz \u00e7ocuklar\u0131yla beraber sevin\u00e7li ve Mersin \u015fubemizin \u00fcyeleriyle kayna\u015fmaya \u00e7al\u0131\u015f\u0131yorlar. Birbirlerini tan\u0131yorlar, \u00e7ok da g\u00fczel bir ortam oldu&#8221; dedi.<br \/>\n\u015eehit babas\u0131 \u015eevket Volkan, \u015fehit ailelerinin bir araya gelerek gezi program\u0131na kat\u0131lmalar\u0131n\u0131n \u00e7ok iyi oldu\u011funu ifade ederek, &#8220;\u00c7\u00fcnk\u00fc onlar birbirlerini tan\u0131masalar bile dert orta\u011f\u0131. Bir araya gelirlerse hem birbirlerini tan\u0131m\u0131\u015f olurlar, hem birbirlerinin dertlerine ortak olmu\u015f olurlar. Bu gezilerin daha \u00e7ok artmas\u0131n\u0131 istiyorum, toplu halde ve b\u00f6lgesel olmas\u0131n\u0131 isterim. Tabii ki manevi ortamlarda olmak insana ayr\u0131 bir duygu veriyor. Buras\u0131 bizim kutsallar\u0131m\u0131z. Eme\u011fi ge\u00e7en herkese te\u015fekk\u00fcr ediyorum&#8221; ifadelerine yer verdi.<br \/>\nGezi program\u0131na kat\u0131lan gazi Fatih Ergin ise ailelerle birlik ve beraberlik i\u00e7inde gezdiklerini ve \u00e7ok memnun kald\u0131\u011f\u0131n\u0131 s\u00f6yleyerek, &#8220;D\u00fczenleyen herkesin eline, eme\u011fine sa\u011fl\u0131k, \u00e7ok te\u015fekk\u00fcr ediyorum. Daha \u00f6nce buray\u0131 g\u00f6rmemi\u015ftim bir vesile oldu&#8221; diye konu\u015ftu.<\/p>\n","protected":false},"excerpt":{"rendered":"<p>Mersin B\u00fcy\u00fck\u015fehir Belediyesi Sosyal Hizmetler Dairesi&#8217;ne ba\u011fl\u0131 \u015eehit Aileleri ve Gazi Hizmetleri \u015eube M\u00fcd\u00fcrl\u00fc\u011f\u00fc koordinesinde d\u00fczenlenen etkinlikte, \u015fehit aileleri ve gaziler bir araya geldi. Adana ve Mersin&#8217;den ailelerin kat\u0131ld\u0131\u011f\u0131 etkinlikte, &hellip; <a href=\"https:\/\/akdenizolaygazetesi.com\/?p=19268\" class=\"more-link\">Devam\u0131n\u0131 Oku&#8230;<\/a><\/p>\n","protected":false},"author":2,"featured_media":19269,"comment_status":"open","ping_status":"open","sticky":false,"template":"","format":"standard","meta":[],"categories":[1,2,3],"tags":[],"_links":{"self":[{"href":"https:\/\/akdenizolaygazetesi.com\/index.php?rest_route=\/wp\/v2\/posts\/19268"}],"collection":[{"href":"https:\/\/akdenizolaygazetesi.com\/index.php?rest_route=\/wp\/v2\/posts"}],"about":[{"href":"https:\/\/akdenizolaygazetesi.com\/index.php?rest_route=\/wp\/v2\/types\/post"}],"author":[{"embeddable":true,"href":"https:\/\/akdenizolaygazetesi.com\/index.php?rest_route=\/wp\/v2\/users\/2"}],"replies":[{"embeddable":true,"href":"https:\/\/akdenizolaygazetesi.com\/index.php?rest_route=%2Fwp%2Fv2%2Fcomments&post=19268"}],"version-history":[{"count":1,"href":"https:\/\/akdenizolaygazetesi.com\/index.php?rest_route=\/wp\/v2\/posts\/19268\/revisions"}],"predecessor-version":[{"id":19270,"href":"https:\/\/akdenizolaygazetesi.com\/index.php?rest_route=\/wp\/v2\/posts\/19268\/revisions\/19270"}],"wp:featuredmedia":[{"embeddable":true,"href":"https:\/\/akdenizolaygazetesi.com\/index.php?rest_route=\/wp\/v2\/media\/19269"}],"wp:attachment":[{"href":"https:\/\/akdenizolaygazetesi.com\/index.php?rest_route=%2Fwp%2Fv2%2Fmedia&parent=19268"}],"wp:term":[{"taxonomy":"category","embeddable":true,"href":"https:\/\/akdenizolaygazetesi.com\/index.php?rest_route=%2Fwp%2Fv2%2Fcategories&post=19268"},{"taxonomy":"post_tag","embeddable":true,"href":"https:\/\/akdenizolaygazetesi.com\/index.php?rest_route=%2Fwp%2Fv2%2Ftags&post=19268"}],"curies":[{"name":"wp","href":"https:\/\/api.w.org\/{rel}","templated":true}]}}