{"id":1927,"date":"2020-11-04T18:22:28","date_gmt":"2020-11-04T15:22:28","guid":{"rendered":"http:\/\/mersinekonomipolitikagazetesi.com\/?p=1927"},"modified":"2020-11-04T18:22:28","modified_gmt":"2020-11-04T15:22:28","slug":"araclar-kaldirimlari-ihlal-ediyor","status":"publish","type":"post","link":"https:\/\/akdenizolaygazetesi.com\/?p=1927","title":{"rendered":"ARA\u00c7LAR KALDIRIMLARI \u0130HLAL ED\u0130YOR!"},"content":{"rendered":"<p>Mersin\u2019de kald\u0131r\u0131ma park edilmi\u015f arac\u0131 g\u00f6ren vatanda\u015flar, yayalar\u0131n haklar\u0131n\u0131 ihlal ettikleri y\u00f6n\u00fcnde tepkisini dile getiriyor.<\/p>\n<div id=\":4\">\n<div id=\":2\">\n<div role=\"main\">\n<table cellpadding=\"0\" role=\"presentation\" style=\"width:1675px;\">\n<tbody>\n<tr>\n<td>\n<div role=\"list\">\n<div role=\"listitem\" style=\"clear:both;\" tabindex=\"-1\">\n<div id=\":2jy\">\n<div data-legacy-message-id=\"163443aa149ed826\" data-message-id=\"163443aa149ed826\">\n<div style=\"margin-left:44px;\">\n<div id=\":2k1\">\n<div id=\":2k0\">\n<div dir=\"auto\">\n<blockquote type=\"cite\">\n<div dir=\"ltr\">\n<p><span style=\"font-size:16px;\">Vatanda\u015f\u0131n kullan\u0131m alan\u0131na ait olan kald\u0131r\u0131mlar, ara\u00e7lar taraf\u0131ndan ihlal ediliyor.<\/span><\/p>\n<p><span style=\"font-size:16px;\">Kald\u0131r\u0131ma park edilen ara\u00e7lar vatanda\u015f\u0131n kald\u0131r\u0131m\u0131 kullanmas\u0131 y\u00f6n\u00fcnde zor anlar ya\u015fat\u0131yor.Kald\u0131r\u0131m\u0131n ihlal edilip zor anlar ya\u015fayan vatanda\u015flar da tepkilerini dile getiriyor.<\/span><\/p>\n<p>\u00a0<\/p>\n<p><span style=\"font-family: sans-serif, Arial, Verdana, 'Trebuchet MS'; font-size: 16px; line-height: 1.6em;\">Tepkilerini belirten vatanda\u015flar, kald\u0131r\u0131mlar\u0131n ara\u00e7lara ait olmad\u0131\u011f\u0131na dikkat \u00e7ekerek, kald\u0131r\u0131mlar\u0131n insanlar i\u00e7in kullan\u0131ma a\u00e7\u0131lm\u0131\u015f yol oldu\u011funu belirtiyor.<\/span><\/p>\n<\/p><\/div>\n<\/blockquote>\n<blockquote type=\"cite\">\n<div dir=\"ltr\">\n<p><span style=\"font-size:16px;\">Kald\u0131r\u0131ma park eden ara\u00e7 sahiplerine cezai i\u015flemlerin uygulanmas\u0131n\u0131 isteyen vatanda\u015f, kald\u0131r\u0131mlar\u0131 art\u0131k rahat bir \u015fekilde kullanmak istediklerini vurgulad\u0131.<\/span><\/p>\n<\/p><\/div>\n<\/blockquote><\/div>\n<\/p><\/div>\n<\/p><\/div>\n<\/p><\/div>\n<\/p><\/div>\n<\/p><\/div>\n<\/p><\/div>\n<\/p><\/div>\n<\/td>\n<\/tr>\n<\/tbody>\n<\/table>\n<div style=\"clear:both;\">\u00a0<\/div>\n<\/div>\n<\/div>\n<\/div>\n","protected":false},"excerpt":{"rendered":"<p>Mersin\u2019de kald\u0131r\u0131ma park edilmi\u015f arac\u0131 g\u00f6ren vatanda\u015flar, yayalar\u0131n haklar\u0131n\u0131 ihlal ettikleri y\u00f6n\u00fcnde tepkisini dile getiriyor. Vatanda\u015f\u0131n kullan\u0131m alan\u0131na ait olan kald\u0131r\u0131mlar, ara\u00e7lar taraf\u0131ndan ihlal ediliyor. Kald\u0131r\u0131ma park edilen ara\u00e7lar vatanda\u015f\u0131n &hellip; <a href=\"https:\/\/akdenizolaygazetesi.com\/?p=1927\" class=\"more-link\">Devam\u0131n\u0131 Oku&#8230;<\/a><\/p>\n","protected":false},"author":1,"featured_media":0,"comment_status":"open","ping_status":"open","sticky":false,"template":"","format":"standard","meta":[],"categories":[],"tags":[],"_links":{"self":[{"href":"https:\/\/akdenizolaygazetesi.com\/index.php?rest_route=\/wp\/v2\/posts\/1927"}],"collection":[{"href":"https:\/\/akdenizolaygazetesi.com\/index.php?rest_route=\/wp\/v2\/posts"}],"about":[{"href":"https:\/\/akdenizolaygazetesi.com\/index.php?rest_route=\/wp\/v2\/types\/post"}],"author":[{"embeddable":true,"href":"https:\/\/akdenizolaygazetesi.com\/index.php?rest_route=\/wp\/v2\/users\/1"}],"replies":[{"embeddable":true,"href":"https:\/\/akdenizolaygazetesi.com\/index.php?rest_route=%2Fwp%2Fv2%2Fcomments&post=1927"}],"version-history":[{"count":0,"href":"https:\/\/akdenizolaygazetesi.com\/index.php?rest_route=\/wp\/v2\/posts\/1927\/revisions"}],"wp:attachment":[{"href":"https:\/\/akdenizolaygazetesi.com\/index.php?rest_route=%2Fwp%2Fv2%2Fmedia&parent=1927"}],"wp:term":[{"taxonomy":"category","embeddable":true,"href":"https:\/\/akdenizolaygazetesi.com\/index.php?rest_route=%2Fwp%2Fv2%2Fcategories&post=1927"},{"taxonomy":"post_tag","embeddable":true,"href":"https:\/\/akdenizolaygazetesi.com\/index.php?rest_route=%2Fwp%2Fv2%2Ftags&post=1927"}],"curies":[{"name":"wp","href":"https:\/\/api.w.org\/{rel}","templated":true}]}}