{"id":19274,"date":"2022-06-13T14:01:05","date_gmt":"2022-06-13T11:01:05","guid":{"rendered":"http:\/\/akdenizolaygazetesi.com\/?p=19274"},"modified":"2022-06-13T14:01:05","modified_gmt":"2022-06-13T11:01:05","slug":"erdemli-cesmeli-mahallesi-sahil-kesiminde-kapsamli-yapim-bakim-ve-onarim-calismasi","status":"publish","type":"post","link":"https:\/\/akdenizolaygazetesi.com\/?p=19274","title":{"rendered":"ERDEML\u0130 \u00c7E\u015eMEL\u0130 MAHALLES\u0130 SAH\u0130L KES\u0130M\u0130NDE KAPSAMLI YAPIM, BAKIM VE ONARIM \u00c7ALI\u015eMASI"},"content":{"rendered":"<p>Mersin B\u00fcy\u00fck\u015fehir Belediyesi Yol Yap\u0131m Bak\u0131m ve Onar\u0131m Dairesi ekipleri, Mersin&#8217;i sorunsuz ve konforlu yol a\u011f\u0131na kavu\u015fturmak i\u00e7in bir yandan asfalt \u00e7al\u0131\u015fmas\u0131 y\u00fcr\u00fct\u00fcrken bir yandan da yol iyile\u015ftirme faaliyetlerini s\u00fcrd\u00fcr\u00fcyor.<br \/>\nEkipler, kentin d\u00f6rt bir taraf\u0131nda yenileme plan\u0131na ald\u0131klar\u0131 b\u00f6lgelerde yol \u00e7al\u0131\u015fmalar\u0131 y\u00fcr\u00fct\u00fcrken, \u00f6zellikle bozuk zemin nedeniyle ula\u015f\u0131mda sorun yaratan yollarda \u00e7al\u0131\u015fma ger\u00e7ekle\u015ftiriyor. Bu kapsamda Erdemli il\u00e7esi \u00c7e\u015fmeli Mahallesi sahil kesiminde altyap\u0131 faaliyetinin tamamlanmas\u0131n\u0131n ard\u0131ndan deforme olan yollar\u0131n ula\u015f\u0131mda sorun yaratmamas\u0131 ad\u0131na \u00e7al\u0131\u015fma ger\u00e7ekle\u015ftirildi. \u00c7al\u0131\u015fmalar\u0131n b\u00fcy\u00fck oranda tamamland\u0131\u011f\u0131 yollar vatanda\u015flar\u0131n kullan\u0131m\u0131na a\u00e7\u0131ld\u0131.<br \/>\nMESK\u0130 taraf\u0131ndan tamamlanan altyap\u0131 \u00e7al\u0131\u015fmalar\u0131n\u0131n ard\u0131ndan deforme olan yol i\u00e7in harekete ge\u00e7en ekipler, 15 kamyon, 1 greyder, 1 beko,  2 silindir, 1 cat, 1 freze ve 2 fini\u015ferle 12 kilometre uzunlu\u011fundaki yolda yap\u0131m, bak\u0131m ve onar\u0131m \u00e7al\u0131\u015fmas\u0131 yapt\u0131. Yazl\u0131k\u00e7\u0131lar\u0131n ve b\u00f6lge sakinlerinin en \u00e7ok kulland\u0131\u011f\u0131 yollar k\u0131sa s\u00fcre i\u00e7erisinde kullan\u0131ma a\u00e7\u0131ld\u0131.<br \/>\nYol Yap\u0131m Ekipleri taraf\u0131ndan yap\u0131lan \u00e7al\u0131\u015fmalar kapsam\u0131nda Sahil Caddesi, Plaj Caddesi, Milli Egemenlik Caddesi ve 4. Sokakta s\u0131cak asfalt serim \u00e7al\u0131\u015fmalar\u0131 ekipler taraf\u0131ndan tamamlan\u0131rken, Tekira\u011fac\u0131 ve Mila\u011fz\u0131 Caddeleri ile programa al\u0131nan sokaklarda bak\u0131m ve onar\u0131m faaliyetleri plan ve program \u00e7er\u00e7evesinde devam edecek. Bunun yan\u0131 s\u0131ra ekipler taraf\u0131ndan Ac\u0131g\u00f6l Caddesi&#8217;nde 1300 metre uzunlu\u011fundaki yolda \u00e7ift kat sathi kaplama asfalt \u00e7al\u0131\u015fmas\u0131 da tamamland\u0131. Kanalizasyon ve i\u00e7me suyu \u015febekesinin yenilenmesinin ard\u0131ndan tamamlanan yol \u00e7al\u0131\u015fmalar\u0131 da b\u00f6lge sakinlerinin y\u00fcz\u00fcn\u00fc g\u00fcld\u00fcrd\u00fc.<br \/>\n&#8220;\u00c7al\u0131\u015fmalar\u0131m\u0131z ayn\u0131 tempoda, ayn\u0131 h\u0131zla devam edecek&#8221;<br \/>\nB\u00fcy\u00fck\u015fehir Belediyesi Erdemli Koordinat\u00f6r\u00fc Vedat Uzunba\u011f, \u00c7e\u015fmeli&#8217;nin hem yerli halk\u0131n hem de yazl\u0131k\u00e7\u0131lar\u0131n yo\u011fun olarak ya\u015fad\u0131\u011f\u0131 b\u00f6lge oldu\u011fundan s\u00f6z ederek, b\u00f6lgede 7 y\u0131l \u00f6nce yap\u0131lan kanalizasyon \u015febekesinin iyi olmamas\u0131 nedeniyle \u00e7ok b\u00fcy\u00fck sorunlar ya\u015fand\u0131\u011f\u0131n\u0131 an\u0131msatt\u0131. Mersin B\u00fcy\u00fck\u015fehir Belediye Ba\u015fkan\u0131 Vahap Se\u00e7er&#8217;in \u00f6nc\u00fcl\u00fc\u011f\u00fcnde s\u00f6z konusu \u015febekenin ihale edildi\u011fini ve yeniden yap\u0131ld\u0131\u011f\u0131n\u0131 ifade eden Uzunba\u011f, &#8220;Hem eski \u015febeke ortadan kald\u0131r\u0131ld\u0131 hem de i\u00e7me suyu \u015febekesi olmayan yere temiz ve kaliteli su ula\u015ft\u0131rmak i\u00e7in i\u00e7me suyu tesisat\u0131 yer alt\u0131na d\u00f6\u015fendi. Eskiden \u00e7ok k\u00f6t\u00fc olan yol asfaltlanarak yeni ve kullan\u0131labilir hale geldi. \u015eimdi \u00c7e\u015fmeli&#8217;de sahile giden caddeler &#8216;konforu d\u00fczg\u00fcn&#8217; diye tabir etti\u011fimiz yollar s\u0131n\u0131f\u0131na girdi. B\u00f6lge halk\u0131n\u0131n memnuniyetini g\u00f6r\u00fcyoruz. Onlar memnun olduk\u00e7a biz mutlu oluyoruz. \u00c7al\u0131\u015fmalar\u0131m\u0131z ayn\u0131 tempoda, ayn\u0131 h\u0131zla devam edecek&#8221; dedi.<br \/>\n&#8220;\u00c7ama\u015f\u0131rlar\u0131 ast\u0131\u011f\u0131m\u0131z zaman tozdan bir daha y\u0131kamak zorunda kal\u0131yorduk&#8221;<br \/>\nB\u00f6lge sakinlerinden Ay\u015fe Nazik, daha \u00f6ncesinde yap\u0131lan \u00e7al\u0131\u015fmalar\u0131n hep yar\u0131m kald\u0131\u011f\u0131ndan bahsederek, &#8220;Her yer toz i\u00e7erisindeydi, arabalar ge\u00e7emedi. Uzunca bir s\u00fcre s\u0131k\u0131nt\u0131 \u00e7ektik. Uzak yollardan dolanarak sitemize girebiliyorduk ya da pazara, \u00e7ar\u015f\u0131ya al\u0131\u015fveri\u015fe gidebiliyorduk ama \u015fimdi yol yap\u0131ld\u0131ktan sonra rahatlad\u0131k. G\u00fczel ve temiz oldu. Toz toprak \u00e7oktu. \u00c7ama\u015f\u0131r asam\u0131yorduk. Ast\u0131\u011f\u0131m\u0131z zaman tozdan geri bir daha y\u0131kamak zorunda kal\u0131yorduk. En sonunda yap\u0131ld\u0131, rahatlad\u0131k&#8221; diye konu\u015ftu.<br \/>\nVatanda\u015flardan Fatma Beller ise yollar\u0131n \u00f6nceden \u00e7ok k\u00f6t\u00fc oldu\u011funu anlatarak,  &#8220;Arabalar\u0131m\u0131z ar\u0131zalan\u0131yordu, tang\u0131r tungur, yollar k\u0131r\u0131k d\u00f6k\u00fck, toz toprakt\u0131. \u015eu an mutluyuz. \u0130n\u015fallah daha g\u00fczel \u015feyler olacak. \u00d6nceki halini anlatmak m\u00fcmk\u00fcn de\u011fil. K\u00f6stebek yuvas\u0131 gibi k\u0131r\u0131k d\u00f6k\u00fck, tang\u0131r tungur, tozdu. En \u00f6nemli sorunumuz tozdu, arkaya \u00e7ama\u015f\u0131r asam\u0131yorduk. \u00d6b\u00fcr sitelere kadar y\u00fcr\u00fcyemiyorduk, k\u00f6p\u00fcr\u00fcyordu resmen toz. Yani \u00e7ok s\u0131k\u0131nt\u0131l\u0131yd\u0131k. \u015eu anda gayet mutluyuz&#8221; ifadelerini kulland\u0131.<br \/>\nMahalle sakinlerinden Nizamettin Sar\u0131, yolun yap\u0131m\u0131nda eme\u011fi ge\u00e7enlere te\u015fekk\u00fcrlerini ileterek, &#8220;Yolun \u00f6nceki hali \u00e7ok bozuk, \u00e7ok k\u00f6t\u00fc, \u00e7ukur ve toz i\u00e7indeydi. \u015eimdi ise jilet gibi bir asfalt yap\u0131ld\u0131. \u00c7ok memnun olduk. \u00c7ok \u00e7ok te\u015fekk\u00fcr ediyoruz. Vatanda\u015flar \u00e7ok memnunlar, herkes \u00e7ok te\u015fekk\u00fcr ediyor Say\u0131n Ba\u015fkan\u0131m\u0131z Vahap Bey&#8217;e. \u00d6nceden arabalar\u0131m\u0131z\u0131n \u00f6n d\u00fczenleri bozuluyordu, her yer \u00e7ukur ve toz toprak i\u00e7indeydi, insanlar y\u00fcr\u00fcy\u00fc\u015f yapam\u0131yordu&#8221; ifadelerini kulland\u0131.<br \/>\n&#8220;Tozdan her g\u00fcn d\u00fckkan\u0131 silmek zorunda kal\u0131yorduk. Soludu\u011fumuz da cabas\u0131&#8221;<br \/>\n\u00c7e\u015fmeli&#8217;de esnafl\u0131k yapan Osman G\u00fcne\u015f ise &#8220;Yolumuz yap\u0131ld\u0131\u011f\u0131 i\u00e7in \u015fu anda \u00e7ok mutluyuz. Herkesin eme\u011fine sa\u011fl\u0131k. Yolumuzun \u00f6nceki durumunu anlatamam. Yani \u00e7ok k\u00f6t\u00fc durumdayd\u0131. \u015eu anda olmas\u0131 gerekti\u011fi gibi. Buras\u0131 turistin \u00e7ok oldu\u011fu bir yer. Mersin&#8217;de en \u00e7ok turistin ya\u015fad\u0131\u011f\u0131 b\u00f6lge buras\u0131. Ayn\u0131 zamanda \u00fclkemizi de d\u0131\u015far\u0131ya tan\u0131t\u0131yor. Bir esnaf olarak memnunuz. Yani arabalar ge\u00e7emiyordu. Tozdan her g\u00fcn d\u00fckkan\u0131 silmek, temizlemek zorunda kal\u0131yorduk ve soludu\u011fumuz da cabas\u0131&#8221; diye konu\u015ftu.<br \/>\nBerna Tulay da b\u00f6lge halk\u0131n\u0131n \u00e7al\u0131\u015fmalardan duydu\u011fu memnuniyeti dile getirerek,  &#8220;Ben bu b\u00f6lgede 18 senedir yaz-k\u0131\u015f ya\u015f\u0131yorum. Almanya&#8217;dan geliyorum. \u00d6nceki halinde hi\u00e7bir \u015fey yoktu. Yol da yoktu, i\u00e7me suyu da yoktu. Yollar zaten hep ta\u015f, toprak, \u00e7ukur doluydu. \u00c7ok k\u00f6t\u00fc ve \u00e7ok tehlikeliydi. \u015eimdi i\u015fte bu \u00e7al\u0131\u015fman\u0131n \u00fczerine biz art\u0131k araba da kullan\u0131labiliyoruz, bisiklet de s\u00fcrebiliyoruz. \u015eu an yolumuz tamamen normale d\u00f6nd\u00fc. Herkes \u00e7ok memnun&#8221; dedi.<\/p>\n","protected":false},"excerpt":{"rendered":"<p>Mersin B\u00fcy\u00fck\u015fehir Belediyesi Yol Yap\u0131m Bak\u0131m ve Onar\u0131m Dairesi ekipleri, Mersin&#8217;i sorunsuz ve konforlu yol a\u011f\u0131na kavu\u015fturmak i\u00e7in bir yandan asfalt \u00e7al\u0131\u015fmas\u0131 y\u00fcr\u00fct\u00fcrken bir yandan da yol iyile\u015ftirme faaliyetlerini s\u00fcrd\u00fcr\u00fcyor. &hellip; <a href=\"https:\/\/akdenizolaygazetesi.com\/?p=19274\" class=\"more-link\">Devam\u0131n\u0131 Oku&#8230;<\/a><\/p>\n","protected":false},"author":2,"featured_media":19275,"comment_status":"open","ping_status":"open","sticky":false,"template":"","format":"standard","meta":[],"categories":[2,3],"tags":[],"_links":{"self":[{"href":"https:\/\/akdenizolaygazetesi.com\/index.php?rest_route=\/wp\/v2\/posts\/19274"}],"collection":[{"href":"https:\/\/akdenizolaygazetesi.com\/index.php?rest_route=\/wp\/v2\/posts"}],"about":[{"href":"https:\/\/akdenizolaygazetesi.com\/index.php?rest_route=\/wp\/v2\/types\/post"}],"author":[{"embeddable":true,"href":"https:\/\/akdenizolaygazetesi.com\/index.php?rest_route=\/wp\/v2\/users\/2"}],"replies":[{"embeddable":true,"href":"https:\/\/akdenizolaygazetesi.com\/index.php?rest_route=%2Fwp%2Fv2%2Fcomments&post=19274"}],"version-history":[{"count":1,"href":"https:\/\/akdenizolaygazetesi.com\/index.php?rest_route=\/wp\/v2\/posts\/19274\/revisions"}],"predecessor-version":[{"id":19276,"href":"https:\/\/akdenizolaygazetesi.com\/index.php?rest_route=\/wp\/v2\/posts\/19274\/revisions\/19276"}],"wp:featuredmedia":[{"embeddable":true,"href":"https:\/\/akdenizolaygazetesi.com\/index.php?rest_route=\/wp\/v2\/media\/19275"}],"wp:attachment":[{"href":"https:\/\/akdenizolaygazetesi.com\/index.php?rest_route=%2Fwp%2Fv2%2Fmedia&parent=19274"}],"wp:term":[{"taxonomy":"category","embeddable":true,"href":"https:\/\/akdenizolaygazetesi.com\/index.php?rest_route=%2Fwp%2Fv2%2Fcategories&post=19274"},{"taxonomy":"post_tag","embeddable":true,"href":"https:\/\/akdenizolaygazetesi.com\/index.php?rest_route=%2Fwp%2Fv2%2Ftags&post=19274"}],"curies":[{"name":"wp","href":"https:\/\/api.w.org\/{rel}","templated":true}]}}