{"id":19286,"date":"2022-06-14T13:16:08","date_gmt":"2022-06-14T10:16:08","guid":{"rendered":"http:\/\/akdenizolaygazetesi.com\/?p=19286"},"modified":"2022-06-14T13:16:08","modified_gmt":"2022-06-14T10:16:08","slug":"kurs-merkezi-ogrencileri-yks-oncesi-moral-buldu","status":"publish","type":"post","link":"https:\/\/akdenizolaygazetesi.com\/?p=19286","title":{"rendered":"KURS MERKEZ\u0130 \u00d6\u011eRENC\u0130LER\u0130 YKS \u00d6NCES\u0130 MORAL BULDU"},"content":{"rendered":"<p>Mersin B\u00fcy\u00fck\u015fehir Belediyesi&#8217;ne ba\u011fl\u0131 Sosyal Hizmetler Dairesi b\u00fcnyesinde faaliyet g\u00f6steren E\u011fitim ve \u00d6\u011fretimi Destekleme Kurs Merkezleri, \u00f6\u011frencileri i\u00e7in y\u0131l boyunca yap\u0131lan motivasyon etkinliklerine bir yenisini daha ekledi. Erdemli Kurs Merkezi&#8217;nde e\u011fitim-\u00f6\u011fretim g\u00f6ren \u00fcniversite aday\u0131 gen\u00e7ler, B\u00fcy\u00fck\u015fehir Belediyesi&#8217;nin d\u00fczenledi\u011fi konser etkinli\u011finde bir araya geldi.<\/p>\n<p>Birlikte \u015fark\u0131lar s\u00f6yleyip, a\u00e7\u0131k havan\u0131n tad\u0131n\u0131 \u00e7\u0131kard\u0131lar<\/p>\n<p>B\u00fcy\u00fck\u015fehir Belediyesi E\u011fitim ve \u00d6\u011fretimi Destekleme Kurs Merkezleri, gelece\u011fin mimar\u0131 olan gen\u00e7lerin \u00fccretsiz ve kaliteli e\u011fitim almalar\u0131n\u0131 sa\u011flarken, \u00fcniversite s\u0131nav\u0131na say\u0131l\u0131 g\u00fcnler kala motivasyonlar\u0131n\u0131 art\u0131rmak i\u00e7in \u00e7e\u015fitli etkinlikler d\u00fczenlemeyi de s\u00fcrd\u00fcr\u00fcyor. B\u00fcy\u00fck\u015fehir Belediyesi, Erdemli Kurs Merkezi \u00f6\u011frencileri i\u00e7in Erdemli il\u00e7esi Saim G\u00f6ku\u015f Park\u0131&#8217;nda bir konser etkinli\u011fi ger\u00e7ekle\u015ftirdi. \u00dcniversite aday\u0131 \u00f6\u011frenciler etkinlikte hep birlikte \u015fark\u0131lar s\u00f6yleyip a\u00e7\u0131k havan\u0131n tad\u0131n\u0131 \u00e7\u0131kararak, s\u0131nav \u00f6ncesi stres att\u0131lar.<\/p>\n<p>&#8220;Sahilde \u00e7ok g\u00fczel bir etkinlik&#8221;<\/p>\n<p>Sosyal Hizmetler Dairesi E\u011fitim Hizmetleri \u015eube M\u00fcd\u00fcr\u00fc Cem Karaku\u015f, Kurs Merkezleri&#8217;nde e\u011fitim alan \u00f6\u011frenciler i\u00e7in d\u00fczenledikleri motivasyon etkinliklerini tamamlad\u0131klar\u0131n\u0131 belirterek, &#8220;YKS \u00f6ncesi Erdemli Kurs Merkezimizdeki \u00f6\u011frencilerimiz ve ailemize moral olsun diye b\u00f6yle bir konser d\u00fczenledik. Bizler de bug\u00fcn Erdemli&#8217;de hem \u00f6\u011frencilerimizle hem ailelerimizle birlikte s\u0131nav \u00f6ncesi stres at\u0131yoruz. \u00c7ok g\u00fczel bir konser oluyor. Hepimiz memnunuz. \u00d6\u011frencilerimiz daha \u00e7ok a\u00e7\u0131k hava konserleri bekliyordu bizden. Ortam \u00e7ok g\u00fczel, hava da g\u00fczel. Sahilde \u00e7ok g\u00fczel bir etkinlik oluyor&#8221; dedi.<\/p>\n<p>\u00d6\u011frenciler YKS \u00f6ncesi moral buldu<\/p>\n<p>\u00d6\u011frencilerden Sena Kavzak, etkinlikte \u00e7ok e\u011flendiklerini belirterek, &#8220;\u00c7ok stres dolu bir s\u00fcre\u00e7ti, ayn\u0131 zamanda e\u011flenceli, g\u00fczel g\u00fcnlerimiz de ge\u00e7ti. Gerek hocalar\u0131m\u0131z olsun gerek ders ortam\u0131m\u0131z olsun \u00e7ok g\u00fczeldi. B\u00fcy\u00fck\u015fehir Belediye Ba\u015fkan\u0131m\u0131z Vahap Se\u00e7er, bizim i\u00e7in bir moral etkinli\u011fi d\u00fczenledi, bunun i\u00e7in ayr\u0131ca \u00e7ok te\u015fekk\u00fcr ederiz. \u00c7ok mutluyuz \u015fu anda e\u011fleniyoruz, g\u00fczel kafa da\u011f\u0131tt\u0131k. S\u0131nava bomba gibi girece\u011fiz buna inan\u0131yorum, ba\u015faraca\u011f\u0131z&#8221; dedi.<br \/>\nS\u0131nav\u0131n yakla\u015fmas\u0131yla \u00e7ok heyecanl\u0131 g\u00fcnler ya\u015fad\u0131\u011f\u0131n\u0131 ifade eden Naz Sezer, &#8220;Baya\u011f\u0131 heyecanl\u0131y\u0131m. Ne olacak biliyorum. Mersin B\u00fcy\u00fck\u015fehir Belediyesi&#8217;ndeki hocalar\u0131m sa\u011f olsun, onlar\u0131n sayesinde bir \u015feyler yapmaya \u00e7al\u0131\u015ft\u0131m. B\u00fcy\u00fck\u015fehir Belediyesi&#8217;nin Kurs Merkezi&#8217;ne gittim. E\u011fitim s\u00fcreci \u00e7ok e\u011flenceliydi. Hocalar\u0131 sevdim. \u00c7ok iyi hocalar\u0131m\u0131z var. Motivasyon konseri olmas\u0131 da iyi, \u00e7\u00fcnk\u00fc ilk defa b\u00f6yle bir \u015fey yap\u0131ld\u0131. Ba\u015fkan\u0131m\u0131z Vahap Se\u00e7er de elinden ne geliyorsa yap\u0131yor, be\u011feniyoruz yani Mersinli olarak&#8221; diye konu\u015ftu.<\/p>\n<p>H\u00fclya Do\u011faner ise &#8220;Bizim de b\u00f6yle havam\u0131z de\u011fi\u015fti. S\u0131nava hocalar\u0131m sayesinde \u00e7al\u0131\u015ft\u0131m, elimden geldi\u011fince yapmaya \u00e7al\u0131\u015ft\u0131m&#8221; dedi. Do\u011faner, Ba\u015fkan Se\u00e7er&#8217;e de \u00f6\u011frencilere verdi\u011fi destekten dolay\u0131 te\u015fekk\u00fcr\u00fcn\u00fc ileterek, &#8220;\u00c7ok gurur duyuyorum ger\u00e7ekten. Varl\u0131\u011f\u0131yla bizi onurland\u0131r\u0131yor, te\u015fekk\u00fcr ederim&#8221; dedi. <\/p>\n","protected":false},"excerpt":{"rendered":"<p>Mersin B\u00fcy\u00fck\u015fehir Belediyesi&#8217;ne ba\u011fl\u0131 Sosyal Hizmetler Dairesi b\u00fcnyesinde faaliyet g\u00f6steren E\u011fitim ve \u00d6\u011fretimi Destekleme Kurs Merkezleri, \u00f6\u011frencileri i\u00e7in y\u0131l boyunca yap\u0131lan motivasyon etkinliklerine bir yenisini daha ekledi. Erdemli Kurs Merkezi&#8217;nde &hellip; <a href=\"https:\/\/akdenizolaygazetesi.com\/?p=19286\" class=\"more-link\">Devam\u0131n\u0131 Oku&#8230;<\/a><\/p>\n","protected":false},"author":2,"featured_media":19287,"comment_status":"open","ping_status":"open","sticky":false,"template":"","format":"standard","meta":[],"categories":[1,2,3,5],"tags":[],"_links":{"self":[{"href":"https:\/\/akdenizolaygazetesi.com\/index.php?rest_route=\/wp\/v2\/posts\/19286"}],"collection":[{"href":"https:\/\/akdenizolaygazetesi.com\/index.php?rest_route=\/wp\/v2\/posts"}],"about":[{"href":"https:\/\/akdenizolaygazetesi.com\/index.php?rest_route=\/wp\/v2\/types\/post"}],"author":[{"embeddable":true,"href":"https:\/\/akdenizolaygazetesi.com\/index.php?rest_route=\/wp\/v2\/users\/2"}],"replies":[{"embeddable":true,"href":"https:\/\/akdenizolaygazetesi.com\/index.php?rest_route=%2Fwp%2Fv2%2Fcomments&post=19286"}],"version-history":[{"count":1,"href":"https:\/\/akdenizolaygazetesi.com\/index.php?rest_route=\/wp\/v2\/posts\/19286\/revisions"}],"predecessor-version":[{"id":19288,"href":"https:\/\/akdenizolaygazetesi.com\/index.php?rest_route=\/wp\/v2\/posts\/19286\/revisions\/19288"}],"wp:featuredmedia":[{"embeddable":true,"href":"https:\/\/akdenizolaygazetesi.com\/index.php?rest_route=\/wp\/v2\/media\/19287"}],"wp:attachment":[{"href":"https:\/\/akdenizolaygazetesi.com\/index.php?rest_route=%2Fwp%2Fv2%2Fmedia&parent=19286"}],"wp:term":[{"taxonomy":"category","embeddable":true,"href":"https:\/\/akdenizolaygazetesi.com\/index.php?rest_route=%2Fwp%2Fv2%2Fcategories&post=19286"},{"taxonomy":"post_tag","embeddable":true,"href":"https:\/\/akdenizolaygazetesi.com\/index.php?rest_route=%2Fwp%2Fv2%2Ftags&post=19286"}],"curies":[{"name":"wp","href":"https:\/\/api.w.org\/{rel}","templated":true}]}}