{"id":1929,"date":"2020-11-04T18:22:28","date_gmt":"2020-11-04T15:22:28","guid":{"rendered":"http:\/\/mersinekonomipolitikagazetesi.com\/?p=1929"},"modified":"2020-11-04T18:22:28","modified_gmt":"2020-11-04T15:22:28","slug":"ogrencilerden-bilim-projeleri","status":"publish","type":"post","link":"https:\/\/akdenizolaygazetesi.com\/?p=1929","title":{"rendered":"\u00d6\u011eRENC\u0130LERDEN B\u0130L\u0130M PROJELER\u0130"},"content":{"rendered":"<p>4006 Bilim Fuar\u0131\u2019nda Teknik lise \u00f6\u011frencileri bilimsel projelerini be\u011feniye sundu. Fuar a\u00e7\u0131l\u0131\u015f\u0131nda konu\u015fan MTSO Ba\u015fkan\u0131 Ayhan K\u0131z\u0131ltan: \u201cBu gibi projeler gurur vericidir. \u00d6\u011frencilerimizin yapt\u0131klar\u0131 projeleri \u00f6nemseyece\u011fiz\u201d dedi.<\/p>\n<blockquote type=\"cite\">\n<div dir=\"ltr\">\n<p><span style=\"font-size:16px;\">Bilimsel projeler, Kadri \u015eaman MTSO Meslek ve Teknik Anadolu Lisesi \u00f6\u011frencilerinin T\u00dcB\u0130TAK destekli 4006 Bilim Fuar\u0131\u2019nda bu y\u0131l 4\u2019nc\u00fcs\u00fc sergilendi.<\/span><\/p>\n<p>\u00a0<\/p>\n<p><span style=\"font-size:16px;\">Fuar\u0131n a\u00e7\u0131l\u0131\u015f\u0131na Mersin Milli E\u011fitim \u0130l\u00e7e M\u00fcd\u00fcr\u00fc Mehmet Badas, Mersin Ticaret ve Sanayi Odas\u0131 (MTSO) Y\u00f6netim Kurulu Ba\u015fkan\u0131 Ayhan K\u0131z\u0131ltan ve Y\u00f6netim Kurulu \u00dcyeleri \u0130sa \u00c7ani ile Yasemin Ta\u015f ve MTSO E\u011fitim ve Kalk\u0131nma Vakf\u0131 Ba\u015fkan\u0131 Sad\u0131k \u00c7a\u011fatay G\u00fcne\u015f kat\u0131ld\u0131.<\/span><\/p>\n<p>\u00a0<\/p>\n<p><span style=\"font-size:16px;\">D\u00fczenlenen fuarda \u0130ngilizceden matemati\u011fe, yaz\u0131l\u0131mdan elektrik elektroni\u011fe, g\u0131da sekt\u00f6r\u00fcnden yenilenebilir enerjiye kadar bir\u00e7ok proje yer ald\u0131<\/span><\/p>\n<p><span style=\"font-size:16px;\">\u00c7e\u015fitli dallarda toplam 26 tane proje haz\u0131rlayan \u00f6\u011frenciler kat\u0131l\u0131mc\u0131lar\u0131n be\u011fenisine sundu.<\/span><\/p>\n<p>\u00a0<\/p>\n<p><span style=\"font-size:16px;\">NURAL GEY\u0130K: \u201cB\u0130R \u00c7OK DALDA PROJE YAPMI\u015eLAR\u201d<\/span><\/p>\n<p>\u00a0<\/p>\n<p><span style=\"font-size:16px;\">Sergi fuar\u0131ndan a\u00e7\u0131l\u0131\u015f konu\u015fmas\u0131n\u0131 ger\u00e7ekle\u015ftiren Kadri \u015eaman MTSO Meslek ve Teknik Anadolu Lisesi M\u00fcd\u00fcr\u00fc Nural Geyik: \u201c4\u2019nc\u00fcs\u00fcn\u00fc d\u00fczenledi\u011fimiz fuarda End\u00fcstri 4.0 projelerine de yer verdik. \u00d6\u011frencilerin haz\u0131rlad\u0131klar\u0131 r\u00fczgar enerjisinden 3D yaz\u0131c\u0131ya, meyve ve sebzelerin raf \u00f6mr\u00fcn\u00fc uzatan y\u00fczde y\u00fcz do\u011fal y\u00f6ntemlerden \u0130ngilizce, matematik ve tarih konular\u0131n\u0131 daha kolay anlama metotlar\u0131na kadar bir \u00e7ok dalda proje yapm\u0131\u015flar. Her biri \u00e7ok \u00f6nemli projelerdir ve projelerini de \u00f6nemsiyoruz.\u201d dedi.<\/span><\/p>\n<p>\u00a0<\/p>\n<p>\u00a0<\/p>\n<p><span style=\"font-size:16px;\">KIZILTAN: \u201c\u00dcRET\u0130C\u0130 NES\u0130LLER YET\u0130\u015eT\u0130R\u0130YORUZ\u201d<\/span><\/p>\n<p>\u00a0<\/p>\n<p><span style=\"font-size:16px;\">MTSO Y\u00f6netim Kurulu Ba\u015fkan\u0131 Ayhan K\u0131z\u0131ltan ise \u00f6\u011frencilerden bilim fuarlar\u0131n\u0131n olmas\u0131 gurur verici oldu\u011funu belirterek: \u201c\u00d6zellikle meslek okullar\u0131n\u0131n bilimsel \u00e7al\u0131\u015fmalar ger\u00e7ekle\u015ftirmesinin gurur verici. Sorgulayan ve uygulayan, \u00fcretici nesiller yeti\u015ftiriyoruz. G\u00f6z\u00fcken budur. Ba\u015fta eme\u011fi ge\u00e7en \u00f6\u011frencilerimiz ve \u00f6\u011fretmelerimiz olmak \u00fczere herkese te\u015fekk\u00fcr ediyorum. Ba\u015far\u0131lar\u0131n\u0131z\u0131n devam\u0131n\u0131 diliyorum\u201d ifadelerini kulland\u0131.<\/span><\/p>\n<div>\n<div aria-label=\"K\u0131salt\u0131lm\u0131\u015f i\u00e7eri\u011fi g\u00f6r\u00fcnt\u00fcleyin\" data-tooltip=\"K\u0131salt\u0131lm\u0131\u015f i\u00e7eri\u011fi g\u00f6r\u00fcnt\u00fcleyin\" id=\":21s\" role=\"button\" style=\"clear:both;\" tabindex=\"0\"><span style=\"font-size:16px;\"><img src=\"https:\/\/ssl.gstatic.com\/ui\/v1\/icons\/mail\/images\/cleardot.gif\" style=\"height:8px;width:20px;\" \/><\/span><\/div>\n<\/div>\n<\/div>\n<\/blockquote>\n","protected":false},"excerpt":{"rendered":"<p>4006 Bilim Fuar\u0131\u2019nda Teknik lise \u00f6\u011frencileri bilimsel projelerini be\u011feniye sundu. Fuar a\u00e7\u0131l\u0131\u015f\u0131nda konu\u015fan MTSO Ba\u015fkan\u0131 Ayhan K\u0131z\u0131ltan: \u201cBu gibi projeler gurur vericidir. \u00d6\u011frencilerimizin yapt\u0131klar\u0131 projeleri \u00f6nemseyece\u011fiz\u201d dedi. Bilimsel projeler, Kadri &hellip; <a href=\"https:\/\/akdenizolaygazetesi.com\/?p=1929\" class=\"more-link\">Devam\u0131n\u0131 Oku&#8230;<\/a><\/p>\n","protected":false},"author":1,"featured_media":0,"comment_status":"open","ping_status":"open","sticky":false,"template":"","format":"standard","meta":[],"categories":[],"tags":[],"_links":{"self":[{"href":"https:\/\/akdenizolaygazetesi.com\/index.php?rest_route=\/wp\/v2\/posts\/1929"}],"collection":[{"href":"https:\/\/akdenizolaygazetesi.com\/index.php?rest_route=\/wp\/v2\/posts"}],"about":[{"href":"https:\/\/akdenizolaygazetesi.com\/index.php?rest_route=\/wp\/v2\/types\/post"}],"author":[{"embeddable":true,"href":"https:\/\/akdenizolaygazetesi.com\/index.php?rest_route=\/wp\/v2\/users\/1"}],"replies":[{"embeddable":true,"href":"https:\/\/akdenizolaygazetesi.com\/index.php?rest_route=%2Fwp%2Fv2%2Fcomments&post=1929"}],"version-history":[{"count":0,"href":"https:\/\/akdenizolaygazetesi.com\/index.php?rest_route=\/wp\/v2\/posts\/1929\/revisions"}],"wp:attachment":[{"href":"https:\/\/akdenizolaygazetesi.com\/index.php?rest_route=%2Fwp%2Fv2%2Fmedia&parent=1929"}],"wp:term":[{"taxonomy":"category","embeddable":true,"href":"https:\/\/akdenizolaygazetesi.com\/index.php?rest_route=%2Fwp%2Fv2%2Fcategories&post=1929"},{"taxonomy":"post_tag","embeddable":true,"href":"https:\/\/akdenizolaygazetesi.com\/index.php?rest_route=%2Fwp%2Fv2%2Ftags&post=1929"}],"curies":[{"name":"wp","href":"https:\/\/api.w.org\/{rel}","templated":true}]}}