{"id":19292,"date":"2022-06-14T13:20:53","date_gmt":"2022-06-14T10:20:53","guid":{"rendered":"http:\/\/akdenizolaygazetesi.com\/?p=19292"},"modified":"2022-06-14T13:20:53","modified_gmt":"2022-06-14T10:20:53","slug":"20-mersin-uluslararasi-muzik-festivalinin-ardindan","status":"publish","type":"post","link":"https:\/\/akdenizolaygazetesi.com\/?p=19292","title":{"rendered":"20. Mersin Uluslararas\u0131 M\u00fczik Festivali\u2019nin Ard\u0131ndan"},"content":{"rendered":"<p>Sanat Etkinlikleri Derne\u011fi\u2019nin M\u00fczik Birle\u015ftirir temas\u0131yla d\u00fczenledi\u011fi 20. Mersin Uluslararas\u0131 M\u00fczik Festivali, 11 Haziran\u2019da ger\u00e7ekle\u015ftirdi\u011fi g\u00f6rkemli bir kapan\u0131\u015f etkinli\u011fiyle sona erdi. <\/p>\n<p>          D\u00f6nem ba\u015fkanl\u0131\u011f\u0131n\u0131 Selma Ya\u011fc\u0131, Sanat Y\u00f6netmenli\u011fi\u2019ni Erdo\u011fan \u015eanal, Sanat Dan\u0131\u015fma Kurulu \u00fcyeliklerini ise Prof. Rengim G\u00f6kmen, Prof. Dr. Cihat A\u015fk\u0131n, \u0130brahim Yaz\u0131c\u0131 ve Remzi Buharal\u0131, Ersin Antep ve Serb\u00fclent Bi\u00e7er\u2019in yapt\u0131\u011f\u0131 20. Mersin Uluslararas\u0131 M\u00fczik Festivali, 20 g\u00fcn s\u00fcren m\u00fczik \u015f\u00f6leninin ard\u0131ndan perdelerini kapatt\u0131. 21 May\u0131s-11 Haziran 2022 tarihleri aras\u0131nda ger\u00e7ekle\u015ftirilen Festival, 4 \u00fccretsiz, toplam 12 etkinlikte binlerce sanatseveri d\u00fcnyan\u0131n farkl\u0131 yerlerinden gelen usta sanat\u00e7\u0131 ve m\u00fczik topluluklar\u0131yla Mersin K\u00fclt\u00fcr Merkezi, Mezitli Belediyesi K\u00fclt\u00fcr Merkezi, Tarsus St. Paul M\u00fczesi, Tarsus Baca Meydan\u0131, Toroslar Belediyesi Amfi Tiyatrosu, \u00d6zgecan Aslan Meydan\u0131, Nevit Kodall\u0131 Konser Salonu, Mezitli Bel. Amfi Tiyatrosu, Latin Katolik Kilisesi, Yeni\u015fehir Belediyesi Atat\u00fcrk K\u00fclt\u00fcr Merkezi\u2019nde bulu\u015fturdu. <\/p>\n<p>Festival, Hollanda, Avusturya, Kazakistan, \u00c7in ve \u00fclkemizden gelen farkl\u0131 m\u00fczik t\u00fcrlerinden solist ve m\u00fczik topluluklar\u0131n\u0131 Mersin\u2019de misafir etti. \u015eef Murat Cem Orhan y\u00f6netiminde ger\u00e7ekle\u015ftirilen a\u00e7\u0131l\u0131\u015f konserinde, T\u00fcrkiye\u2019nin opera y\u0131ld\u0131zlar\u0131 Mezzo Soprano Asude Karayavuz, Soprano Hale Soner Keke\u00e7, Tenor Erdem Erdo\u011fan, Bariton Caner Akg\u00fcn yer ald\u0131. Festival Orkestras\u0131\u2019n\u0131n e\u015flik etti\u011fi konser, 21 May\u0131s 2022 Cumartesi saat: 20.00\u2019de Mersin K\u00fclt\u00fcr Merkezi\u2019nde yer ald\u0131.    <\/p>\n<p>    \tProgramda yerini alan di\u011fer solist ve m\u00fczik topluluklar\u0131 ise \u015funlard\u0131; Elif Sanchez, Hollanda B\u00fcy\u00fckel\u00e7ili\u011fi i\u015fbirli\u011fiyle Utrecht String Quartet, Ceylan Ertem, Kerem G\u00f6rsev Trio, Kazakistan\u2019dan Turan Ethno Folk Band, \u015eef Daniel Fedorean y\u00f6netiminde MBB Kent Orkestras\u0131 e\u015fli\u011finde Zeynep Casalini, \u015eef \u0130brahim Yaz\u0131c\u0131 y\u00f6netiminde Jamal Aliyev, piyano e\u015flikli resital ile Hasan G\u00f6k\u00e7e Yorgun ve Jiao Lii, Melek Mosso, Avusturya K\u00fclt\u00fcr Ofisi i\u015fbirli\u011fiyle Wiener Klavier Quartett ve Two Turkish Tenors. 07 Haziran\u2019da Latin Katolik Kilisesi\u2019nde yer alan Utrech Klavier Quartet konseri, ge\u00e7ti\u011fimiz y\u0131l hayata g\u00f6zlerini yuman Ressam Lina Nasif an\u0131s\u0131na seslendirildi. <\/p>\n<p>Mersin\u2019in k\u00fclt\u00fcrel zenginliklerini \u00f6ne \u00e7\u0131karmak amac\u0131yla her y\u0131l yap\u0131lan Beste Yar\u0131\u015fmas\u0131 ve Nevit Kodall\u0131 Polifonik Korolar \u015eenli\u011fi bir sonraki y\u0131la yeniden ertelenirken, Sanat \u00d6d\u00fcl\u00fc, Kent \u00d6d\u00fcl\u00fc ve Nevit Kodall\u0131 Gen\u00e7 Yetenek \u00d6d\u00fcl\u00fc olmak \u00fczere 3 farkl\u0131 dalda \u00f6d\u00fcller da\u011f\u0131t\u0131ld\u0131. Ayr\u0131ca, 20\u2019inci kurulu\u015f y\u0131l\u0131na \u00f6zel bir de \u00f6zel \u00f6d\u00fcl verildi. \u00d6d\u00fcller; 2022 MUMF Sanat \u00d6d\u00fcl\u00fc Mersin B\u00fcy\u00fck \u015eehir Belediyesi \u015eehir Tiyatrosu\u2019na, Kent \u00d6d\u00fcl\u00fc \u0130\u00e7el Sanat Kul\u00fcb\u00fc\u2019ne, Nevit Kodall\u0131 Gen\u00e7 Yetenek \u00d6d\u00fcl\u00fc Keman Sanat\u00e7\u0131s\u0131 Ada Yal\u0131n Y\u00fccel\u2019e, 20. MUMF \u00d6zel \u00d6d\u00fcl\u00fc ise Tarsus Belediyesi \u015eehir Tiyatrosu\u2019na verildi.  <\/p>\n<p>\tM\u00fczik Birle\u015ftirir temas\u0131yla hayat bulan 20. Mersin Uluslararas\u0131 M\u00fczik Festivali: Resmi Kurumlar: T. C. K\u00fclt\u00fcr ve Turizm Bakanl\u0131\u011f\u0131, Mersin Valili\u011fi, Akdeniz B\u00f6lge ve Garnizon Komutanl\u0131\u011f\u0131, Mersin \u00dcniversitesi, Mersin Devlet Opera ve Balesi M\u00fcd\u00fcrl\u00fc\u011f\u00fc, Yerel Y\u00f6netimler: Mersin B\u00fcy\u00fck\u015fehir Belediyesi, Akdeniz Belediyesi, Mezitli Belediyesi, Tarsus Belediyesi, Toroslar Belediyesi, Yeni\u015fehir Belediyesi. Odalar: Mersin Ticaret ve Sanayi Odas\u0131, Mersin Deniz Ticaret Odas\u0131, Mersin Ticaret Borsas\u0131, Tarsus Ticaret ve Sanayi Odas\u0131. Festival Sponsorlar\u0131: Mersin International Port (MIP), OPET Petrolc\u00fcl\u00fck A.\u015e, Armada G\u0131da A.\u015e, Atako Ta\u015f\u0131mac\u0131l\u0131k Denizcilik A.\u015e, Sertel Tools, \u00c7ukurova Ses I\u015f\u0131k, Mersin Divan Oteli, Dr. Haluk Bozdo\u011fan. \u00dclke Temsilcilikleri: Hollanda Kraliyeti, Avusturya K\u00fclt\u00fcr Ofisi. Katk\u0131da Bulunanlar: Derya Otomotiv, Arbel G\u0131da, G\u00f6k\u015fenler, Jameson, F_BOSS, Forum AVM, Sayapark AVM, Palm City. Dernekler: \u0130\u00e7el Sanat Kul\u00fcb\u00fc, Mersin Polifonik Korolar Derne\u011fi, Mersin Liseliler Derne\u011fi taraf\u0131ndan desteklenmektedir.<\/p>\n<p>Mersin Uluslararas\u0131 M\u00fczik Festivali Y\u00fcr\u00fctme Kurulu Ba\u015fkan\u0131 Selma Ya\u011fc\u0131 yapt\u0131\u011f\u0131 a\u00e7\u0131klamada; \u201c20. Mersin Uluslararas\u0131 M\u00fczik Festivali\u2019ni M\u00fczik Birle\u015ftirir temas\u0131yla halk\u0131m\u0131zla bulu\u015fturman\u0131n mutlulu\u011fu i\u00e7indeyiz. M\u00fczik do\u011fas\u0131 gere\u011fi t\u00fcm farkl\u0131l\u0131klar\u0131m\u0131z\u0131 ortadan kald\u0131rarak bizleri kamusal alanlarda bulu\u015fturdu, ayn\u0131 duygular i\u00e7inde birle\u015ftirdi. Ba\u015fta salonlar\u0131m\u0131z\u0131 dolduran halk\u0131m\u0131z olmak \u00fczere, bizlerle ayn\u0131 duygular\u0131 payla\u015farak festivalimize hayat veren sponsorlar\u0131m\u0131za Mersinliler ad\u0131na te\u015fekk\u00fcrlerimi sunuyorum. Nice festivallerde bulu\u015fmak \u00fczere m\u00fczikle kal\u0131n, sevgiyle kal\u0131n\u201d, dedi.<\/p>\n","protected":false},"excerpt":{"rendered":"<p>Sanat Etkinlikleri Derne\u011fi\u2019nin M\u00fczik Birle\u015ftirir temas\u0131yla d\u00fczenledi\u011fi 20. Mersin Uluslararas\u0131 M\u00fczik Festivali, 11 Haziran\u2019da ger\u00e7ekle\u015ftirdi\u011fi g\u00f6rkemli bir kapan\u0131\u015f etkinli\u011fiyle sona erdi. D\u00f6nem ba\u015fkanl\u0131\u011f\u0131n\u0131 Selma Ya\u011fc\u0131, Sanat Y\u00f6netmenli\u011fi\u2019ni Erdo\u011fan \u015eanal, Sanat &hellip; <a href=\"https:\/\/akdenizolaygazetesi.com\/?p=19292\" class=\"more-link\">Devam\u0131n\u0131 Oku&#8230;<\/a><\/p>\n","protected":false},"author":2,"featured_media":19293,"comment_status":"open","ping_status":"open","sticky":false,"template":"","format":"standard","meta":[],"categories":[2,3,5],"tags":[],"_links":{"self":[{"href":"https:\/\/akdenizolaygazetesi.com\/index.php?rest_route=\/wp\/v2\/posts\/19292"}],"collection":[{"href":"https:\/\/akdenizolaygazetesi.com\/index.php?rest_route=\/wp\/v2\/posts"}],"about":[{"href":"https:\/\/akdenizolaygazetesi.com\/index.php?rest_route=\/wp\/v2\/types\/post"}],"author":[{"embeddable":true,"href":"https:\/\/akdenizolaygazetesi.com\/index.php?rest_route=\/wp\/v2\/users\/2"}],"replies":[{"embeddable":true,"href":"https:\/\/akdenizolaygazetesi.com\/index.php?rest_route=%2Fwp%2Fv2%2Fcomments&post=19292"}],"version-history":[{"count":1,"href":"https:\/\/akdenizolaygazetesi.com\/index.php?rest_route=\/wp\/v2\/posts\/19292\/revisions"}],"predecessor-version":[{"id":19294,"href":"https:\/\/akdenizolaygazetesi.com\/index.php?rest_route=\/wp\/v2\/posts\/19292\/revisions\/19294"}],"wp:featuredmedia":[{"embeddable":true,"href":"https:\/\/akdenizolaygazetesi.com\/index.php?rest_route=\/wp\/v2\/media\/19293"}],"wp:attachment":[{"href":"https:\/\/akdenizolaygazetesi.com\/index.php?rest_route=%2Fwp%2Fv2%2Fmedia&parent=19292"}],"wp:term":[{"taxonomy":"category","embeddable":true,"href":"https:\/\/akdenizolaygazetesi.com\/index.php?rest_route=%2Fwp%2Fv2%2Fcategories&post=19292"},{"taxonomy":"post_tag","embeddable":true,"href":"https:\/\/akdenizolaygazetesi.com\/index.php?rest_route=%2Fwp%2Fv2%2Ftags&post=19292"}],"curies":[{"name":"wp","href":"https:\/\/api.w.org\/{rel}","templated":true}]}}