{"id":19295,"date":"2022-06-15T13:00:05","date_gmt":"2022-06-15T10:00:05","guid":{"rendered":"http:\/\/akdenizolaygazetesi.com\/?p=19295"},"modified":"2022-06-15T13:00:05","modified_gmt":"2022-06-15T10:00:05","slug":"310-milyon-tllik-borclanma-yetkisi-buyuksehir-meclisinde-oy-birligiyle-kabul-edildi","status":"publish","type":"post","link":"https:\/\/akdenizolaygazetesi.com\/?p=19295","title":{"rendered":"310 M\u0130LYON TL&#8217;L\u0130K BOR\u00c7LANMA YETK\u0130S\u0130, B\u00dcY\u00dcK\u015eEH\u0130R MECL\u0130S\u0130&#8217;NDE OY B\u0130RL\u0130\u011e\u0130YLE KABUL ED\u0130LD\u0130"},"content":{"rendered":"<p>Mersin B\u00fcy\u00fck\u015fehir Belediye Meclisi&#8217;nin 2022 y\u0131l\u0131 Haziran ay\u0131 2. Birle\u015fim Toplant\u0131s\u0131, B\u00fcy\u00fck\u015fehir Belediye Ba\u015fkan\u0131 Vahap Se\u00e7er ba\u015fkanl\u0131\u011f\u0131nda ger\u00e7ekle\u015ftirildi. Meclis Toplant\u0131s\u0131&#8217;nda komisyonlara havale edilen 13, idareden gelen 6 olmak \u00fczere toplam 19 madde g\u00f6r\u00fc\u015f\u00fcld\u00fc. Meclis&#8217;te 310 milyon TL&#8217;lik kredi kullanma ve bor\u00e7lanma konusu oy birli\u011fi ile kabul edildi. Ba\u015fkan Se\u00e7er, &#8220;\u00c7ok te\u015fekk\u00fcr ediyoruz hem komisyonumuza hem Meclisimize&#8221; dedi.<br \/>\n &#8220;Mersin tar\u0131msal \u00fcretimin, muazzam verimli topraklar\u0131n, iklimin, suyun tetikledi\u011fi \u00e7ok g\u00fczel \u00fcr\u00fcnlerin oldu\u011fu bir kent&#8221;<br \/>\nMersin&#8217;in tar\u0131msal zenginli\u011fi hakk\u0131nda konu\u015fan Ba\u015fkan Se\u00e7er, \u015funlar\u0131 s\u00f6yledi:<br \/>\n&#8220;\u00d6ncelikle Sad\u0131k Altunok Ba\u015fkan\u0131m\u0131za te\u015fekk\u00fcr ediyoruz. Silifke \u00e7ile\u011fi var bug\u00fcn masalar\u0131m\u0131zda. Me\u015fhur Silifke \u00e7ile\u011fi. Buradan da tan\u0131t\u0131m\u0131n\u0131 yapal\u0131m. \u00c7ok te\u015fekk\u00fcr ediyoruz. \u00dcreticilerimize bereketli olsun. G\u00fczel bir sezon olsun in\u015fallah, keseleri dolu olsun. Mersinimiz cennet gibi bir yer. \u00c7ok farkl\u0131 dinamikleri \u00f6zellikleri olan bir kent. \u00d6zellikle tar\u0131msal \u00fcretimin, muazzam verimli topraklar\u0131n, iklimin, suyun tetikledi\u011fi \u00e7ok g\u00fczel \u00fcr\u00fcnlerin oldu\u011fu bir kent. Tarsus&#8217;un beyaz\u0131ndan Anamur&#8217;un muzuna kadar; Mut&#8217;un kay\u0131s\u0131s\u0131na, eri\u011fine kadar; az \u00f6nce g\u00f6rd\u00fc\u011f\u00fcn\u00fcz g\u00fczel Silifke \u00e7ile\u011fine kadar; \u015feftalisine kadar; \u00f6rt\u00fc alt\u0131, \u00f6rt\u00fc \u00fcst\u00fc, a\u00e7\u0131k tarla her t\u00fcrl\u00fc ziraat\u0131n ve d\u00fcnyan\u0131n en kaliteli limonunun \u00fcretildi\u011fi bir co\u011frafya. Bu a\u00e7\u0131dan Mersin&#8217;de ya\u015fayan vatanda\u015flar\u0131m\u0131z\u0131 \u00e7ok \u015fansl\u0131 addediyorum. \u0130n\u015fallah bereketimiz hep daim olsun. Kentimiz \u00e7al\u0131\u015fs\u0131n, \u00fcretsin, refah d\u00fczeyi y\u00fcksek olsun. Zenginimiz, fakirimiz ayr\u0131m\u0131 ortadan kalks\u0131n.<br \/>\nHerkesin kendine yetebilecek medeni bir ya\u015fam standard\u0131n\u0131 sa\u011flayacak geliri olsun. B\u00fct\u00fcn gayretimiz; elbette dualar\u0131m\u0131z bu y\u00f6nde ama di\u011fer taraftan da bir siyaset\u00e7i olarak, bir y\u00f6netici olarak da b\u00fct\u00fcn gayretimiz bu y\u00f6nde. Bu nedenle de bug\u00fcn Meclis toplant\u0131m\u0131zdan sonra yolculu\u011fumuz Anamur olacak. Anamur&#8217;da hem sulama borusu deste\u011fimizden kaynakl\u0131 sulama borusu da\u011f\u0131t\u0131m\u0131 ger\u00e7ekle\u015ftirece\u011fiz, hem alet-ekipman hem de fidan da\u011f\u0131t\u0131m\u0131n\u0131 ger\u00e7ekle\u015ftirece\u011fiz. Yar\u0131n (\u00c7ar\u015famba) ayn\u0131 etkinli\u011fi Mut&#8217;ta yapaca\u011f\u0131z. Mut&#8217;ta da \u015fu anda kay\u0131s\u0131 sezonu devam ediyor. Mutlu hem\u015ferilerimin de sezonunun bereketli ge\u00e7mesini diliyorum. Yar\u0131n (\u00c7ar\u015famba) orada da hem sulama borusu hem alet-ekipman hem de di\u011fer tar\u0131msal desteklerimizle ilgili g\u00fczel bir toplant\u0131m\u0131z olacak. Buradan da t\u00fcm vatanda\u015flar\u0131m\u0131za duyurmak istedim.&#8221;<br \/>\n&#8220;T\u00fcm \u00f6\u011frencilerimize y\u00fcrekten ba\u015far\u0131lar diliyorum&#8221;<br \/>\nHafta sonunda yap\u0131lacak Y\u00fcksek\u00f6\u011fretim Kurumlar\u0131 S\u0131nav\u0131 (YKS) \u00f6ncesi s\u0131nava girecek t\u00fcm \u00f6\u011frencilere ba\u015far\u0131lar dileyen Ba\u015fkan Se\u00e7er, \u015fu ifadeleri kulland\u0131:<br \/>\n&#8220;Bu hafta sonunda yap\u0131lacak olan \u00fcniversite s\u0131nav\u0131na milyonlarca \u00f6\u011frencimiz i\u015ftirak edecek ve ter d\u00f6kecek. Gelece\u011fimizin mimar\u0131 olacak gen\u00e7lerimize, ideallerinden vazge\u00e7meden bildikleri yolda y\u00fcr\u00fcmelerini, Atat\u00fcrk&#8217;\u00fcn g\u00f6sterdi\u011fi bilim ve fenin \u0131\u015f\u0131\u011f\u0131nda &#8220;\u00f6nce insan&#8221; diyerek, ya\u015famalar\u0131n\u0131 diliyorum. En b\u00fcy\u00fck ba\u015far\u0131n\u0131n s\u0131navda kazan\u0131lan puanlar\u0131n de\u011fil, ki\u015fisel mutluluklar\u0131 oldu\u011fu kadar insana ve \u00fclkemizin daha \u00e7ok y\u00fckselmesi i\u00e7in verdikleri emek oldu\u011funu da hat\u0131rlatmak istiyorum. Bu s\u0131nava \u00f6zveriyle haz\u0131rlanan t\u00fcm \u00f6\u011frencilerimizin ve her zaman destekleriyle \u00e7ocuklar\u0131n\u0131n yan\u0131nda olan velilerimizin ve \u00f6\u011fretmenlerinin heyecan\u0131n\u0131 payla\u015f\u0131yor, ba\u015fta Belediyemizin dershanelerinde s\u0131nava haz\u0131rlananlar olmak \u00fczere t\u00fcm \u00f6\u011frencilerimize y\u00fcrekten ba\u015far\u0131lar diliyorum.&#8221;<br \/>\n&#8220;Jandarma Te\u015fkilat\u0131m\u0131z\u0131n 183. kurulu\u015f y\u0131ld\u00f6n\u00fcm\u00fcn\u00fc kutluyorum&#8221;<br \/>\nJandarma Te\u015fkilat\u0131&#8217;n\u0131n 183. kurulu\u015f y\u0131ld\u00f6n\u00fcm\u00fcn\u00fc de kutlayan Ba\u015fkan Se\u00e7er, &#8220;\u00dclkemizin ve milletimizin huzurunu, can ve mal g\u00fcvenli\u011fini b\u00fcy\u00fck bir \u00f6zveriyle sa\u011flayan Jandarma Te\u015fkilat\u0131m\u0131z\u0131n 183. kurulu\u015f y\u0131ld\u00f6n\u00fcm\u00fcn\u00fc kutlaman\u0131n mutlulu\u011funu da ya\u015f\u0131yoruz. Vatanda\u015flar\u0131m\u0131z\u0131n huzuru i\u00e7in fedakarl\u0131k ve \u00f6zveriyle dolu ge\u00e7mi\u015fine dayanan, g\u00fcc\u00fcn\u00fc yasalardan, deste\u011fini milletimizden alan Jandarma Te\u015fkilat\u0131, ba\u015far\u0131lar\u0131 ile her daim hepimizin gurur, g\u00fcven kayna\u011f\u0131 ve g\u00fcvencesi olmu\u015ftur. Kadro yap\u0131s\u0131nda askerin bulunmas\u0131, kolluk faaliyetlerindeki disiplinli \u00e7al\u0131\u015fmalar\u0131 ile Jandarma Te\u015fkilat\u0131m\u0131z her zaman ad\u0131n\u0131 kahramanl\u0131kla birlikte yazd\u0131rm\u0131\u015ft\u0131r. Bu duygu ve d\u00fc\u015f\u00fcncelerle Jandarma Te\u015fkilat\u0131m\u0131z\u0131n 183. kurulu\u015f y\u0131ld\u00f6n\u00fcm\u00fcn\u00fc kutluyor; hayatlar\u0131n\u0131 kaybeden aziz \u015fehitlerimize rahmet dilerken, gazilerimizi minnetle an\u0131yor, g\u00f6revi ba\u015f\u0131ndaki t\u00fcm jandarma mensuplar\u0131m\u0131za sa\u011fl\u0131k, huzur ve ba\u015far\u0131lar diliyorum&#8221; dedi.<br \/>\n&#8220;Grup yollar\u0131n\u0131, k\u00f6y yollar\u0131n\u0131 s\u00fcratle tamamlayaca\u011f\u0131z&#8221;<br \/>\nBa\u015fkan Se\u00e7er, Meclis \u00fcyelerinden gelen de\u011ferlendirmeleri, sorular\u0131 ve talepleri cevaplad\u0131. Ba\u015fkan Se\u00e7er, &#8220;\u00dcz\u00fcml\u00fc-Tol-\u015eahna, 800 metrelik yol programda. Bu y\u0131l i\u00e7erisinde program\u0131m\u0131zda zaten hava \u015fartlar\u0131 da art\u0131k olumluya d\u00f6nd\u00fc\u011f\u00fc i\u00e7in yo\u011fun bir \u015fekilde grup yollar\u0131n\u0131, k\u00f6y yollar\u0131n\u0131 s\u00fcratle tamamlayaca\u011f\u0131z. Yine Demir\u0131\u015f\u0131k giri\u015fi 1700 metrelik sathi kaplama haz\u0131rl\u0131\u011f\u0131n\u0131 yap\u0131yoruz, kaplamas\u0131n\u0131 yapaca\u011f\u0131z oran\u0131nda. Bunlar program\u0131n\u0131zda olan konular\u0131m\u0131z. Yine 2. \u00c7evre Yolu&#8217;nun Vatan Kav\u015fa\u011f\u0131&#8217;ndan sonraki 1 kilometrelik k\u0131sm\u0131nda altyap\u0131 \u00e7al\u0131\u015fmalar\u0131m\u0131z devam ediyor. Eskik\u00f6y Kav\u015fa\u011f\u0131&#8217;na kadar olan k\u0131s\u0131m A\u011fustos ay\u0131na kadar tamamlanm\u0131\u015f olacak. Biliyorsunuz oradan Vatan Caddesi, \u00e7al\u0131\u015fma yapt\u0131\u011f\u0131m\u0131z yer Yedi Karde\u015fler&#8217;den Davultepe&#8217;ye kadar bir g\u00fczergah belirledik. Daha \u00f6nce size sunum yapm\u0131\u015ft\u0131m. Baz\u0131 b\u00f6lgelerde yasal alt yap\u0131y\u0131 olu\u015fturmam\u0131z gerekiyor. Kamula\u015ft\u0131rma, 18 uygulamas\u0131, \u00f6rt\u00fc bedelleri&#8230; Bunlar\u0131 ortadan kald\u0131rd\u0131k\u00e7a devam edece\u011fiz s\u00fcratle. Yine 3. \u00c7evre Yolu da \u00dcniversite-\u00dcniversite Hastanesi b\u00f6lgesinde Yeni\u015fehir Belediyesi ile bir miktar \u00e7al\u0131\u015fmam\u0131z var. \u015eu anda devam ediyor bildi\u011fim kadar\u0131yla. Mezitli ayn\u0131 \u015fekilde, o yolun da devam\u0131n\u0131 sa\u011flayaca\u011f\u0131z. O hatt\u0131 bunlar\u0131 ger\u00e7ekle\u015ftirdikten sonra \u00e7ok rahatlataca\u011f\u0131z&#8221; dedi. Vatan Caddesi&#8217;nin devam\u0131 ile ilgili i\u015flemler i\u00e7in Tapu Kadastro M\u00fcd\u00fcrl\u00fc\u011f\u00fc&#8217;n\u00fcn beklendi\u011fini ifade eden bir Meclis \u00fcyesinin de\u011ferlendirmesi \u00fczerine Ba\u015fkan Se\u00e7er, &#8220;Bizden taraf bir sorun olmaz, yeter ki i\u015flemleri h\u0131zland\u0131ral\u0131m, ilgilenelim, takip edelim derhal oray\u0131 a\u00e7ar\u0131z&#8221; diye konu\u015ftu.<br \/>\nBa\u015fkan Se\u00e7er, D\u00fcnya G\u00f6n\u00fcll\u00fc Kan Ba\u011f\u0131\u015f\u00e7\u0131lar\u0131 G\u00fcn\u00fc dolay\u0131s\u0131 ile vatanda\u015flara kan ba\u011f\u0131\u015f\u0131nda bulunmalar\u0131 \u00e7a\u011fr\u0131s\u0131 yaparak, &#8220;D\u00fcnya G\u00f6n\u00fcll\u00fc Kan Ba\u011f\u0131\u015f\u00e7\u0131lar\u0131 G\u00fcn\u00fc&#8217;n\u00fc \u00f6nemsiyorum. Bu nedenle K\u0131z\u0131lay&#8217;a da destek oluyorum. Buradan da t\u00fcm vatanda\u015flar\u0131ma sesleniyorum. 14 Haziran D\u00fcnya Kan Ba\u011f\u0131\u015f\u00e7\u0131lar\u0131 G\u00fcn\u00fc ama asl\u0131nda bunu her zaman yapmak durumunday\u0131z. Tabii ki insanlar\u0131n kendi sa\u011fl\u0131k durumuyla da ilgili bir konu, ama sa\u011fl\u0131\u011f\u0131 el veren herkesin doktor kontrol\u00fcnde, doktorlara dan\u0131\u015farak kan ba\u011f\u0131\u015f\u0131nda bulunmalar\u0131n\u0131n yararl\u0131 oldu\u011funu d\u00fc\u015f\u00fcn\u00fcyorum. Ben de her y\u0131l bir fark\u0131ndal\u0131k yaratmak i\u00e7in K\u0131z\u0131lay&#8217;a e\u015fimle beraber gidip kan veriyorum. Bu etkinlikte \u015fu anda bizim K\u0131rm\u0131z\u0131 Lacivert \u0130\u015f Han\u0131 giri\u015finde. Belediye \u00e7al\u0131\u015fanlar\u0131m\u0131z\u0131n g\u00f6n\u00fcll\u00fc katk\u0131lar\u0131 isteniyor. Buradan da duyurmu\u015f olal\u0131m&#8221; dedi.<br \/>\nBir Meclis \u00fcyesinin Tarsus&#8217;taki 100. Y\u0131l Hemzemin Ge\u00e7idi ile ilgili vatanda\u015flardan gelen olumlu g\u00f6r\u00fc\u015fleri iletmesi \u00fczerine &#8220;Say\u0131n Uyan 100. Y\u0131l Hemzemin Ge\u00e7idi i\u00e7in te\u015fekk\u00fcrlerini iletti. G\u00f6revimiz. Tarsus g\u00fczide bir il\u00e7emiz, en b\u00fcy\u00fck il\u00e7emiz, en kadim il\u00e7emiz. Biliyorsunuz benim de do\u011fdu\u011fum yer, doydu\u011fum, b\u00fcy\u00fcd\u00fc\u011f\u00fcm yer. Tabii ki Tarsus&#8217;un geli\u015fmesi, kalk\u0131nmas\u0131 beni ziyadesiyle mutlu ediyor. Biz de nacizane ne katk\u0131 yapabilirsek bizim i\u00e7in tabii ki b\u00fcy\u00fck bir onurdur, \u015fereftir. Ancak orada temel sorun \u015fudur; oraya bir \u00fcst ge\u00e7it, alt ge\u00e7it yani trafikle tren yolunu ay\u0131rmam\u0131z laz\u0131m. Raylar\u0131 ay\u0131rmam\u0131z laz\u0131m. \u015eu anda biliyorsunuz h\u0131zl\u0131 tren projesi var. Mersin, Adana, Osmaniye, Gaziantep o hinterlantta. Bu da o kapsamda. \u0130lgili firma, y\u00fcklenici firma belediyemizle de g\u00f6r\u00fc\u015f\u00fcyor oradaki \u00e7al\u0131\u015fmalar\u0131yla ilgili. Mersin merkezdeki Akdeniz il\u00e7esindeki \u00e7al\u0131\u015fmalarla da ilgili. Oradan \u00e7\u0131kacak sonuca g\u00f6re de biz bir vaziyet alaca\u011f\u0131z. Bu kadar k\u00f6pr\u00fcl\u00fc kav\u015fak yap\u0131yoruz, oraya da yapabiliriz. Bizim a\u00e7\u0131m\u0131zdan sorun de\u011fil. Belediye olarak bir proje uygulayabiliriz, ama haz\u0131rda zaten y\u00fcr\u00fct\u00fclen bir \u00e7al\u0131\u015fma var. Onun neticesini bekliyoruz. E\u011fer tren yolu, raylar alta al\u0131nacak olursa ki Tarsus i\u00e7in muazzam olur. Belki biraz maliyetli g\u00f6r\u00fcnebilir, ama bir \u015fehrin esteti\u011fini, kaderini, gelece\u011fini d\u00fc\u015f\u00fcnecek olursan\u0131z bu paralar \u00e7ok b\u00fcy\u00fck paralar kalmaz. Neticede kenti ikiye b\u00f6l\u00fcyorsunuz. Tarsus kuzey ve g\u00fcney diye ayr\u0131l\u0131yor ama tren raylar\u0131n\u0131 \u00f6zellikle demir k\u00f6pr\u00fc diye tan\u0131mlad\u0131\u011f\u0131m\u0131z Berdan&#8217;\u0131n \u00fczerinden ge\u00e7i\u015ften sonra a\u015fa\u011f\u0131 alabilirsek ve Mithatpa\u015fa Mahallesi&#8217;nden Hal civar\u0131ndan \u00e7\u0131k\u0131\u015f\u0131 sa\u011flayabilirsek, muazzam bir i\u015f yapm\u0131\u015f olaca\u011f\u0131z. Bu konuda da \u00e7al\u0131\u015fmalar oldu\u011funu biliyorum bakanl\u0131\u011f\u0131n&#8221; ifadelerine yer verdi.<br \/>\n&#8220;Bizim temel prensibimiz e\u011fitimde f\u0131rsat e\u015fitli\u011fine katk\u0131 sunmak&#8221;<br \/>\nKentteki \u00f6\u011frencilere gerekli katk\u0131y\u0131 sa\u011flad\u0131klar\u0131n\u0131 belirten Ba\u015fkan Se\u00e7er, &#8220;4 binden biraz fazla \u00f6\u011frencimiz bizim \u00f6zellikle il\u00e7e a\u011f\u0131rl\u0131kl\u0131; buray\u0131 \u00f6zenle s\u00f6yl\u00fcyorum, bizim \u00fcniversiteye haz\u0131rl\u0131k merkezlerimiz il\u00e7e a\u011f\u0131rl\u0131kl\u0131, k\u0131rsal a\u011f\u0131rl\u0131kl\u0131. \u00c7\u00fcnk\u00fc bizim temelde prensibimiz mevcut et\u00fct merkezleri ile e\u011fitim kurumlar\u0131 ile rekabet etmek de\u011fil. E\u011fitimde f\u0131rsat e\u015fitli\u011fine katk\u0131 sunmak. Yani G\u00fclnar&#8217;daki bir \u00e7ocu\u011fun da okumas\u0131n\u0131 sa\u011flamak, Ayd\u0131nc\u0131k&#8217;taki bir \u00e7ocu\u011fun da okumas\u0131n\u0131 sa\u011flamak, Tarsus&#8217;ta da bir \u00e7ocu\u011fun e\u011fer ekonomik olarak ailesi yetersizse, beraber yar\u0131\u015fa girecek \u00e7ocuklarla ayn\u0131 ko\u015fullarda girmesini sa\u011flamak. Bu konuda \u00e7ok kararl\u0131y\u0131z. Yine liseye giri\u015f s\u0131navlar\u0131 i\u00e7in \u00f6zellikle mahalle baz\u0131nda daha \u00e7ok gelir d\u00fczeyi d\u00fc\u015f\u00fck ailelerin ya\u015fad\u0131\u011f\u0131 mahalleler d\u00fczeyinde e\u011fitim merkezleri a\u00e7t\u0131k mahalle i\u00e7lerinde. 2500 \u00f6\u011frenciye ula\u015faca\u011f\u0131z. Yenice&#8217;den Adana giri\u015finden Antalya \u00e7\u0131k\u0131\u015f\u0131 Anamur&#8217;a kadar hem \u00fcniversiteye haz\u0131rl\u0131k merkezlerimiz hem liseye giri\u015f s\u0131navlar\u0131na \u00e7ocuklar\u0131m\u0131z\u0131 haz\u0131rlayacak merkezlerimiz \u015fu anda faaliyet g\u00f6steriyor. Bu konuyu \u00e7ok \u00f6nemsiyoruz. Mersinli \u00e7ocuklar zekidir, Mersinli \u00e7ocuklar \u00e7al\u0131\u015fkand\u0131r. En iyi \u00fcniversitelerde okumalar\u0131 onlar i\u00e7in bir hakt\u0131r. Bunu sa\u011flamaya \u00e7al\u0131\u015f\u0131yoruz. Mersin&#8217;in sosyok\u00fclt\u00fcrel yap\u0131s\u0131n\u0131, e\u011fitim seviyesini ne kadar y\u00fckseltirsek di\u011fer sorunlar\u0131 da o paralelde a\u015fabilece\u011fimizi d\u00fc\u015f\u00fcn\u00fcyoruz. &#8216;Hayatta en hakiki m\u00fcr\u015fit ilimdir.&#8217; diyoruz Mustafa Kemal Atat\u00fcrk&#8217;\u00fcn dedi\u011fi gibi. \u00c7ocuk i\u015f\u00e7ili\u011fini \u00f6nleme konusunda da asl\u0131nda al\u0131nacak tedbirlerden bir tanesi \u00e7ocuklar\u0131 e\u011fitime sevk etmek. Onlara bu olanaklar\u0131 a\u00e7mak. Ali Bey s\u00f6yledi, Say\u0131n Tanr\u0131verdi, \u00e7ok kat\u0131l\u0131yorum. \u00c7ok girift bir sorun. Hepimizi ilgilendiriyor. Maalesef \u00e7ocuk i\u015f\u00e7ili\u011fi, \u00f6zellikle Suriyeli s\u0131\u011f\u0131nmac\u0131lardan sonra kay\u0131t d\u0131\u015f\u0131 istihdam muazzam seviyelere geldi. Merkezi H\u00fck\u00fcmet ba\u015fta olmak \u00fczere bu konuda gerekli tedbirleri alma zorunlulu\u011fumuz oldu\u011funu s\u00f6ylemek istiyorum&#8221; diye konu\u015ftu.<br \/>\n310 milyon TL&#8217;lik bor\u00e7lanma yetkisi B\u00fcy\u00fck\u015fehir Meclisi&#8217;nde kabul edildi<br \/>\nMersin B\u00fcy\u00fck\u015fehir Belediyesi 2022 Y\u0131l\u0131 Haziran Ay\u0131 Ola\u011fan Meclis Toplant\u0131s\u0131 2. Birle\u015fimi&#8217;nde, \u0130ller Bankas\u0131 veya ticari bankalardan faiz hari\u00e7 310.000.000 TL (\u00dc\u00e7 y\u00fcz on milyon) kredi kullanma ve B\u00fcy\u00fck\u015fehir Belediyesi ad\u0131na bor\u00e7lanma konusunda Mersin B\u00fcy\u00fck\u015fehir Belediye Ba\u015fkan\u0131 Vahap Se\u00e7er&#8217;in yetkilendirilmesi ile ilgili madde B\u00fcy\u00fck\u015fehir Belediye Meclisi&#8217;nde oy birli\u011fiyle kabul edildi.<br \/>\nKonuyla ilgili Meclis \u00fcyeleri de tek tek s\u00f6z alarak, Mersin&#8217;e hay\u0131rl\u0131 ve u\u011furlu olmas\u0131n\u0131 dilediler. Ba\u015fkan Se\u00e7er konuyla ilgili \u00f6ncelikle Plan ve B\u00fct\u00e7e Komisyonu \u00fcyelerine yapt\u0131klar\u0131 \u00e7al\u0131\u015fmadan dolay\u0131 te\u015fekk\u00fcr ederek, &#8220;\u00d6ncelikle Komisyonumuza te\u015fekk\u00fcr ediyorum yapt\u0131klar\u0131 \u00e7al\u0131\u015fmadan dolay\u0131. Rapor da olumlu bir rapor&#8221; dedi. Baz\u0131 Meclis \u00fcyelerinin kamuoyunda yer alan, Cumhur \u0130ttifak\u0131&#8217;n\u0131n bor\u00e7lanma konusunda B\u00fcy\u00fck\u015fehir&#8217;in \u00f6n\u00fcn\u00fc t\u0131k\u0131yor alg\u0131s\u0131n\u0131n var oldu\u011funu ve bunun yanl\u0131\u015f oldu\u011funu s\u00f6ylemeleri \u00fczerine Ba\u015fkan Se\u00e7er, &#8220;Ancak Say\u0131n Yerlikaya&#8217;n\u0131n ve Say\u0131n K\u0131l\u0131n\u00e7&#8217;\u0131n de\u011ferlendirmelerine ili\u015fkin de mutlaka ben de bir \u015feyler s\u00f6ylemek isterim. &#8216;Toplumda engelleme alg\u0131s\u0131 var, bu yanl\u0131\u015f bir alg\u0131, bunu da belirtelim, alt\u0131n\u0131 \u00e7izelim&#8217; yakla\u015f\u0131m\u0131n\u0131 do\u011fru bulmuyorum a\u00e7\u0131k\u00e7as\u0131. Neden? 3 y\u0131ll\u0131k \u00e7al\u0131\u015fma s\u00fcremize bakt\u0131\u011f\u0131n\u0131z zaman, \u015fu ana kadar Meclis&#8217;e getirdi\u011fimiz bor\u00e7lanma taleplerinden 2019 y\u0131l\u0131nda 164 milyon lira bor\u00e7lanabildi\u011fimizi g\u00f6rebilirsiniz. Ayr\u0131ca ge\u00e7en y\u0131l 2021 y\u0131l\u0131nda, y\u0131l\u0131n bitmesine bir hafta kala, mahkeme karar\u0131 sonucunda ald\u0131\u011f\u0131m\u0131z bor\u00e7lanma yetkisinin, 261 milyon liral\u0131k bor\u00e7lanma yetkisinin ancak 20 milyon TL&#8217;sini kullanabilmi\u015ftik. \u00c7\u00fcnk\u00fc bankalar bizden, ya \u0130ller Bankas\u0131 Teminat Mektubu istedi ya \u00e7ok y\u00fcksek faiz istedi. Biz de tabi ki y\u00fcksek faizi elimizin tersiyle iteriz. Yani biz m\u00fcflis t\u00fcccar de\u011filiz. Mersin B\u00fcy\u00fck\u015fehir Belediyesi m\u00fcflis t\u00fcccar de\u011fildir. Uygun oldu\u011fu \u015fartlarda kredi kullan\u0131r Mersin B\u00fcy\u00fck\u015fehir Belediyesi. Ona g\u00f6re planlamas\u0131n\u0131 yapar. Onun i\u00e7indir ki, b\u00fct\u00e7e sunumlar\u0131nda dikkat edin, bizim b\u00fct\u00e7e hem gelir hem gider ger\u00e7ekle\u015fme oran\u0131 % 100&#8217;e yak\u0131nd\u0131r. Biz hayali bir i\u015f yapmay\u0131z&#8221; dedi.<br \/>\n&#8220;Mersin B\u00fcy\u00fck\u015fehir Belediyesi mali disiplini sa\u011flam\u0131\u015f T\u00fcrkiye&#8217;deki \u00f6rnek g\u00f6sterilecek B\u00fcy\u00fck\u015fehir Belediyelerinden bir tanesidir&#8221;<br \/>\nMersin B\u00fcy\u00fck\u015fehir Belediyesi&#8217;nin mali disiplini sa\u011flam\u0131\u015f T\u00fcrkiye&#8217;deki \u00f6rnek g\u00f6sterilecek B\u00fcy\u00fck\u015fehir Belediyelerinden bir tanesi oldu\u011fu vurgusunu yapan Ba\u015fkan Se\u00e7er, &#8220;Hani siz \u015fu anda 310 milyon lira Meclis olarak bize bor\u00e7lanma yetkisini verirseniz, biz bunu hara\u00e7 mezat faizi, opsiyonu, vadesi ne olursa olsun, batan geminin mallar\u0131 deyip almay\u0131z, \u00f6yle bir derdimiz yok. Mersin B\u00fcy\u00fck\u015fehir Belediyesi mali disiplini sa\u011flam\u0131\u015f T\u00fcrkiye&#8217;deki \u00f6rnek g\u00f6sterilecek B\u00fcy\u00fck\u015fehir Belediyelerinden bir tanesidir. Bir kere bunu bilelim. Belediyemiz de\u011ferlidir, Belediyemiz \u00e7ok \u00f6nemlidir. 2020 y\u0131l\u0131nda 250 milyon lira talebimiz oldu. O zaman Meclis uygun g\u00f6rmedi. Daha sonra 265 milyon lira talebimiz oldu, yine uygun g\u00f6rmedi. Ve bu paralar\u0131 kullanamad\u0131k. Bunun toplamda 515 milyon lira talep oldu\u011funu belirtmek isterim. Ancak bunun 20 milyon liras\u0131n\u0131 kullanabildik. O da mahkeme karar\u0131yla elde etti\u011fimiz yetkiyle. Ve 500 milyon lira gibi bir rakam\u0131 kullanamad\u0131k. Ke\u015fke \u015fu anda komisyonda bize g\u00f6sterilen anlay\u0131\u015f, o tarihlerde g\u00f6sterilseydi. \u015eu anda elimde rakamlar var. Bit\u00fcm fiyatlar\u0131ndan demir fiyatlar\u0131na, mazot fiyatlar\u0131na ger\u00e7ekten \u00e7ok dramatik art\u0131\u015flar. Biz bir\u00e7ok imalat\u0131 bug\u00fcn bunun 3 kat\u0131, yani 1,5 milyar liraya yapaca\u011f\u0131z imalat i\u015fte o zaman belki bu 500 milyon lirayla \u00e7\u00f6zecektik. Bizim itiraz\u0131m\u0131z bunayd\u0131. Di\u011fer taraftan bit\u00fcm i\u00e7in Teminat Mektubu katk\u0131n\u0131z oldu. \u00c7ok te\u015fekk\u00fcr ediyoruz ama biz Teminat Mektubu alamad\u0131k. Bak\u0131n biz Teminat Mektubu alamad\u0131k. Biz \u0130ller Bankas\u0131&#8217;ndan sadece 10 milyon TL, 1 y\u0131ll\u0131k 2019 y\u0131l\u0131nda yanl\u0131\u015f hat\u0131rlam\u0131yorsam 10 milyon TL bir Teminat Mektubu kullanabildik ama di\u011ferini kullanamad\u0131k. Hatta ge\u00e7en y\u0131l son aya kadar &#8216;verece\u011fiz, verece\u011fiz, verece\u011fiz&#8217; diye bekletildi, verilmedi. Bunun bilinmesi a\u00e7\u0131s\u0131ndan anlat\u0131yorum. Bir tart\u0131\u015fma a\u00e7mak niyetinde de\u011filim Say\u0131n Yerlikaya onu s\u00f6yleyeyim&#8221; diye konu\u015ftu.<br \/>\n&#8220;Biz do\u011fru zamanda do\u011fru i\u015fler yapt\u0131k&#8221;<br \/>\nOtob\u00fcs al\u0131m\u0131 konusunda verilen deste\u011fi an\u0131msatarak te\u015fekk\u00fcr eden Ba\u015fkan Se\u00e7er, &#8220;Otob\u00fcs al\u0131m\u0131na destek verdiniz, o zaman da s\u00f6yl\u00fcyorum; te\u015fekk\u00fcr ediyoruz. Bizim 2029&#8217;a kadar otob\u00fcs ihtiyac\u0131m\u0131z yok. Biliyorsunuz bir 87&#8217;lik parti geldi, bir 67&#8217;lik parti geldi. Yani toplam 154 otob\u00fcs \u015fu anda vatanda\u015flar\u0131m\u0131z\u0131n hizmetinde. Bu sizin de deste\u011finizle IBRD Kredisi i\u00e7in ald\u0131\u011f\u0131m yetkiyi Temmuz ay\u0131nda gelecek olan 34&#8217;\u00fc k\u00f6r\u00fckl\u00fc 118 otob\u00fcs i\u00e7in kulland\u0131m ve bu bir hibe kredisiydi. 22 milyon avro ald\u0131k. Bunun 7 milyonu hibe. Finans masraflar\u0131, faizi vesaire 18 milyon \u00f6deyece\u011fiz. Yani yine 5 milyon avro bug\u00fcnk\u00fc d\u00f6viz kuru ile yakla\u015f\u0131k olarak 100 milyon lira civar\u0131nda bir hibe ile biz bunlar\u0131 ald\u0131k. Ve 10 y\u0131lda \u00f6deyece\u011fiz. Bu Belediyemize sa\u011flad\u0131\u011f\u0131m\u0131z \u00f6nemli bir avantajd\u0131r. Bak\u0131n daha \u00f6nce ald\u0131\u011f\u0131m\u0131z otob\u00fcsler \u015fu anda seferlere ba\u015flatt\u0131\u011f\u0131m\u0131z 154 otob\u00fcs\u00fc 48 ay vadeli ald\u0131k. Emin olun \u015fu anda 3 kat\u0131 fiyat\u0131na ancak alabilirsiniz. Biz do\u011fru zamanda do\u011fru i\u015fler yapt\u0131k. \u0130\u015fte o zaman bu 500 milyon lira gibi bir bor\u00e7lanma yetkisi taraf\u0131ma verilseydi, yine Mersin Belediyesi kazanacakt\u0131. Dolay\u0131s\u0131yla Mersin kazanacakt\u0131. Bizim itiraz\u0131m\u0131z bunad\u0131r Say\u0131n Yerlikaya. Di\u011fer taraftan ge\u00e7en A\u011fustos ay\u0131nda, yani 2 ay sonra 1 y\u0131l\u0131n\u0131 dolduracak, 10 ay \u00f6nce, \u015fu anda \u00f6z kaynaklar\u0131m\u0131zla finanse etti\u011fimiz Metro i\u00e7in sizden yetki ald\u0131k; 900 milyon TL ilk dilimi. \u015eu ana kadar Hazine ve Maliye Bakanl\u0131\u011f\u0131&#8217;ndan onay\u0131 gelmedi\u011fi i\u00e7in bir kuru\u015f dahi bor\u00e7lanamad\u0131k biz. Kendi \u00f6z kayna\u011f\u0131m\u0131zdan \u00f6d\u00fcyoruz ve in\u015faat devam ediyor, devam edecek. Biz ona g\u00f6re dengelerimizi sa\u011flayaca\u011f\u0131z ama \u00f6n\u00fcm\u00fcz a\u00e7\u0131lsa daha h\u0131zl\u0131 bu hizmetleri veririz. Metro daha \u00e7abuk hizmete girer. Daha ucuz maliyetlerle girer. \u015eimdi tamam. 2021 y\u0131l\u0131nda bunun ihalesi tamamland\u0131 ama geli\u015fen \u015fartlar, fiyat farklar\u0131; yasayla fiyat fark\u0131 da veriyoruz m\u00fcteahhitlere; bizim maliyetlerimizi art\u0131yor. Biz o zaman bunlar\u0131 ger\u00e7ekle\u015ftirmi\u015f olsayd\u0131k \u00e7ok daha avantajl\u0131 olabilirdik&#8221; ifadelerini kulland\u0131.<br \/>\n&#8220;Umut ediyorum 310 milyon lira kredi kullanmaya \u00e7\u0131kt\u0131\u011f\u0131m\u0131z zaman bankalarla da rahat bir pazarl\u0131k \u015fans\u0131m\u0131z olsun&#8221;<br \/>\nBor\u00e7lanma noktas\u0131nda Meclis&#8217;ten onay alsalar dahi \u0130ller Bankas\u0131&#8217;n\u0131n teminat mektubu istedi\u011fini belirten Ba\u015fkan Se\u00e7er, daha \u00f6nce ya\u015fanan s\u00fcre\u00e7leri anlatarak, &#8220;\u015eimdi yine ayn\u0131 durumla kar\u015f\u0131 kar\u015f\u0131yay\u0131z. Bunun alt\u0131n\u0131 karakalemle \u00e7iziyorum. Bunu l\u00fctfen takip edin. Vatanda\u015flar\u0131m\u0131z da takip etsin. Birbirimizle yar\u0131\u015f yapmak, kolunu b\u00fckmek, birbirimizin arkas\u0131na dolanmak derdinde de\u011filiz. Birbirimizi tu\u015f etmek, halk kar\u015f\u0131s\u0131nda mahcup etmek derdinde de\u011filiz.  Biz samimi olarak memlekete hizmet etmek istiyoruz. \u015eu anda sizden, komisyondan olumlu rapor geldi. Umut ediyorum y\u00fcce Meclis&#8217;te bu konuda bize destek verir, bor\u00e7lanma yetkisini alabilirim ama bir sonraki ad\u0131m\u0131 da bankalar; ya iller bankas\u0131 teminat mektubu verin diyor; bak\u0131n \u0130ller Bankas\u0131 dedi\u011finiz belediyelerden kesintiler yapan bir kurumdur, kamu kurumudur, var olma nedeni belediyelerdir. Biz de bir belediyeyiz ve bizim param\u0131z oradan geliyor. Oradan geliyor param\u0131z. Yani param\u0131z orada. Biz istesek de ald\u0131\u011f\u0131m\u0131z kredileri, kulland\u0131\u011f\u0131m\u0131z teminat mektuplar\u0131n\u0131 \u00f6dememezlik yapamay\u0131z \u00e7\u00fcnk\u00fc para ellerinde, keser, hemen keser. Bu \u015fekilde bir \u00e7al\u0131\u015fma prensibi var. Ona ra\u011fmen biz mektup alamad\u0131k. Bundan sonra umut ediyorum 310 milyon lira kredi kullanmaya \u00e7\u0131kt\u0131\u011f\u0131m\u0131z zaman bankalarla da rahat bir pazarl\u0131k \u015fans\u0131m\u0131z olsun, \u00e7\u00fcnk\u00fc faiz pazarl\u0131\u011f\u0131 yap\u0131yorsunuz; biz iller Bankas\u0131&#8217;ndan teminat mektubu alabiliriz. Sizler de takip edin, yurtta\u015flar\u0131m\u0131z da takip etsin. O zaman hem biz daha rahat denetlenmi\u015f oluruz. Ne yapt\u0131\u011f\u0131m\u0131z\u0131 da siz de g\u00f6z \u00f6n\u00fcnde g\u00f6rm\u00fc\u015f olursunuz&#8221; dedi.<br \/>\n&#8220;Biz hi\u00e7bir delikli kuru\u015fumuzu israf etmeyiz, bu konuda \u00e7ok dikkatliyiz&#8221;<br \/>\nMeclis \u00fcyelerinden gelen asfalt kalitesi \u00fczerine te\u015fekk\u00fcr\u00fc de de\u011ferlendiren Ba\u015fkan Se\u00e7er \u015funlar\u0131 s\u00f6yledi:<br \/>\n&#8220;Say\u0131n Yerlikaya&#8217;ya te\u015fekk\u00fcr ediyoruz yol yap\u0131m kalitemizle ilgili bizi de mutlu eden s\u00f6zler s\u00f6yledi. \u015eu anda Anamur seyahatimizde ak\u015fam oradaki \u0130skele Caddesi&#8217;nin yap\u0131m\u0131n\u0131 tamamlad\u0131k. Orada i\u015fimiz \u00e7ok 19 May\u0131s Caddesi var, Ahmet Yesevi var, bir\u00e7ok cadde var. Mare\u015fal Fevzi \u00c7akmak \u015fu anda yapt\u0131\u011f\u0131m\u0131z, \u00e7ok g\u00fczel \u00e7al\u0131\u015fmalar yap\u0131yoruz. Bu konuda ger\u00e7ekten \u00e7ok b\u00fcy\u00fck paralar \u00f6dedi\u011fimiz i\u00e7in bu kaynaklar\u0131 israf etmemek i\u00e7in her birimiz, hepimiz yapt\u0131\u011f\u0131m\u0131z i\u015flerin kaliteli olmas\u0131 \u00e7abas\u0131 i\u00e7erisindeyiz. Di\u011fer taraftan 34. Cadde ve Mimar Sinan Caddesi&#8217;nde dediniz; bak\u0131n biz \u015f\u00f6yle yap\u0131yoruz \u0130smail Bey; hakl\u0131s\u0131n\u0131z neden \u00e7ok g\u00fczel bir kald\u0131r\u0131m\u0131 biz k\u0131ral\u0131m, bozal\u0131m, tekrar yapal\u0131m. B\u00f6yle bir mant\u0131k yok. Bizim kadromuz da son derece bu konuda iyi. Siz s\u00f6ylediniz; &#8216;asfaltlar \u00e7ok kaliteli oluyor&#8217; dediniz. Demek ki biz baz\u0131 yerlerde zorunluluktan yap\u0131yoruz. Bir; daha \u00f6nce engelli yurtta\u015flar\u0131m\u0131z i\u00e7in parkeler d\u00f6\u015fenmi\u015f, engelli yurtta\u015flar\u0131m\u0131z\u0131n y\u00fcr\u00fcyebilece\u011fi. \u0130ki; engelli yurtta\u015flar\u0131m\u0131z\u0131n tekerlekli ara\u00e7lar\u0131n\u0131n inip \u00e7\u0131kabilece\u011fi rahatl\u0131kta de\u011fil, ya da biliyorsunuz biz yeniledi\u011fimiz caddelerde; 2. \u00c7evre Yolu \u00f6rne\u011fidir az \u00f6nce s\u00f6ylediniz; daha \u00f6nce belli bir prensiple yap\u0131lm\u0131\u015f, b\u00f6yle tahayy\u00fcl edilmi\u015f, b\u00f6yle \u00e7izilmi\u015f, projelendirilmi\u015f gereksiz geni\u015f kald\u0131r\u0131mlar ya da ref\u00fcjler yap\u0131lm\u0131\u015f. Biz onlar\u0131 g\u00fcncelliyoruz. Bisiklet yolu ge\u00e7irebilecek \u015fekilde yap\u0131yoruz. Onun i\u00e7in de bu tip; maalesef belki de tepki al\u0131yoruz ama; gelece\u011fe dair \u00f6nemli \u00e7al\u0131\u015fmalar yapt\u0131\u011f\u0131m\u0131z\u0131 d\u00fc\u015f\u00fcn\u00fcyorum ama herkes rahat olsun. Hani yapboz belediyecilikte \u00e7ok ele\u015ftirilen bir konudur. Vatanda\u015flar\u0131m\u0131z bu konuda da yerden g\u00f6re kadar hakl\u0131d\u0131r.  M\u00fcsterih olsunlar. Asla biz hi\u00e7bir delikli kuru\u015fumuzu israf etmeyiz, bu konuda \u00e7ok dikkatliyiz.&#8221;<br \/>\nBir Meclis \u00fcyesinin; &#8216;Biz gerek bit\u00fcmle gerekse i\u00e7 ve d\u0131\u015f kredilerle ilgili, kredi kullan\u0131mlar\u0131yla ilgili g\u00f6revlerimizi yerine getirdi\u011fimizi d\u00fc\u015f\u00fcn\u00fcyoruz. Bundan sonras\u0131 size aittir&#8217; c\u00fcmlesi \u00fczerine Ba\u015fkan Se\u00e7er, engelleme ile uygunluk kavramlar\u0131n\u0131n kar\u0131\u015ft\u0131r\u0131lmamas\u0131 gerekti\u011fini belirterek \u015f\u00f6yle devam etti:<br \/>\n&#8220;Say\u0131n Fahrettin K\u0131l\u0131n\u00e7 yerden g\u00f6\u011fe kadar hakl\u0131 ama kavramlar\u0131 kar\u0131\u015ft\u0131rmamak laz\u0131m. Engelleme kavram\u0131n\u0131n anlam\u0131 farkl\u0131d\u0131r, uygun de\u011fillik; ben bir teklifte bulunurum Meclis&#8217;e ya da bir kuruma; \u015fu anda metroda oldu\u011fu gibi; ya da size \u015fu anda getirdi\u011fim bor\u00e7lanma yetkisinden, talebinden 2021-2020 reddedilen bor\u00e7lanma yetki taleplerime kadar bir uygunluk vard\u0131r, bir de engelleme vard\u0131r. Engelleme \u015fudur; asl\u0131nda uygundur ama kar\u015f\u0131 taraf\u0131n amac\u0131 has\u0131l olmas\u0131n diye, zor duruma d\u00fc\u015f\u00fcls\u00fcn diye verilen karard\u0131r. Bunun ad\u0131 engellemedir. Sen beni engelliyorsun, ben \u00e7aba sarf ediyorum, bir \u015fey yapmak istiyorum, bunun ad\u0131 engellemedir ama ben senden bor\u00e7 istiyorum, ben senden bir yard\u0131m istiyorum, ben senden; yetkilisiniz; bir onay istiyorum. Derseniz ki; &#8216;Sizin durumunuz buna m\u00fcsait de\u011fil, siz bu borcu geri \u00f6deyemezsiniz ki, bilan\u00e7omuz buna uygun de\u011fil&#8217; Ya da bir yetki vereceksiniz; &#8216;siz bu yetkiyi kullanamazs\u0131n\u0131z, bu hataya sebep olabilir, ben bunu veremem&#8217; dedi\u011finiz noktada bu uygun de\u011fildir anlam\u0131 ta\u015f\u0131n\u0131r. Bu uygunluktur uygunlukla tarif edilir. \u015eimdi ben size soruyorum; az \u00f6nce s\u00f6yledim son 2 y\u0131l istedi\u011fimiz bizim bor\u00e7lanma yetkisi nedir? Bor\u00e7lanma yetkisi; bizim bilan\u00e7omuzda yer alan, b\u00fct\u00e7e denkli\u011fi i\u00e7in gerekli olan finansman talebidir. Bu teknik olarak uygundur. Sizin bu konuda Meclis olarak; &#8216;evet biz bu bor\u00e7lanma yetkisini veriyoruz&#8217; dedi\u011finiz noktada; ki biz mahkeme kazand\u0131k. Mahkeme dedi ki; &#8216;ya siz bunu zaten b\u00fct\u00e7eyi kabul ederek kabul etmi\u015fsiniz. Sizin bu yapt\u0131\u011f\u0131n\u0131z engellemedir&#8217; diyen mahkeme. Bir kere mahkeme karar\u0131n\u0131 okuyun. Diyor ki; &#8216;belde halk\u0131n\u0131n hizmetlerini engelleyemezsiniz&#8217;. \u015eimdi metro konusu var; kamuoyunun ayd\u0131nlanmas\u0131 laz\u0131m. \u015eimdi bak\u0131n bir tart\u0131\u015fma a\u00e7mak istemiyoruz ama bundan rahats\u0131zl\u0131k duymay\u0131n. Bak\u0131n ben \u0130smail Bey&#8217;in, Fahrettin Bey&#8217;in s\u00f6ylediklerinden rahats\u0131zl\u0131k duymad\u0131m. Nezaketli bir dille a\u00e7\u0131kl\u0131yorum. Dediler ki engelleme gibi bir alg\u0131 var. \u00d6rne\u011fin metro; arkada\u015flar benim bilan\u00e7omun metronun bize 900 milyon liral\u0131k d\u0131\u015f kredi kullan\u0131m\u0131na engel bir durumu yok. Ben bor\u00e7suz bir belediyeyim. \u015eu anda en son bilan\u00e7o burada. En son bilan\u00e7om burada, benim 1 milyon 500 k\u00fcsur bin lira borcum var. Benim s\u00f6yledi\u011fim o. Yani dolay\u0131s\u0131yla engellemeyle; vatanda\u015flar\u0131m\u0131z bunlar\u0131 bilsinler. Herhalde anla\u015f\u0131lm\u0131\u015ft\u0131r. \u0130n\u015fallah bundan sonra vatanda\u015flar\u0131m\u0131z\u0131n engelleme gibi yanl\u0131\u015f bir alg\u0131ya kap\u0131lmas\u0131na neden olmayaca\u011f\u0131z, ona f\u0131rsat vermeyece\u011fiz. Biz b\u00f6yle kabul ediyoruz, b\u00f6yle olsun bundan sonra.&#8221;<br \/>\nKonu\u015fmalar\u0131n ard\u0131ndan ilgili madde oy birli\u011fi ile kabul edildi. Ba\u015fkan Se\u00e7er, &#8220;\u00c7ok te\u015fekk\u00fcr ediyoruz hem komisyonumuza hem Meclisimize&#8221; diye konu\u015ftu.<br \/>\n&#8220;Bir Bilim Merkezi yap\u0131yoruz Yeni\u015fehir&#8217;de&#8221;<\/p>\n<p>Yeni\u015fehir \u0130l\u00e7esi, Kocavilayet Mahallesinde 9473 ada ve 3 parsel No&#8217;lu ta\u015f\u0131nmaz \u00fczerinde B\u00fcy\u00fck\u015fehir Belediyesi&#8217;nin tasarrufunda bulunan \u0130klim ve \u00c7evre Bilim Merkezi i\u00e7inde yer alan planetaryum k\u0131sm\u0131n\u0131n ve ba\u011fl\u0131 deney d\u00fczeneklerinin yap\u0131lmas\u0131 amac\u0131yla Ceynak Lojistik ve Ticaret A.\u015e. taraf\u0131ndan firma isminin planetaryum binas\u0131nda g\u00f6r\u00fcnmesi \u015fart\u0131yla, 530 bin dolar \u015fartl\u0131 ba\u011f\u0131\u015f yap\u0131lmas\u0131 konusu Meclis toplant\u0131s\u0131nda oy \u00e7oklu\u011fuyla kabul edildi. Ba\u015fkan Se\u00e7er konuyla ilgili; &#8220;Bu bir \u015fartl\u0131 ba\u011f\u0131\u015f teklifi. 530 bin dolar. Bir Bilim Merkezi yap\u0131yoruz Yeni\u015fehir&#8217;de. Buran\u0131n planetaryum b\u00f6l\u00fcm\u00fcn\u00fc bu firma \u00fcstlenecek ve firman\u0131n ismini verme kayd\u0131yla. Tabi bu \u00e7al\u0131\u015fma sadece 500 bin dolarl\u0131k bir \u00e7al\u0131\u015fma de\u011fil, \u00e7ok daha b\u00fcy\u00fck bir \u00e7al\u0131\u015fma ve Mersin i\u00e7in de, \u00f6\u011frencilerimiz i\u00e7in de muazzam bir tesis olacak. Biz kar\u015f\u0131l\u0131yoruz, bulabildik\u00e7e de sponsor buluyoruz ama biz zaman yitirmemek i\u00e7in; \u00e7\u00fcnk\u00fc \u00e7ok yer gezdik, ara\u015ft\u0131rd\u0131k, yurti\u00e7i, yurtd\u0131\u015f\u0131&#8230; Burada Mersin&#8217;e yara\u015f\u0131r bir \u015fekilde bir Bilim Merkezi olu\u015fturmak istiyoruz. Bu T\u00fcrkiye&#8217;nin bir\u00e7ok yerinde var. Ben hafta sonu Eski\u015fehir&#8217;deydim. Orada da \u00e7ok g\u00fczel bir Bilim Merkezi kurulmu\u015f. Asl\u0131nda bunu T\u00dcB\u0130TAK destekliyor. Biz T\u00dcB\u0130TAK&#8217;a m\u00fcracaat ettik, bize destek olmad\u0131, hadi onu da sorgulam\u0131yoruz. Ama biz kendi \u00e7abam\u0131zla ba\u015flatal\u0131m, Mersin&#8217;de bu konuda yard\u0131mc\u0131 olmak isteyen i\u015f insanlar\u0131, kurumlar, bu odalard\u0131r, bunlar\u0131n da tabi ki desteklerini sa\u011flamaya \u00e7al\u0131\u015f\u0131yoruz. Durum bundan ibarettir&#8221; diye konu\u015ftu. Meclis toplant\u0131s\u0131nda ayr\u0131ca Ulusal Turun\u00e7gil Konseyi taraf\u0131ndan D\u00fcnya Turun\u00e7gil Kongresi i\u00e7in istenen katk\u0131lar ile ilgili protokol imzalama yetkisinin Mersin B\u00fcy\u00fck\u015fehir Belediyesi Ba\u015fkan\u0131 Vahap Se\u00e7er&#8217;e verilmesi ile kad\u0131n ve \u00e7ocuk sorunlar\u0131na ili\u015fkin yap\u0131lacak olan ortak \u00e7al\u0131\u015fmalara ili\u015fkin i\u015fbirli\u011fi ko\u015fullar\u0131n\u0131n belirlenmesi amac\u0131yla Mersin Baro Ba\u015fkanl\u0131\u011f\u0131 ile B\u00fcy\u00fck\u015fehir Belediyesi aras\u0131nda imzalanacak protokol ile ilgili madde de oy birli\u011fiyle kabul edildi.<\/p>\n","protected":false},"excerpt":{"rendered":"<p>Mersin B\u00fcy\u00fck\u015fehir Belediye Meclisi&#8217;nin 2022 y\u0131l\u0131 Haziran ay\u0131 2. Birle\u015fim Toplant\u0131s\u0131, B\u00fcy\u00fck\u015fehir Belediye Ba\u015fkan\u0131 Vahap Se\u00e7er ba\u015fkanl\u0131\u011f\u0131nda ger\u00e7ekle\u015ftirildi. Meclis Toplant\u0131s\u0131&#8217;nda komisyonlara havale edilen 13, idareden gelen 6 olmak \u00fczere toplam &hellip; <a href=\"https:\/\/akdenizolaygazetesi.com\/?p=19295\" class=\"more-link\">Devam\u0131n\u0131 Oku&#8230;<\/a><\/p>\n","protected":false},"author":2,"featured_media":19296,"comment_status":"open","ping_status":"open","sticky":false,"template":"","format":"standard","meta":[],"categories":[8,2,3,6],"tags":[],"_links":{"self":[{"href":"https:\/\/akdenizolaygazetesi.com\/index.php?rest_route=\/wp\/v2\/posts\/19295"}],"collection":[{"href":"https:\/\/akdenizolaygazetesi.com\/index.php?rest_route=\/wp\/v2\/posts"}],"about":[{"href":"https:\/\/akdenizolaygazetesi.com\/index.php?rest_route=\/wp\/v2\/types\/post"}],"author":[{"embeddable":true,"href":"https:\/\/akdenizolaygazetesi.com\/index.php?rest_route=\/wp\/v2\/users\/2"}],"replies":[{"embeddable":true,"href":"https:\/\/akdenizolaygazetesi.com\/index.php?rest_route=%2Fwp%2Fv2%2Fcomments&post=19295"}],"version-history":[{"count":1,"href":"https:\/\/akdenizolaygazetesi.com\/index.php?rest_route=\/wp\/v2\/posts\/19295\/revisions"}],"predecessor-version":[{"id":19297,"href":"https:\/\/akdenizolaygazetesi.com\/index.php?rest_route=\/wp\/v2\/posts\/19295\/revisions\/19297"}],"wp:featuredmedia":[{"embeddable":true,"href":"https:\/\/akdenizolaygazetesi.com\/index.php?rest_route=\/wp\/v2\/media\/19296"}],"wp:attachment":[{"href":"https:\/\/akdenizolaygazetesi.com\/index.php?rest_route=%2Fwp%2Fv2%2Fmedia&parent=19295"}],"wp:term":[{"taxonomy":"category","embeddable":true,"href":"https:\/\/akdenizolaygazetesi.com\/index.php?rest_route=%2Fwp%2Fv2%2Fcategories&post=19295"},{"taxonomy":"post_tag","embeddable":true,"href":"https:\/\/akdenizolaygazetesi.com\/index.php?rest_route=%2Fwp%2Fv2%2Ftags&post=19295"}],"curies":[{"name":"wp","href":"https:\/\/api.w.org\/{rel}","templated":true}]}}