{"id":19298,"date":"2022-06-15T13:03:18","date_gmt":"2022-06-15T10:03:18","guid":{"rendered":"http:\/\/akdenizolaygazetesi.com\/?p=19298"},"modified":"2022-06-15T13:03:18","modified_gmt":"2022-06-15T10:03:18","slug":"tuggeneral-carikcioglu-teskilatimizin-183uncu-kurulus-yili-kutlu-olsun","status":"publish","type":"post","link":"https:\/\/akdenizolaygazetesi.com\/?p=19298","title":{"rendered":"TU\u011eGENERAL \u00c7ARIK\u00c7IO\u011eLU, &#8220;TE\u015eK\u0130LATIMIZIN, 183&#8217;\u00dcNC\u00dc KURULU\u015e YILI KUTLU OLSUN&#8221;"},"content":{"rendered":"<p>Toroslar Belediye Ba\u015fkan\u0131 Ats\u0131z Af\u015f\u0131n Y\u0131lmaz, Jandarma Te\u015fkilat\u0131&#8217;n\u0131n 183&#8217;\u00fcnc\u00fc kurulu\u015f y\u0131l d\u00f6n\u00fcm\u00fc dolay\u0131s\u0131yla Mersin \u0130l Jandarma Komutanl\u0131\u011f\u0131 ve G\u00f6zne Jandarma Karakol Komutanl\u0131\u011f\u0131&#8217;n\u0131 ziyaret etti.<\/p>\n<p>Tu\u011fgeneral Necip \u00c7ar\u0131k\u00e7\u0131o\u011flu nezdinde t\u00fcm Jandarma Te\u015fkilat\u0131&#8217;n\u0131n 183&#8217;\u00fcnc\u00fc kurulu\u015f y\u0131l d\u00f6n\u00fcm\u00fcn\u00fc kutlayan Ba\u015fkan Y\u0131lmaz, t\u00fcm te\u015fkilat mensuplar\u0131na g\u00f6revlerinde ba\u015far\u0131lar diledi.<\/p>\n<p>Ziyarette, Mersin Cumhuriyet Ba\u015fsavc\u0131s\u0131 Tolgahan \u00d6ztoprak ile de bir araya gelen Ba\u015fkan Y\u0131lmaz, &#8220;Jandarma Te\u015fkilat\u0131m\u0131z, 183 y\u0131ld\u0131r g\u00fcven ve huzurun tesisi i\u00e7in gece g\u00fcnd\u00fcz demeden b\u00fcy\u00fck bir a\u015fkla vatan n\u00f6betini s\u00fcrd\u00fcrmektedir. Te\u015fkilat\u0131m\u0131z, \u00e7a\u011f\u0131n gereklerine uygun teknolojik altyap\u0131s\u0131, e\u011fitimli kadrosu ve tecr\u00fcbesiyle ge\u00e7mi\u015fte oldu\u011fu gibi gelecekte de bir arada ve huzur i\u00e7inde ya\u015famam\u0131z\u0131n en b\u00fcy\u00fck teminatlar\u0131ndan biri olacakt\u0131r. Jandarmam\u0131z\u0131n kurulu\u015f y\u0131l d\u00f6n\u00fcm\u00fcn\u00fc kutluyor,  ilimizdeki huzur ve g\u00fcven ortam\u0131n\u0131n tesisinde g\u00f6sterdikleri gayretten dolay\u0131 \u0130l Jandarma Komutan\u0131m\u0131z Say\u0131n Necip \u00c7ar\u0131k\u00e7\u0131o\u011flu&#8217;nun \u015fahs\u0131nda t\u00fcm te\u015fkilat mensuplar\u0131na te\u015fekk\u00fcr ediyorum&#8221; ifadelerini kulland\u0131.<\/p>\n<p>TU\u011eGENERAL \u00c7ARIK\u00c7IO\u011eLU, &#8220;TE\u015eK\u0130LATIMIZIN, 183&#8217;\u00dcNC\u00dc KURULU\u015e YILI KUTLU OLSUN&#8221;<\/p>\n<p>Ba\u015fkan Y\u0131lmaz&#8217;\u0131 a\u011f\u0131rlamaktan b\u00fcy\u00fck bir memnuniyet duydu\u011funu dile getiren Tu\u011fgeneral \u00c7ar\u0131k\u00e7\u0131o\u011flu da bu anlaml\u0131 ziyaret i\u00e7in te\u015fekk\u00fcr ederek, &#8220;Jandarma Te\u015fkilat\u0131m\u0131z\u0131n, 183&#8217;\u00fcnc\u00fc kurulu\u015f y\u0131l d\u00f6n\u00fcm\u00fc kutlu olsun&#8221; dedi.<\/p>\n<p>&#8220;JANDARMA TE\u015eK\u0130LATIMIZLA GURUR DUYUYORUZ&#8221;<\/p>\n<p>G\u00f6zne Jandarma Karakol Komutanl\u0131\u011f\u0131&#8217;n\u0131 da ziyaret eden Ba\u015fkan Y\u0131lmaz, burada Karakol Komutan\u0131 Jandarma Astsubay K\u0131demli Ba\u015f\u00e7avu\u015f Hasan Baybostan ve g\u00fcvenlik g\u00fc\u00e7leriyle bir araya geldi.<\/p>\n<p>&#8220;Vatan savunmas\u0131nda, b\u00f6l\u00fcnmez b\u00fct\u00fcnl\u00fc\u011f\u00fcm\u00fcz\u00fcn korunmas\u0131nda, \u00fclkede huzur ve g\u00fcvenli\u011fin sa\u011flanmas\u0131nda \u00fcst\u00fcn bir hizmet anlay\u0131\u015f\u0131yla g\u00f6rev yapan Jandarma Te\u015fkilat\u0131m\u0131z\u0131n 183. kurulu\u015f y\u0131l\u0131n\u0131 kutlaman\u0131n gururunu ya\u015f\u0131yoruz&#8221; diyen Ba\u015fkan Y\u0131lmaz, &#8220;Ba\u015fta Gazi Mustafa Kemal Atat\u00fcrk olmak \u00fczere bu topraklar\u0131 bize vatan k\u0131lan aziz \u015fehitlerimizi ve ebediyete irtihal eden kahraman gazilerimizi rahmetle an\u0131yor, hayatta olan gazilerimize de sa\u011fl\u0131kl\u0131 bir \u00f6m\u00fcr diliyorum&#8221; diye konu\u015ftu.<\/p>\n","protected":false},"excerpt":{"rendered":"<p>Toroslar Belediye Ba\u015fkan\u0131 Ats\u0131z Af\u015f\u0131n Y\u0131lmaz, Jandarma Te\u015fkilat\u0131&#8217;n\u0131n 183&#8217;\u00fcnc\u00fc kurulu\u015f y\u0131l d\u00f6n\u00fcm\u00fc dolay\u0131s\u0131yla Mersin \u0130l Jandarma Komutanl\u0131\u011f\u0131 ve G\u00f6zne Jandarma Karakol Komutanl\u0131\u011f\u0131&#8217;n\u0131 ziyaret etti. Tu\u011fgeneral Necip \u00c7ar\u0131k\u00e7\u0131o\u011flu nezdinde t\u00fcm Jandarma &hellip; <a href=\"https:\/\/akdenizolaygazetesi.com\/?p=19298\" class=\"more-link\">Devam\u0131n\u0131 Oku&#8230;<\/a><\/p>\n","protected":false},"author":2,"featured_media":19299,"comment_status":"open","ping_status":"open","sticky":false,"template":"","format":"standard","meta":[],"categories":[1,2,3],"tags":[],"_links":{"self":[{"href":"https:\/\/akdenizolaygazetesi.com\/index.php?rest_route=\/wp\/v2\/posts\/19298"}],"collection":[{"href":"https:\/\/akdenizolaygazetesi.com\/index.php?rest_route=\/wp\/v2\/posts"}],"about":[{"href":"https:\/\/akdenizolaygazetesi.com\/index.php?rest_route=\/wp\/v2\/types\/post"}],"author":[{"embeddable":true,"href":"https:\/\/akdenizolaygazetesi.com\/index.php?rest_route=\/wp\/v2\/users\/2"}],"replies":[{"embeddable":true,"href":"https:\/\/akdenizolaygazetesi.com\/index.php?rest_route=%2Fwp%2Fv2%2Fcomments&post=19298"}],"version-history":[{"count":1,"href":"https:\/\/akdenizolaygazetesi.com\/index.php?rest_route=\/wp\/v2\/posts\/19298\/revisions"}],"predecessor-version":[{"id":19300,"href":"https:\/\/akdenizolaygazetesi.com\/index.php?rest_route=\/wp\/v2\/posts\/19298\/revisions\/19300"}],"wp:featuredmedia":[{"embeddable":true,"href":"https:\/\/akdenizolaygazetesi.com\/index.php?rest_route=\/wp\/v2\/media\/19299"}],"wp:attachment":[{"href":"https:\/\/akdenizolaygazetesi.com\/index.php?rest_route=%2Fwp%2Fv2%2Fmedia&parent=19298"}],"wp:term":[{"taxonomy":"category","embeddable":true,"href":"https:\/\/akdenizolaygazetesi.com\/index.php?rest_route=%2Fwp%2Fv2%2Fcategories&post=19298"},{"taxonomy":"post_tag","embeddable":true,"href":"https:\/\/akdenizolaygazetesi.com\/index.php?rest_route=%2Fwp%2Fv2%2Ftags&post=19298"}],"curies":[{"name":"wp","href":"https:\/\/api.w.org\/{rel}","templated":true}]}}