{"id":19304,"date":"2022-06-15T13:07:09","date_gmt":"2022-06-15T10:07:09","guid":{"rendered":"http:\/\/akdenizolaygazetesi.com\/?p=19304"},"modified":"2022-06-15T13:07:09","modified_gmt":"2022-06-15T10:07:09","slug":"chpli-antmen-yurt-intiharlarini-meclise-tasidi","status":"publish","type":"post","link":"https:\/\/akdenizolaygazetesi.com\/?p=19304","title":{"rendered":"CHP\u2019L\u0130 ANTMEN YURT \u0130NT\u0130HARLARINI MECL\u0130SE TA\u015eIDI"},"content":{"rendered":"<p>CHP Mersin Milletvekili Alpay Antmen, \u00f6\u011frenci intiharlar\u0131n\u0131 Meclis G\u00fcndemine ta\u015f\u0131d\u0131. Gen\u00e7lik ve Spor Bakan\u0131 Mehmet Muharrem Kasapo\u011flu taraf\u0131ndan yan\u0131tlanmas\u0131 istemiyle soru \u00f6nergesi veren Antmen, son d\u00f6nemde ya\u015fanan intihar ve \u00f6\u011frenci \u00f6l\u00fcmlerinin bilgilerini payla\u015ft\u0131.<\/p>\n<p>7 Aral\u0131k 2021 tarihinde Akdeniz \u00dcniversitesi Bilgisayar M\u00fchendisli\u011fi B\u00f6l\u00fcm\u00fc birinci s\u0131n\u0131f \u00f6\u011frencisi Mehmet Sami Tu\u011frul&#8217;un ba\u015f\u0131n\u0131n yurt binas\u0131nda sat\u0131rla kesilerek \u00f6ld\u00fcr\u00fcld\u00fc\u011f\u00fcn\u00fc, 11 Ocak 2022 tarihinde Elaz\u0131\u011f F\u0131rat \u00dcniversitesi T\u0131p Fak\u00fcltesi 2. s\u0131n\u0131f \u00f6\u011frencisi Enes Kara&#8217;n\u0131n, cemaat bask\u0131s\u0131 y\u00fcz\u00fcnden intihar etti\u011fini belirterek &#8220;Malatya \u0130n\u00f6n\u00fc \u00dcniversitesi \u00f6\u011frencisi 20 ya\u015f\u0131ndaki gen\u00e7 k\u0131z, 21 Nisan 2022 tarihinde gece kald\u0131\u011f\u0131 \u00f6\u011frenci yurdu binas\u0131n\u0131n 7&#8217;nci kat\u0131ndan d\u00fc\u015ferek hayat\u0131n\u0131 kaybetmi\u015ftir. Baz\u0131 iddialara g\u00f6re bu \u00f6\u011frenci intihar etmi\u015ftir. 11 May\u0131s 2022 tarihinde Antalya Akdeniz \u00dcniversitesi kamp\u00fcs\u00fcndeki Bezm-i Alem Valide Sultan Kredi Yurtlar Kurumu (KYK) Yurdu&#8217;nda kalan Halil G\u00fcl\u00e7an intihar etmi\u015ftir. Ayn\u0131 kamp\u00fcs i\u00e7indeki Elmal\u0131l\u0131 Hamdi Yaz\u0131r \u00d6\u011frenci Yurdu&#8217;nda kalan Muhammet Emre Kandemir, 23 May\u0131s 2022 tarihinde intihar etmi\u015ftir. Sadece Antalya&#8217;da 1 ayda \u00fc\u00e7 \u00f6\u011frenci intihar etti.&#8221; dedi.<\/p>\n<p>CHP&#8217;li Antmen&#8217;in \u00f6nergesinde yer alan sorular \u015fu \u015fekilde;<\/p>\n<p>\u2013 2015 Ocak ila 2022 Haziran aylar\u0131 aras\u0131nda ge\u00e7en s\u00fcrede intihar eden \u00f6\u011frenci say\u0131s\u0131 ka\u00e7t\u0131r? Bunlar\u0131n ka\u00e7\u0131 yurtlarda, ka\u00e7\u0131 kamp\u00fcs ya da ba\u015fka bir yerde intihar etmi\u015ftir? Bu yurtlar\u0131n ka\u00e7\u0131 kamu, ka\u00e7\u0131 vak\u0131f ya da \u00f6zel yurttur?<\/p>\n<p>&#8211; 2015 Ocak ila 2022 Haziran aylar\u0131 aras\u0131nda ge\u00e7en s\u00fcrede hayat\u0131n\u0131 kaybeden \u00f6\u011frenci say\u0131s\u0131 ka\u00e7t\u0131r? Bunlar\u0131n ka\u00e7\u0131 yurtlarda, ka\u00e7\u0131 kamp\u00fcs ya da ba\u015fka bir yerde ya\u015fam\u0131n\u0131 yitirmi\u015ftir? Bunlar\u0131n nedenleri nedir?<\/p>\n<p>\u2013 \u00d6\u011frenci yurtlar\u0131nda ya\u015fanan intiharlar\u0131n ka\u00e7\u0131 mobbing, cemaat, tarikat ve yurt y\u00f6netimi bask\u0131lar\u0131 nedeniyle ger\u00e7ekle\u015fmi\u015ftir? Ya\u015fanan bu olaylarla ilgili bug\u00fcne kadar ka\u00e7 soru\u015fturma a\u00e7\u0131lm\u0131\u015ft\u0131r? Bunlar\u0131n sonu\u00e7lar\u0131 nelerdir?<\/p>\n<p>&#8211; Bakanl\u0131k olarak bu intiharlar\u0131n \u00f6nlenmesi ad\u0131na ne t\u00fcr \u00e7al\u0131\u015fmalar yapt\u0131n\u0131z ve yapmaktas\u0131n\u0131z? \u00d6\u011frencileri bask\u0131 alt\u0131na sokan, bunal\u0131ma girmelerine neden olan bu tarikat yap\u0131lanmalar\u0131 kar\u015f\u0131s\u0131nda ne t\u00fcr giri\u015fimlerde bulundunuz?<\/p>\n","protected":false},"excerpt":{"rendered":"<p>CHP Mersin Milletvekili Alpay Antmen, \u00f6\u011frenci intiharlar\u0131n\u0131 Meclis G\u00fcndemine ta\u015f\u0131d\u0131. Gen\u00e7lik ve Spor Bakan\u0131 Mehmet Muharrem Kasapo\u011flu taraf\u0131ndan yan\u0131tlanmas\u0131 istemiyle soru \u00f6nergesi veren Antmen, son d\u00f6nemde ya\u015fanan intihar ve \u00f6\u011frenci &hellip; <a href=\"https:\/\/akdenizolaygazetesi.com\/?p=19304\" class=\"more-link\">Devam\u0131n\u0131 Oku&#8230;<\/a><\/p>\n","protected":false},"author":2,"featured_media":19305,"comment_status":"open","ping_status":"open","sticky":false,"template":"","format":"standard","meta":[],"categories":[1,2,3],"tags":[],"_links":{"self":[{"href":"https:\/\/akdenizolaygazetesi.com\/index.php?rest_route=\/wp\/v2\/posts\/19304"}],"collection":[{"href":"https:\/\/akdenizolaygazetesi.com\/index.php?rest_route=\/wp\/v2\/posts"}],"about":[{"href":"https:\/\/akdenizolaygazetesi.com\/index.php?rest_route=\/wp\/v2\/types\/post"}],"author":[{"embeddable":true,"href":"https:\/\/akdenizolaygazetesi.com\/index.php?rest_route=\/wp\/v2\/users\/2"}],"replies":[{"embeddable":true,"href":"https:\/\/akdenizolaygazetesi.com\/index.php?rest_route=%2Fwp%2Fv2%2Fcomments&post=19304"}],"version-history":[{"count":1,"href":"https:\/\/akdenizolaygazetesi.com\/index.php?rest_route=\/wp\/v2\/posts\/19304\/revisions"}],"predecessor-version":[{"id":19306,"href":"https:\/\/akdenizolaygazetesi.com\/index.php?rest_route=\/wp\/v2\/posts\/19304\/revisions\/19306"}],"wp:featuredmedia":[{"embeddable":true,"href":"https:\/\/akdenizolaygazetesi.com\/index.php?rest_route=\/wp\/v2\/media\/19305"}],"wp:attachment":[{"href":"https:\/\/akdenizolaygazetesi.com\/index.php?rest_route=%2Fwp%2Fv2%2Fmedia&parent=19304"}],"wp:term":[{"taxonomy":"category","embeddable":true,"href":"https:\/\/akdenizolaygazetesi.com\/index.php?rest_route=%2Fwp%2Fv2%2Fcategories&post=19304"},{"taxonomy":"post_tag","embeddable":true,"href":"https:\/\/akdenizolaygazetesi.com\/index.php?rest_route=%2Fwp%2Fv2%2Ftags&post=19304"}],"curies":[{"name":"wp","href":"https:\/\/api.w.org\/{rel}","templated":true}]}}