{"id":1931,"date":"2020-11-04T18:22:28","date_gmt":"2020-11-04T15:22:28","guid":{"rendered":"http:\/\/mersinekonomipolitikagazetesi.com\/?p=1931"},"modified":"2020-11-04T18:22:28","modified_gmt":"2020-11-04T15:22:28","slug":"engelliler-haftasi-2","status":"publish","type":"post","link":"https:\/\/akdenizolaygazetesi.com\/?p=1931","title":{"rendered":"Engelliler Haftas\u0131"},"content":{"rendered":"<p>Mersin Valisi Ali \u0130hsan Su, engelli vatanda\u015flar\u0131n \u00f6nlerindeki engeller kald\u0131r\u0131ld\u0131k\u00e7a, kendilerine inan\u0131l\u0131p f\u0131rsat verildik\u00e7e, hayat\u0131n her alan\u0131nda daha etkin ve verimli olduklar\u0131n\u0131 belirterek, &#8220;Sahip olduklar\u0131 potansiyeli azimle, sab\u0131rla ve inan\u00e7la \u00e7al\u0131\u015farak ortaya \u00e7\u0131karmakta ve b\u00fcy\u00fck ba\u015far\u0131lara imza atarak hayallerini ger\u00e7ekle\u015ftirmektedirler&#8221; dedi.<\/p>\n<p><span style=\"font-size:16px;\"><span style=\"font-family: sans-serif; line-height: 20px; text-align: justify; background-color: rgb(242, 244, 245);\">Vali Su, &#8216;Engelliler Haftas\u0131&#8217; dolay\u0131s\u0131yla yapt\u0131\u011f\u0131 a\u00e7\u0131klamada, engellilerin sosyo-ekonomik hayat\u0131n i\u00e7erisinde kar\u015f\u0131la\u015ft\u0131klar\u0131 sorunlar kar\u015f\u0131s\u0131nda bireysel ve toplumsal hassasiyeti en \u00fcst d\u00fczeye ta\u015f\u0131ma ad\u0131na her y\u0131l 10-16 May\u0131s tarihlerini kapsayan haftan\u0131n &#8216;Engelliler Haftas\u0131&#8217; olarak kutland\u0131\u011f\u0131n\u0131 hat\u0131rlatt\u0131.\u00a0<\/span><br style=\"box-sizing: border-box; font-family: sans-serif; font-size: 14px; line-height: 20px; text-align: justify; background-color: rgb(242, 244, 245);\" \/><br \/>\n<span style=\"font-family: sans-serif; line-height: 20px; text-align: justify; background-color: rgb(242, 244, 245);\">Birey ve toplum olarak herkesin birer engelli aday\u0131 oldu\u011fu ger\u00e7e\u011finden hareketle bu hassasiyetin g\u00f6sterilebildi\u011finde, engellilerle empati kuruldu\u011funda en b\u00fcy\u00fck engelin de ortadan kalkaca\u011f\u0131na i\u015faret eden Su, &#8220;Engelli vatanda\u015flar\u0131m\u0131z da \u00f6nlerindeki engeller kald\u0131r\u0131ld\u0131k\u00e7a, kendilerine inan\u0131l\u0131p f\u0131rsat verildik\u00e7e, hayat\u0131n her alan\u0131nda daha etkin ve verimli olmakta, sahip olduklar\u0131 potansiyeli azimle, sab\u0131rla ve inan\u00e7la \u00e7al\u0131\u015farak ortaya \u00e7\u0131karmakta ve b\u00fcy\u00fck ba\u015far\u0131lara imza atarak hayallerini ger\u00e7ekle\u015ftirmektedirler.\u00a0<\/span><br style=\"box-sizing: border-box; font-family: sans-serif; font-size: 14px; line-height: 20px; text-align: justify; background-color: rgb(242, 244, 245);\" \/><br \/>\n<span style=\"font-family: sans-serif; line-height: 20px; text-align: justify; background-color: rgb(242, 244, 245);\">Mersin Valili\u011fi olarak ilin t\u00fcm dinamikleri ile i\u015fbirli\u011fi i\u00e7erisinde, engelli vatanda\u015flar\u0131m\u0131z\u0131n kar\u015f\u0131la\u015ft\u0131klar\u0131 sorunlara \u00e7\u00f6z\u00fcm bulma, engellilerimizin herhangi bir engele tak\u0131lmadan toplumsal hayat\u0131n i\u00e7erisinde rahat\u00e7a yer almas\u0131n\u0131 sa\u011flama noktas\u0131nda \u00e7al\u0131\u015fmalar\u0131m\u0131z\u0131 kararl\u0131l\u0131kla s\u00fcrd\u00fcrmekteyiz&#8221; diye konu\u015ftu.\u00a0<\/span><br style=\"box-sizing: border-box; font-family: sans-serif; font-size: 14px; line-height: 20px; text-align: justify; background-color: rgb(242, 244, 245);\" \/><br \/>\n<span style=\"font-family: sans-serif; line-height: 20px; text-align: justify; background-color: rgb(242, 244, 245);\">Kocamaz: &#8220;Mersin\u2019i engelsiz kentler standard\u0131na \u00e7\u0131karmak i\u00e7in \u00e7al\u0131\u015f\u0131yoruz&#8221;\u00a0<\/span><br style=\"box-sizing: border-box; font-family: sans-serif; font-size: 14px; line-height: 20px; text-align: justify; background-color: rgb(242, 244, 245);\" \/><br \/>\n<span style=\"font-family: sans-serif; line-height: 20px; text-align: justify; background-color: rgb(242, 244, 245);\">B\u00fcy\u00fck\u015fehir Belediye Ba\u015fkan\u0131 Burhanettin Kocamaz ise Mersin\u2019i engelsiz kentler standard\u0131na \u00e7\u0131karmak i\u00e7in Mersinlilerle el ele vererek bir\u00e7ok \u00e7al\u0131\u015fma ger\u00e7ekle\u015ftirdiklerini s\u00f6yledi. Kocamaz, \u201cMutlu bir d\u00fcnyan\u0131n kap\u0131lar\u0131n\u0131 a\u00e7abilecek alt\u0131n anahtar, engelsiz kentlerde ya\u015fama \u015fans\u0131 bulan engelli bireylerimizin mutlulu\u011fudur\u201d ifadelerini kulland\u0131.\u00a0<\/span><br style=\"box-sizing: border-box; font-family: sans-serif; font-size: 14px; line-height: 20px; text-align: justify; background-color: rgb(242, 244, 245);\" \/><br \/>\n<span style=\"font-family: sans-serif; line-height: 20px; text-align: justify; background-color: rgb(242, 244, 245);\">B\u00fcy\u00fck\u015fehir Belediyesi olarak Mersin\u2019de kurduklar\u0131 merhamet odakl\u0131 sevgi sistemiyle ba\u015fta dezavantajl\u0131 toplum kesimleri olmak \u00fczere t\u00fcm halk\u0131 sevgiyle kucaklad\u0131klar\u0131n\u0131 kaydeden Kocamaz, &#8220;Engelli bireylerinin kendilerini g\u00fcvende hissetmelerini sa\u011flayamayan, onlar\u0131 mutlu ve huzurlu k\u0131lamayan bir millet ger\u00e7ekten mutlu say\u0131lamaz. Engelli bireylerinin hay\u0131r dualar\u0131n\u0131 alamayan bir yerel y\u00f6netim ya da merkezi h\u00fck\u00fcmet ger\u00e7ekten ba\u015far\u0131l\u0131 say\u0131lamaz. Mersin\u2019i engelli bireylerimizin ya\u015famaktan mutlu oldu\u011fu bir kent haline getirmek ve engelli vatanda\u015flar\u0131m\u0131za daha sa\u011fl\u0131kl\u0131 ve rahat bir hayat sunabilmek i\u00e7in Mersin B\u00fcy\u00fck\u015fehir Belediyesi olarak kentimizde bir\u00e7ok \u00e7al\u0131\u015fma yap\u0131yor, bir\u00e7ok proje geli\u015ftiriyoruz. Fark\u0131nday\u0131z ki onlar\u0131n huzuru, refah\u0131, mutlulu\u011fu, t\u00fcm insanlarla e\u015fit hizmeti alabilmeleri sadece engelli vatanda\u015flar\u0131m\u0131z\u0131n de\u011fil toplumu olu\u015fturan t\u00fcm bireylerin ortak meselesidir. Bu sorunun \u00e7\u00f6z\u00fcm\u00fc ise engelli vatanda\u015flar\u0131m\u0131z\u0131n sosyal hayata adapte olmas\u0131n\u0131 sa\u011flayacak hizmetlerle olu\u015fturulan olanaklar ile m\u00fcmk\u00fcnd\u00fcr&#8221; \u015feklinde konu\u015ftu.\u00a0<\/span><br style=\"box-sizing: border-box; font-family: sans-serif; font-size: 14px; line-height: 20px; text-align: justify; background-color: rgb(242, 244, 245);\" \/><br \/>\n<span style=\"font-family: sans-serif; line-height: 20px; text-align: justify; background-color: rgb(242, 244, 245);\">\u00d6zdemir: &#8220;Engelli haklar\u0131 konusunda toplumumuzda yeterli duyarl\u0131l\u0131k olu\u015fmam\u0131\u015ft\u0131r&#8221;\u00a0<\/span><br style=\"box-sizing: border-box; font-family: sans-serif; font-size: 14px; line-height: 20px; text-align: justify; background-color: rgb(242, 244, 245);\" \/><br \/>\n<span style=\"font-family: sans-serif; line-height: 20px; text-align: justify; background-color: rgb(242, 244, 245);\">Mersin Barosu Ba\u015fkan Vekili Gazi \u00d6zdemir ise engelli haklar\u0131 konusunda toplumda yeterli duyarl\u0131l\u0131\u011f\u0131n olu\u015fmad\u0131\u011f\u0131n\u0131 s\u00f6yledi.\u00a0<\/span><br style=\"box-sizing: border-box; font-family: sans-serif; font-size: 14px; line-height: 20px; text-align: justify; background-color: rgb(242, 244, 245);\" \/><br \/>\n<span style=\"font-family: sans-serif; line-height: 20px; text-align: justify; background-color: rgb(242, 244, 245);\">\u00d6zdemir, engelli haklar\u0131n\u0131n anayasaya g\u00f6re temel hak ve \u00f6zg\u00fcrl\u00fck kapsam\u0131nda oldu\u011funa i\u015faret ederek, &#8220;Engelli vatanda\u015flar\u0131m\u0131z\u0131n sorunlar\u0131n\u0131n toplumsal bir sorun oldu\u011funun bilincine var\u0131l\u0131p, sadece Engelliler Haftas\u0131\u2019nda de\u011fil hayat\u0131m\u0131z\u0131n her an\u0131nda haklar\u0131n\u0131n korunmas\u0131 ve sorunlar\u0131na \u00e7\u00f6z\u00fcm \u00fcretilmesi g\u00fcndeme al\u0131nmal\u0131d\u0131r. Engellilik sadece engelli vatanda\u015flar\u0131m\u0131z\u0131 ve ailelerini de\u011fil, toplumu olu\u015fturan t\u00fcm kesimleri ilgilendiren, duyarl\u0131 olmay\u0131 gerektiren toplumsal bir sorundur. Engelli vatanda\u015flar\u0131m\u0131za sahip \u00e7\u0131karak ya\u015famlar\u0131n\u0131 kolayla\u015ft\u0131rmak, ailelerine destek olmak, sorunlar\u0131n\u0131n giderilmesine katk\u0131da bulunmak bir insanl\u0131k g\u00f6revi ve ortak sorumlulu\u011fumuz oldu\u011fu asla unutulmamal\u0131d\u0131r\u201d ifadesini kulland\u0131.\u00a0<\/span><\/span><\/p>\n","protected":false},"excerpt":{"rendered":"<p>Mersin Valisi Ali \u0130hsan Su, engelli vatanda\u015flar\u0131n \u00f6nlerindeki engeller kald\u0131r\u0131ld\u0131k\u00e7a, kendilerine inan\u0131l\u0131p f\u0131rsat verildik\u00e7e, hayat\u0131n her alan\u0131nda daha etkin ve verimli olduklar\u0131n\u0131 belirterek, &#8220;Sahip olduklar\u0131 potansiyeli azimle, sab\u0131rla ve inan\u00e7la &hellip; <a href=\"https:\/\/akdenizolaygazetesi.com\/?p=1931\" class=\"more-link\">Devam\u0131n\u0131 Oku&#8230;<\/a><\/p>\n","protected":false},"author":1,"featured_media":0,"comment_status":"open","ping_status":"open","sticky":false,"template":"","format":"standard","meta":[],"categories":[],"tags":[],"_links":{"self":[{"href":"https:\/\/akdenizolaygazetesi.com\/index.php?rest_route=\/wp\/v2\/posts\/1931"}],"collection":[{"href":"https:\/\/akdenizolaygazetesi.com\/index.php?rest_route=\/wp\/v2\/posts"}],"about":[{"href":"https:\/\/akdenizolaygazetesi.com\/index.php?rest_route=\/wp\/v2\/types\/post"}],"author":[{"embeddable":true,"href":"https:\/\/akdenizolaygazetesi.com\/index.php?rest_route=\/wp\/v2\/users\/1"}],"replies":[{"embeddable":true,"href":"https:\/\/akdenizolaygazetesi.com\/index.php?rest_route=%2Fwp%2Fv2%2Fcomments&post=1931"}],"version-history":[{"count":0,"href":"https:\/\/akdenizolaygazetesi.com\/index.php?rest_route=\/wp\/v2\/posts\/1931\/revisions"}],"wp:attachment":[{"href":"https:\/\/akdenizolaygazetesi.com\/index.php?rest_route=%2Fwp%2Fv2%2Fmedia&parent=1931"}],"wp:term":[{"taxonomy":"category","embeddable":true,"href":"https:\/\/akdenizolaygazetesi.com\/index.php?rest_route=%2Fwp%2Fv2%2Fcategories&post=1931"},{"taxonomy":"post_tag","embeddable":true,"href":"https:\/\/akdenizolaygazetesi.com\/index.php?rest_route=%2Fwp%2Fv2%2Ftags&post=1931"}],"curies":[{"name":"wp","href":"https:\/\/api.w.org\/{rel}","templated":true}]}}