{"id":19313,"date":"2022-06-15T13:14:19","date_gmt":"2022-06-15T10:14:19","guid":{"rendered":"http:\/\/akdenizolaygazetesi.com\/?p=19313"},"modified":"2022-06-15T13:14:19","modified_gmt":"2022-06-15T10:14:19","slug":"opera-sahnesinde-gala-konseri","status":"publish","type":"post","link":"https:\/\/akdenizolaygazetesi.com\/?p=19313","title":{"rendered":"Opera Sahnesi\u2019nde \u201cGala Konser\u201di"},"content":{"rendered":"<p>Mersin Devlet Opera ve Balesi, 18 Haziran  Cumartesi g\u00fcn\u00fc saat 20:00\u2019 de Opera Sahnesi\u2019nde \u201cGala Konser\u201di sahneleyecek.<\/p>\n<p>Mersin Devlet Opera ve Balesi yerle\u015fik salondaki son temsilini muhte\u015fem bir konser ile ger\u00e7ekle\u015ftirecek. 18 Haziran 2022 Cumartesi saat 20:00\u2019da ger\u00e7ekle\u015ftirilecek olan \u201cGala Konser\u201d in ard\u0131ndan yaz aylar\u0131nda sanatseverler ile a\u00e7\u0131k hava konserleri ve festival turnelerinde bulu\u015facak olan Mersin DOB seyircisini bekliyor.<br \/>\nOrkestra \u015fefli\u011fini Rustam Rahmedov, koro \u015fefli\u011fini An\u0131l Ayd\u0131n, Konzertmeisterl\u0131\u011f\u0131n\u0131 Kutay Alpay\u2019\u0131n ger\u00e7ekle\u015ftirece\u011fi konserin solist sanat\u00e7\u0131lar\u0131 ise Simge B\u00fcy\u00fckedes, Hale Soner Keke\u00e7, Asude Karayavuz, B\u00fclent Bezd\u00fcz, Ayd\u0131n U\u015ftuk, Caner Akg\u00fcn olacak.  D\u00fcnyaca \u00fcnl\u00fc besteciler G.Bizet, G.Verdi, W.A. Mozart  ve bir\u00e7ok besteciye ait operalardan kesitlerin ve aryalar\u0131n seslendirilece\u011fi kapan\u0131\u015f konseri, Mersin DOB Orkestras\u0131  ve korosu ile birlikte seyircinin be\u011fenisine sunulacak.<br \/>\nMersin DOB 21 Haziran 2022 Sal\u0131 g\u00fcn\u00fc 20:30\u2019da Mersin G\u00fczel Sanatlar Galerisi Bah\u00e7esi\u2019nde \u00fccretsiz ger\u00e7ekle\u015fecek \u201c3 Tenor Konseri\u201d ve sonras\u0131nda 23 Haziran 2022 Per\u015fembe g\u00fcn\u00fc saat 20:30\u2019da Tarsus St. Paul Meydan\u0131\u2019nda \u00fccretsiz sahnelenecek \u201cSenfonik Allegra Ensemble\u201d konseri ile seyircisiyle bulu\u015fmaya devam edecek.<\/p>\n<p>Biletler  Opera Gi\u015fesinden ve  https:\/\/www.biletinial.com adresinden temin edilebilir.<\/p>\n","protected":false},"excerpt":{"rendered":"<p>Mersin Devlet Opera ve Balesi, 18 Haziran Cumartesi g\u00fcn\u00fc saat 20:00\u2019 de Opera Sahnesi\u2019nde \u201cGala Konser\u201di sahneleyecek. Mersin Devlet Opera ve Balesi yerle\u015fik salondaki son temsilini muhte\u015fem bir konser ile &hellip; <a href=\"https:\/\/akdenizolaygazetesi.com\/?p=19313\" class=\"more-link\">Devam\u0131n\u0131 Oku&#8230;<\/a><\/p>\n","protected":false},"author":2,"featured_media":19314,"comment_status":"open","ping_status":"open","sticky":false,"template":"","format":"standard","meta":[],"categories":[2,3,5],"tags":[],"_links":{"self":[{"href":"https:\/\/akdenizolaygazetesi.com\/index.php?rest_route=\/wp\/v2\/posts\/19313"}],"collection":[{"href":"https:\/\/akdenizolaygazetesi.com\/index.php?rest_route=\/wp\/v2\/posts"}],"about":[{"href":"https:\/\/akdenizolaygazetesi.com\/index.php?rest_route=\/wp\/v2\/types\/post"}],"author":[{"embeddable":true,"href":"https:\/\/akdenizolaygazetesi.com\/index.php?rest_route=\/wp\/v2\/users\/2"}],"replies":[{"embeddable":true,"href":"https:\/\/akdenizolaygazetesi.com\/index.php?rest_route=%2Fwp%2Fv2%2Fcomments&post=19313"}],"version-history":[{"count":1,"href":"https:\/\/akdenizolaygazetesi.com\/index.php?rest_route=\/wp\/v2\/posts\/19313\/revisions"}],"predecessor-version":[{"id":19315,"href":"https:\/\/akdenizolaygazetesi.com\/index.php?rest_route=\/wp\/v2\/posts\/19313\/revisions\/19315"}],"wp:featuredmedia":[{"embeddable":true,"href":"https:\/\/akdenizolaygazetesi.com\/index.php?rest_route=\/wp\/v2\/media\/19314"}],"wp:attachment":[{"href":"https:\/\/akdenizolaygazetesi.com\/index.php?rest_route=%2Fwp%2Fv2%2Fmedia&parent=19313"}],"wp:term":[{"taxonomy":"category","embeddable":true,"href":"https:\/\/akdenizolaygazetesi.com\/index.php?rest_route=%2Fwp%2Fv2%2Fcategories&post=19313"},{"taxonomy":"post_tag","embeddable":true,"href":"https:\/\/akdenizolaygazetesi.com\/index.php?rest_route=%2Fwp%2Fv2%2Ftags&post=19313"}],"curies":[{"name":"wp","href":"https:\/\/api.w.org\/{rel}","templated":true}]}}