{"id":19325,"date":"2022-06-16T13:28:23","date_gmt":"2022-06-16T10:28:23","guid":{"rendered":"http:\/\/akdenizolaygazetesi.com\/?p=19325"},"modified":"2022-06-16T13:28:23","modified_gmt":"2022-06-16T10:28:23","slug":"baskan-secerin-orkestra-sefligi-ile-mersinden-esitlige-ses-verildi","status":"publish","type":"post","link":"https:\/\/akdenizolaygazetesi.com\/?p=19325","title":{"rendered":"BA\u015eKAN SE\u00c7ER&#8217;\u0130N ORKESTRA \u015eEFL\u0130\u011e\u0130 \u0130LE MERS\u0130N&#8217;DEN E\u015e\u0130TL\u0130\u011eE SES VER\u0130LD\u0130"},"content":{"rendered":"<p>Mersin B\u00fcy\u00fck\u015fehir Belediye Ba\u015fkan\u0131 Vahap Se\u00e7er, Meral Se\u00e7er ile birlikte T\u00fcrk Kad\u0131nlar Konseyi Derne\u011fi taraf\u0131ndan &#8220;E\u015fitli\u011fe Ses Ver&#8221; mottosuyla d\u00fczenlenen Senfonik Pop Konseri&#8217;ni dinledi. Mersin B\u00fcy\u00fck\u015fehir Belediyesi&#8217;nin ana sponsorlu\u011funda ve Mersin Kent Konseyi&#8217;nin destekleriyle d\u00fczenlenen konserin sunuculu\u011funu \u00fcnl\u00fc oyuncu Volkan Severcan \u00fcstlendi. Ba\u015fkan Se\u00e7er&#8217;in orkestra \u015fefli\u011fini yapt\u0131\u011f\u0131 &#8220;Memleketim&#8221; \u015fark\u0131s\u0131nda t\u00fcm dinleyiciler hep bir a\u011f\u0131zdan \u015fark\u0131ya e\u015flik ederek, Mersin&#8217;den e\u015fitli\u011fe ses verdi.<br \/>\nMersin B\u00fcy\u00fck\u015fehir Belediyesi Kent Orkestras\u0131 ve T\u00fcrk Kad\u0131nlar Konseyi Derne\u011fi Mersin Korosu, Daniel Fedorean \u015fefli\u011finde \u00e7al\u0131nan birbirinden g\u00fczel \u015fark\u0131larla harika bir m\u00fczik gecesine imza att\u0131. Geceye renk katan solistler de s\u00f6yledikleri \u015fark\u0131larla konseri \u015fenlendirdi. Geceye damga vuran Mersin B\u00fcy\u00fck\u015fehir Belediyesi Kent Orkestras\u0131 ve T\u00fcrk Kad\u0131nlar Konseyi Derne\u011fi Mersin Korosu&#8217;nun e\u015fitli\u011fe ses veren solistleri aras\u0131nda; Yeni\u015fehir Belediye Ba\u015fkan\u0131 Abdullah \u00d6zyi\u011fit, T\u00fcrk Kad\u0131nlar Konseyi Mersin \u015eube Ba\u015fkan\u0131 Belgin G\u00fcra\u011fa\u00e7, Mersin Ticaret ve Sanayi Odas\u0131 Meclis Ba\u015fkan\u0131 Hamit \u0130zol gibi farkl\u0131 mesleklerde ba\u015far\u0131lara imza atm\u0131\u015f 12 isim yer ald\u0131.<br \/>\nBa\u015fkan Se\u00e7er, orkestraya \u015feflik yapt\u0131<br \/>\nDinleyicilere keyifli bir m\u00fczik gecesi ya\u015fat\u0131lan konserde alk\u0131\u015flar dinmedi. Gecenin finalinde ise Ba\u015fkan Se\u00e7er sahneye davet edildi. Konserin sunuculu\u011funu yapan Volkan Severcan&#8217;\u0131n, &#8220;Say\u0131n Ba\u015fkan\u0131m malumunuz orkestrada bir\u00e7ok enstr\u00fcman var. Bir\u00e7ok enstr\u00fcmandan farkl\u0131 farkl\u0131 sesler \u00e7\u0131k\u0131yor. Ama o b\u00fct\u00fcn sazlar\u0131 bir arada ahenkle idare edebilmekte pek kolay bir \u015fey de\u011fil. Siz de Mersin&#8217;i \u00f6yle ahenkle ve \u00f6yle g\u00fczel idare ediyorsunuz ki, e\u011fer izin verirseniz \u015fefimin bagetini size veriyorum ve hep beraber &#8216;Memleketim&#8217; s\u00f6ylemeye ne dersiniz&#8221; s\u00f6zleri ile a\u011f\u0131rlanan Ba\u015fkan Se\u00e7er, orkestran\u0131n ba\u015f\u0131na ge\u00e7ti. Ba\u015fkan Se\u00e7er \u015fefli\u011finde \u00e7al\u0131nan &#8220;Memleketim&#8221; \u015fark\u0131s\u0131yla konserin finaline imza at\u0131ld\u0131.<br \/>\nBa\u015fkan Se\u00e7er: &#8220;3 y\u0131ld\u0131r nas\u0131l hissediyorsan\u0131z in\u015fallah \u00f6m\u00fcr boyu hep b\u00f6yle hissedeceksiniz&#8221;<br \/>\nSahnede konsere anlam katan orkestra \u00fcyeleri ve gecenin renkli solistleri ile birlikte dinleyicileri selamlayan Ba\u015fkan Se\u00e7er, &#8220;Konsere 10 \u00fczerinden 10 veriyorum. Hepiniz harikayd\u0131n\u0131z ger\u00e7ekten. Bu gecenin en b\u00fcy\u00fck mimar\u0131 ben de\u011filim. Burada arkada\u015flar\u0131m \u00e7ok b\u00fcy\u00fck emek verdiler. Biz sadece minik dokunu\u015flar, minik katk\u0131lar yapt\u0131k. Orkestram\u0131z bir kere \u00e7ok g\u00fczel, \u00e7ok te\u015fekk\u00fcr ediyoruz. Vokalistlerimiz, koromuz, zaten solistlerimiz de harika. Hepiniz harikayd\u0131n\u0131z ger\u00e7ekten. Daniel sen bir ba\u015fkas\u0131n zaten. Herkes gayet g\u00fczeldi. Mersin g\u00fczel. Mersin demokrasi kenti. Mersin insanl\u0131k kenti, k\u00fclt\u00fcr, sanat kenti. Mersin&#8217;de kendinizi iyi hissedin. Abdullah Ba\u015fkan\u0131m\u0131n s\u00f6yledi\u011fi gibi, 3 y\u0131ld\u0131r nas\u0131l hissediyorsan\u0131z in\u015fallah \u00f6m\u00fcr boyu hep b\u00f6yle hissedeceksiniz. Herkese te\u015fekk\u00fcr ediyorum. \u0130n\u015fallah en k\u00f6t\u00fc g\u00fcn\u00fcm\u00fcz b\u00f6yle olsun&#8221; dedi.<br \/>\nBa\u015fkan \u00d6zyi\u011fit: &#8220;Mersin&#8217;de ben biliyorum ki 31 Mart&#8217;tan bug\u00fcne b\u00fct\u00fcn ya\u015fam\u0131n zorluklar\u0131na ra\u011fmen insanlar\u0131n y\u00fcz\u00fc g\u00fcl\u00fcyor&#8221;<br \/>\nCem Karaca&#8217;n\u0131n &#8220;Islak Islak&#8221; \u015fark\u0131s\u0131n\u0131 harika bir performansla s\u00f6yleyen Yeni\u015fehir Belediye Ba\u015fkan\u0131 Abdullah \u00d6zyi\u011fit, &#8220;B\u00f6yle g\u00fczel bir projede sevgili dostlar bize b\u00f6yle bir teklifle geldi\u011finde &#8216;Tabi ki ne demek&#8217; dedik. Ama i\u015f ba\u015fa d\u00fc\u015f\u00fcnce, i\u015f bu sahne a\u015famas\u0131na gelince her \u015fey biraz daha zorla\u015f\u0131yor. Heyecan art\u0131yor. Sevgili dostum \u00e7ok mesleklerden bahsetti. Biz \u015fimdi Belediye Ba\u015fkanlar\u0131m\u0131z\u0131 temsil ettik. Benim k\u0131ymetli Ba\u015fkan\u0131m Vahap Se\u00e7er&#8217;in de, sizin de \u00e7ok sevdi\u011finizi biliyorum bu par\u00e7ay\u0131. Umut ediyorum ki b\u00f6yle g\u00fczelliklerle toplumumuz gelece\u011fi g\u00f6r\u00fcr. Ger\u00e7ekten s\u0131k\u0131nt\u0131l\u0131 zamanlar ya\u015f\u0131yoruz. Mersin&#8217;de ben biliyorum ki 31 Mart&#8217;tan bug\u00fcne 3 y\u0131l\u0131 a\u015fk\u0131n bir s\u00fcredir, ya\u015fam\u0131n b\u00fct\u00fcn zorluklar\u0131na ra\u011fmen insanlar\u0131n y\u00fcz\u00fc g\u00fcl\u00fcyor. Daha \u00f6zg\u00fcvenliler, daha keyifliler. Bunu sa\u011flayan benim k\u0131ymetli dostum, a\u011fabeyim B\u00fcy\u00fck\u015fehir Belediye Ba\u015fkan\u0131m\u0131z. Bizim de 1 gram katk\u0131m\u0131z olduysa ne mutlu. Birlikte ba\u015faraca\u011f\u0131z de\u011ferli dostlar, her \u015fey \u00e7ok daha g\u00fczel olacak&#8221; diye konu\u015ftu.<br \/>\nG\u00fcra\u011fa\u00e7: &#8220;Bug\u00fcn \u00e7al\u0131nan her nota, s\u00f6yleyece\u011fimiz her \u015fark\u0131 yar\u0131n e\u011fitime katk\u0131 sunacak&#8221;<br \/>\nT\u00fcrk Kad\u0131nlar Konseyi Mersin \u015eube Ba\u015fkan\u0131 Belgin G\u00fcra\u011fa\u00e7, &#8220;Bug\u00fcn Mersinli erkekleri dayan\u0131\u015fmaya \u00e7a\u011f\u0131rd\u0131k ve m\u00fczi\u011fi arac\u0131 se\u00e7tik. M\u00fczik arac\u0131m\u0131z olsun istedik. Onlarla birlikte \u015fark\u0131lar\u0131m\u0131zla, ezgilerimizle bug\u00fcn e\u015fitli\u011fe ses verece\u011fiz. Biz biliyoruz ki \u015fiddetsiz ve adil bir d\u00fcnya m\u00fcmk\u00fcn. Ho\u015fg\u00f6r\u00fc ve dayan\u0131\u015fma ile birlikte biz bunun i\u00e7in \u00e7abalayaca\u011f\u0131z ve bunu ba\u015faraca\u011f\u0131z diye d\u00fc\u015f\u00fcn\u00fcyorum. Bug\u00fcn \u00e7al\u0131nan her nota, s\u00f6yleyece\u011fimiz her \u015fark\u0131 yar\u0131n e\u011fitime katk\u0131 sunacak. T\u00fcrk Kad\u0131nlar Konseyi&#8217;nin burs fonuna aktar\u0131lacak. Bug\u00fcn burada varl\u0131\u011f\u0131n\u0131zla hepiniz bizimle birlikte e\u015fitli\u011fe ses veriyorsunuz. Ben bunun i\u00e7in hepinize \u00e7ok te\u015fekk\u00fcr ediyorum.  Bug\u00fcne kadar bu proje i\u00e7in bizden deste\u011fini esirgemeyen Mersin B\u00fcy\u00fck\u015fehir Belediye Ba\u015fkan\u0131m\u0131z Say\u0131n Vahap Se\u00e7er&#8217;e, Yeni\u015fehir Belediye Ba\u015fkan\u0131m\u0131z Say\u0131n Abdullah \u00d6zyi\u011fit&#8217;e sonsuz te\u015fekk\u00fcrlerimizi sunuyoruz&#8221; dedi.<\/p>\n","protected":false},"excerpt":{"rendered":"<p>Mersin B\u00fcy\u00fck\u015fehir Belediye Ba\u015fkan\u0131 Vahap Se\u00e7er, Meral Se\u00e7er ile birlikte T\u00fcrk Kad\u0131nlar Konseyi Derne\u011fi taraf\u0131ndan &#8220;E\u015fitli\u011fe Ses Ver&#8221; mottosuyla d\u00fczenlenen Senfonik Pop Konseri&#8217;ni dinledi. Mersin B\u00fcy\u00fck\u015fehir Belediyesi&#8217;nin ana sponsorlu\u011funda ve &hellip; <a href=\"https:\/\/akdenizolaygazetesi.com\/?p=19325\" class=\"more-link\">Devam\u0131n\u0131 Oku&#8230;<\/a><\/p>\n","protected":false},"author":2,"featured_media":19326,"comment_status":"open","ping_status":"open","sticky":false,"template":"","format":"standard","meta":[],"categories":[1,2,3],"tags":[],"_links":{"self":[{"href":"https:\/\/akdenizolaygazetesi.com\/index.php?rest_route=\/wp\/v2\/posts\/19325"}],"collection":[{"href":"https:\/\/akdenizolaygazetesi.com\/index.php?rest_route=\/wp\/v2\/posts"}],"about":[{"href":"https:\/\/akdenizolaygazetesi.com\/index.php?rest_route=\/wp\/v2\/types\/post"}],"author":[{"embeddable":true,"href":"https:\/\/akdenizolaygazetesi.com\/index.php?rest_route=\/wp\/v2\/users\/2"}],"replies":[{"embeddable":true,"href":"https:\/\/akdenizolaygazetesi.com\/index.php?rest_route=%2Fwp%2Fv2%2Fcomments&post=19325"}],"version-history":[{"count":1,"href":"https:\/\/akdenizolaygazetesi.com\/index.php?rest_route=\/wp\/v2\/posts\/19325\/revisions"}],"predecessor-version":[{"id":19327,"href":"https:\/\/akdenizolaygazetesi.com\/index.php?rest_route=\/wp\/v2\/posts\/19325\/revisions\/19327"}],"wp:featuredmedia":[{"embeddable":true,"href":"https:\/\/akdenizolaygazetesi.com\/index.php?rest_route=\/wp\/v2\/media\/19326"}],"wp:attachment":[{"href":"https:\/\/akdenizolaygazetesi.com\/index.php?rest_route=%2Fwp%2Fv2%2Fmedia&parent=19325"}],"wp:term":[{"taxonomy":"category","embeddable":true,"href":"https:\/\/akdenizolaygazetesi.com\/index.php?rest_route=%2Fwp%2Fv2%2Fcategories&post=19325"},{"taxonomy":"post_tag","embeddable":true,"href":"https:\/\/akdenizolaygazetesi.com\/index.php?rest_route=%2Fwp%2Fv2%2Ftags&post=19325"}],"curies":[{"name":"wp","href":"https:\/\/api.w.org\/{rel}","templated":true}]}}