{"id":1933,"date":"2020-11-04T18:22:28","date_gmt":"2020-11-04T15:22:28","guid":{"rendered":"http:\/\/mersinekonomipolitikagazetesi.com\/?p=1933"},"modified":"2020-11-04T18:22:28","modified_gmt":"2020-11-04T15:22:28","slug":"2018-avrupa-kulturel-miras-yili-etkinligi","status":"publish","type":"post","link":"https:\/\/akdenizolaygazetesi.com\/?p=1933","title":{"rendered":"2018 Avrupa K\u00fclt\u00fcrel Miras y\u0131l\u0131 etkinli\u011fi"},"content":{"rendered":"<p>Mersin Ticaret ve Sanayi Odas\u0131 AB Bilgi Merkezi ile Ayd\u0131nc\u0131k Belediyesi i\u015fbirli\u011fi i\u00e7erisinde 2018 Avrupa K\u00fclt\u00fcrel Miras y\u0131l\u0131 m\u00fcnasebetiyle 11- 13 May\u0131s 2018 tarihleri aras\u0131nda Ayd\u0131nc\u0131k \u0130l\u00e7esinde \u2018Do\u011fu Akdeniz K\u00fclt\u00fcr Varl\u0131klar\u0131 ve Sualt\u0131 K\u00fclt\u00fcr Miras\u0131\u2019 temal\u0131 ba\u015fl\u0131k alt\u0131nda etkinli\u011fin ger\u00e7ekle\u015ftirece\u011fi a\u00e7\u0131kland\u0131.<\/p>\n<div>\n<div id=\":4\">\n<div id=\":2\">\n<div role=\"main\">\n<table cellpadding=\"0\" role=\"presentation\" style=\"width:1675px;\">\n<tbody>\n<tr>\n<td>\n<div role=\"list\">\n<div role=\"listitem\" style=\"clear:both;\" tabindex=\"-1\">\n<div id=\":2po\">\n<div data-legacy-message-id=\"163492991438021e\" data-message-id=\"163492991438021e\">\n<div style=\"margin-left:44px;\">\n<div id=\":2pj\">\n<div id=\":2pm\">\n<div dir=\"auto\">\n<blockquote type=\"cite\">\n<div dir=\"ltr\">\n<p><span style=\"font-size:16px;\">12 May\u0131s Cumartesi g\u00fcn\u00fc 14.00 \u2013 16.00 saatleri aras\u0131nda Ayd\u0131nc\u0131k\u2019ta ger\u00e7ekle\u015fecek olan etkinlikte s\u00f6yle\u015fi b\u00f6l\u00fcmleri de yer alacak.<\/span><\/p>\n<p>\u00a0<\/p>\n<p><span style=\"font-size:16px;\">S\u00f6yle\u015fi b\u00f6l\u00fcmlerinde, \u201cDo\u011fu Akdeniz\u2019de Antik \u00c7a\u011f Denizcili\u011fi\u201d \u0130stanbul \u00dcniversitesi \u00d6\u011fretim \u00dcyesi Prof. Dr. Mustafa Hamdi Sayar, \u201cDo\u011fu Akdeniz\u2019de Antik Limanlar\u201d Kelenderis Kaz\u0131 Ba\u015fkan\u0131-Batman \u00dcniversitesi Fen Edebiyat Fak\u00fcltesi B\u00f6l\u00fcm Ba\u015fkan\u0131 Prof. Dr. Kamil Levent Zoro\u011flu,\u00a0 \u201cMersin Adana ve Antakya Sualt\u0131 K\u00fclt\u00fcr Miras\u0131\u201d Sualt\u0131 Arkeolo\u011fu, Ge\u00e7mi\u015f D\u00f6nem Bodrum M\u00fcze M\u00fcd\u00fcr\u00fc Ya\u015far Y\u0131ld\u0131z taraf\u0131ndan anlat\u0131lacak.<\/span><\/p>\n<p>\u00a0<\/p>\n<p><span style=\"font-size:16px;\">Ayr\u0131ca K\u00fclt\u00fcr Miras\u0131m\u0131z\u0131n Korunmas\u0131;\u00a0 Ki\u015fisel ve Ortak Sorumluluklar \u00fczerine konu\u015fmac\u0131lar \u00f6nerilerde bulunacak. Program kapsam\u0131nda Kelenderis Antik Kenti ve Aynal\u0131 G\u00f6l Ma\u011faras\u0131 ziyaret edilecek. Aquademi Dal\u0131\u015f Kul\u00fcb\u00fc, Kilikya Dal\u0131\u015f Merkezi i\u015fbirli\u011fi ile ger\u00e7ekle\u015ftirilen K\u00fclt\u00fcrel Miras Fark\u0131ndal\u0131k Dal\u0131\u015f\u2019\u0131 ise 13 May\u0131s Pazar g\u00fcn\u00fc saat 09.00\u2019da Mart\u0131 Adas\u0131\u2019nda ger\u00e7ekle\u015fecek.<\/span><\/p>\n<div>\n<div aria-label=\"Geni\u015fletilen i\u00e7eri\u011fi gizleyin\" data-tooltip=\"Geni\u015fletilen i\u00e7eri\u011fi gizleyin\" id=\":2s7\" role=\"button\" style=\"clear:both;\" tabindex=\"0\"><span style=\"font-size:16px;\"><img src=\"https:\/\/ssl.gstatic.com\/ui\/v1\/icons\/mail\/images\/cleardot.gif\" style=\"height:8px;width:20px;\" \/><\/span><\/div>\n<\/p><\/div>\n<div><span style=\"font-size: 16px; font-family: sans-serif, Arial, Verdana, 'Trebuchet MS'; line-height: 1.6em;\">Akdeniz Sualt\u0131 Sporlar\u0131 Derne\u011fi Ba\u015fkan\u0131 Erta\u00e7 \u0130nano\u011flu ve Kilikya Dal\u0131\u015f Merkezi dalg\u0131\u00e7lar\u0131ndan Nuray Avc\u0131&#8217;ya ait sualt\u0131 foto\u011fraf sergisi 11-13 May\u0131s 2018 tarihleri aras\u0131nda Ulu Resort Otel\u2019de sergilenecek.<\/span><\/div>\n<\/p><\/div>\n<\/blockquote><\/div>\n<\/p><\/div>\n<\/p><\/div>\n<\/p><\/div>\n<\/p><\/div>\n<\/p><\/div>\n<\/p><\/div>\n<\/p><\/div>\n<\/td>\n<\/tr>\n<\/tbody>\n<\/table>\n<div style=\"clear:both;\">\u00a0<\/div>\n<\/div>\n<\/div>\n<\/div>\n<\/div>\n","protected":false},"excerpt":{"rendered":"<p>Mersin Ticaret ve Sanayi Odas\u0131 AB Bilgi Merkezi ile Ayd\u0131nc\u0131k Belediyesi i\u015fbirli\u011fi i\u00e7erisinde 2018 Avrupa K\u00fclt\u00fcrel Miras y\u0131l\u0131 m\u00fcnasebetiyle 11- 13 May\u0131s 2018 tarihleri aras\u0131nda Ayd\u0131nc\u0131k \u0130l\u00e7esinde \u2018Do\u011fu Akdeniz K\u00fclt\u00fcr &hellip; <a href=\"https:\/\/akdenizolaygazetesi.com\/?p=1933\" class=\"more-link\">Devam\u0131n\u0131 Oku&#8230;<\/a><\/p>\n","protected":false},"author":1,"featured_media":0,"comment_status":"open","ping_status":"open","sticky":false,"template":"","format":"standard","meta":[],"categories":[],"tags":[],"_links":{"self":[{"href":"https:\/\/akdenizolaygazetesi.com\/index.php?rest_route=\/wp\/v2\/posts\/1933"}],"collection":[{"href":"https:\/\/akdenizolaygazetesi.com\/index.php?rest_route=\/wp\/v2\/posts"}],"about":[{"href":"https:\/\/akdenizolaygazetesi.com\/index.php?rest_route=\/wp\/v2\/types\/post"}],"author":[{"embeddable":true,"href":"https:\/\/akdenizolaygazetesi.com\/index.php?rest_route=\/wp\/v2\/users\/1"}],"replies":[{"embeddable":true,"href":"https:\/\/akdenizolaygazetesi.com\/index.php?rest_route=%2Fwp%2Fv2%2Fcomments&post=1933"}],"version-history":[{"count":0,"href":"https:\/\/akdenizolaygazetesi.com\/index.php?rest_route=\/wp\/v2\/posts\/1933\/revisions"}],"wp:attachment":[{"href":"https:\/\/akdenizolaygazetesi.com\/index.php?rest_route=%2Fwp%2Fv2%2Fmedia&parent=1933"}],"wp:term":[{"taxonomy":"category","embeddable":true,"href":"https:\/\/akdenizolaygazetesi.com\/index.php?rest_route=%2Fwp%2Fv2%2Fcategories&post=1933"},{"taxonomy":"post_tag","embeddable":true,"href":"https:\/\/akdenizolaygazetesi.com\/index.php?rest_route=%2Fwp%2Fv2%2Ftags&post=1933"}],"curies":[{"name":"wp","href":"https:\/\/api.w.org\/{rel}","templated":true}]}}