{"id":1934,"date":"2020-11-04T18:22:28","date_gmt":"2020-11-04T15:22:28","guid":{"rendered":"http:\/\/mersinekonomipolitikagazetesi.com\/?p=1934"},"modified":"2020-11-04T18:22:28","modified_gmt":"2020-11-04T15:22:28","slug":"mtsodan-ilce-odalarina-ziyaret","status":"publish","type":"post","link":"https:\/\/akdenizolaygazetesi.com\/?p=1934","title":{"rendered":"MTSO\u2019DAN \u0130L\u00c7E ODALARINA Z\u0130YARET"},"content":{"rendered":"<p>Mersin \u0130l\u00e7elerinde Oda ve Borsa se\u00e7imlerinin tamamlanmas\u0131ndan sonra MTSO Meclis Ba\u015fkan\u0131 Hamit \u0130zol ve Y\u00f6netim Kurulu Ba\u015fkan\u0131 Ayhan K\u0131z\u0131ltan il\u00e7elere ziyaret ger\u00e7ekle\u015ftirerek il\u00e7e odalar\u0131na her t\u00fcrl\u00fc destek verilece\u011fi aktar\u0131ld\u0131.<\/p>\n<blockquote type=\"cite\">\n<div dir=\"ltr\">\n<p><span style=\"font-size:16px;\">Mersin Ticaret Sanayi Odas\u0131 Meclis Ba\u015fkan\u0131 Hamit \u0130zol ve Y\u00f6netim Kurulu Ba\u015fkan\u0131 Ayhan K\u0131z\u0131ltan ba\u015fkanl\u0131\u011f\u0131ndaki Heyet il\u00e7e odalar\u0131 ziyaret etti.<\/span><\/p>\n<p><span style=\"font-size:16px;\">Ziyaret esnas\u0131nda Y\u00f6netim Kurulu Ba\u015fkan Yard\u0131mc\u0131s\u0131 Hakan Sefa \u00c7ak\u0131r, Sayman \u00dcye Cem Bucuge ve Y\u00f6netim Kurulu \u00dcyeleri Nedim \u0130kan\u00e7 ile Hac\u0131 Halil K\u00fcrek de Hamit \u0130zol ve Ayhan K\u0131z\u0131ltan\u2019a e\u015flik etti.<\/span><\/p>\n<p>\u00a0<\/p>\n<p><span style=\"font-size:16px;\">G\u00fcn boyunca ger\u00e7ekle\u015fen ziyarette Anamur, Mut, Silifke ile Erdemli Ticaret ve Sanayi Odas\u0131 Meclis Ba\u015fkanlar\u0131, Y\u00f6netim Kurulu Ba\u015fkanlar\u0131, Y\u00f6netim Kurulu ve Meclis \u00dcyeleriyle de bir araya geldi.\u00a0 Anamur Belediye Ba\u015fkan\u0131 Mehmet T\u00fcre ile Mut Belediye Ba\u015fkan\u0131 Nebi Y\u0131lmaz da ziyaret edildi.<\/span><\/p>\n<p>\u00a0<\/p>\n<p><span style=\"font-size:16px;\">Se\u00e7imler sonunda il\u00e7e Odalarda Anamur TSO Y\u00f6netim Kurulu Ba\u015fkan\u0131 Feridun Toruno\u011flu, Mut TSO Ba\u015fkan\u0131 G\u00fcrsel Ayd\u0131n, Silifke TSO Ba\u015fkan\u0131 Nurettin Kaynar, Erdemli TSO Y\u00f6netim Kurulu Ba\u015fkan\u0131 Orhan Sar\u0131 ile Meclis Ba\u015fkan\u0131 Nihat Taner g\u00f6revlerine devam ederken; Anamur TSO Meclis Ba\u015fkan\u0131 Mehmet Y\u0131lmaz, Mut TSO Meclis Ba\u015fkan\u0131 Nebiattin Ata ile Silifke TSO Meclis Ba\u015fkan\u0131 Baki Uysal yeni se\u00e7ilen isimler oldu.<\/span><\/p>\n<p>\u00a0<\/p>\n<p><span style=\"font-size:16px;\">\u0130ZOL: \u201cBU B\u0130RL\u0130KTEL\u0130\u011e\u0130 SA\u011eLADI\u011eIMIZA \u0130NANIYORUM\u201d<\/span><\/p>\n<p>\u00a0<\/p>\n<p><span style=\"font-size:16px;\">Ziyarette bulunan MTSO Meclis Ba\u015fkan\u0131 Hamit \u0130zol Mersin sorunlar\u0131n\u0131 il\u00e7e odalar\u0131yla beraber de\u011ferlendireceklerine dikkat \u00e7ekerek \u201c Yapaca\u011f\u0131m\u0131z g\u00f6r\u00fc\u015fmelerde talepleri tespit ederek m\u00fcmk\u00fcn oldu\u011funca \u00fcst makamlara ta\u015f\u0131y\u0131p konunun birlikte takip\u00e7isi olaca\u011f\u0131z\u201d \u015feklinde konu\u015ftu.<\/span><\/p>\n<p><span style=\"font-size:16px;\">S\u00f6zlerine devam eden \u0130zol \u201cBu nedenle birlikte hareket etmemiz \u00f6nemli ve bu birlikteli\u011fi sa\u011flad\u0131\u011f\u0131m\u0131za inan\u0131yorum. Ger\u00e7ekle\u015ftirdi\u011fimiz ziyaretler de bunun en \u00f6nemli g\u00f6stergesi. Gerek Meclis Ba\u015fkanlar\u0131 gerekse Y\u00f6netim Kurulu Ba\u015fkanlar\u0131 ziyaretimizden memnun kald\u0131. B\u00fcy\u00fck moral oldu\u011funu d\u00fc\u015f\u00fcn\u00fcyorum. Sorunlar\u0131m\u0131z\u0131 birlikte tart\u0131\u015f\u0131p \u00e7\u00f6z\u00fcmlere de birlikte ula\u015farak Mersin\u2019in \u00f6n\u00fcn\u00fc birlikte a\u00e7aca\u011f\u0131z\u201d diye kaydetti.<\/span><\/p>\n<p>\u00a0<\/p>\n<p><span style=\"font-size:16px;\">KIZILTAN: \u201cLOB\u0130 \u00c7ALI\u015eMALARIMIZI HEP B\u0130RL\u0130KTE S\u00dcRD\u00dcRECE\u011e\u0130Z\u201d<\/span><\/p>\n<p>\u00a0<\/p>\n<p><span style=\"font-size:16px;\">MTSO Y\u00f6netim Kurulu Ba\u015fkan\u0131 K\u0131z\u0131ltan ise il\u00e7e odalar\u0131nda her t\u00fcrl\u00fc imkan\u0131 y\u00f6nlendirerek ellerinden gelen her t\u00fcrl\u00fc deste\u011fi vermeye haz\u0131r olduklar\u0131n\u0131 s\u00f6yledi.<\/span><\/p>\n<p><span style=\"font-size:16px;\">K\u0131z\u0131ltan: \u201cBug\u00fcne kadar ba\u015fta tar\u0131m olmak \u00fczere \u00e7e\u015fitli konularda ortak projeler y\u00fcr\u00fct\u00fcld\u00fc\u011f\u00fcn\u00fc hat\u0131rlatan Ba\u015fkan K\u0131z\u0131ltan, bundan sonras\u0131nda yine tar\u0131m, turizm ve sanayi yat\u0131r\u0131mlar\u0131 gibi b\u00f6lgeyi ilgilendiren konularda ortak \u00e7al\u0131\u015fmalar yap\u0131labilece\u011fini anlatt\u0131. Bunun hay\u0131rl\u0131 olsun ziyareti yan\u0131nda ilk g\u00f6r\u00fc\u015fme oldu\u011funu da dile getiren K\u0131z\u0131ltan, \u201c\u00d6n\u00fcm\u00fczdeki g\u00fcnlerde s\u0131k s\u0131k bir araya gelmeyi s\u00fcrd\u00fcrece\u011fiz. Birlikte ortak toplant\u0131lar d\u00fczenleyerek yol haritam\u0131z\u0131 birlikte belirleyip hedeflerimiz do\u011frultusunda lobi \u00e7al\u0131\u015fmalar\u0131m\u0131z\u0131 hep birlikte s\u00fcrd\u00fcrece\u011fiz\u201d \u015feklinde konu\u015ftu.<\/span><\/p>\n<\/div>\n<\/blockquote>\n","protected":false},"excerpt":{"rendered":"<p>Mersin \u0130l\u00e7elerinde Oda ve Borsa se\u00e7imlerinin tamamlanmas\u0131ndan sonra MTSO Meclis Ba\u015fkan\u0131 Hamit \u0130zol ve Y\u00f6netim Kurulu Ba\u015fkan\u0131 Ayhan K\u0131z\u0131ltan il\u00e7elere ziyaret ger\u00e7ekle\u015ftirerek il\u00e7e odalar\u0131na her t\u00fcrl\u00fc destek verilece\u011fi aktar\u0131ld\u0131. Mersin &hellip; <a href=\"https:\/\/akdenizolaygazetesi.com\/?p=1934\" class=\"more-link\">Devam\u0131n\u0131 Oku&#8230;<\/a><\/p>\n","protected":false},"author":1,"featured_media":0,"comment_status":"open","ping_status":"open","sticky":false,"template":"","format":"standard","meta":[],"categories":[],"tags":[],"_links":{"self":[{"href":"https:\/\/akdenizolaygazetesi.com\/index.php?rest_route=\/wp\/v2\/posts\/1934"}],"collection":[{"href":"https:\/\/akdenizolaygazetesi.com\/index.php?rest_route=\/wp\/v2\/posts"}],"about":[{"href":"https:\/\/akdenizolaygazetesi.com\/index.php?rest_route=\/wp\/v2\/types\/post"}],"author":[{"embeddable":true,"href":"https:\/\/akdenizolaygazetesi.com\/index.php?rest_route=\/wp\/v2\/users\/1"}],"replies":[{"embeddable":true,"href":"https:\/\/akdenizolaygazetesi.com\/index.php?rest_route=%2Fwp%2Fv2%2Fcomments&post=1934"}],"version-history":[{"count":0,"href":"https:\/\/akdenizolaygazetesi.com\/index.php?rest_route=\/wp\/v2\/posts\/1934\/revisions"}],"wp:attachment":[{"href":"https:\/\/akdenizolaygazetesi.com\/index.php?rest_route=%2Fwp%2Fv2%2Fmedia&parent=1934"}],"wp:term":[{"taxonomy":"category","embeddable":true,"href":"https:\/\/akdenizolaygazetesi.com\/index.php?rest_route=%2Fwp%2Fv2%2Fcategories&post=1934"},{"taxonomy":"post_tag","embeddable":true,"href":"https:\/\/akdenizolaygazetesi.com\/index.php?rest_route=%2Fwp%2Fv2%2Ftags&post=1934"}],"curies":[{"name":"wp","href":"https:\/\/api.w.org\/{rel}","templated":true}]}}