{"id":1935,"date":"2020-11-04T18:22:28","date_gmt":"2020-11-04T15:22:28","guid":{"rendered":"http:\/\/mersinekonomipolitikagazetesi.com\/?p=1935"},"modified":"2020-11-04T18:22:28","modified_gmt":"2020-11-04T15:22:28","slug":"meskide-taseron-iscileri-haklarini-ariyor","status":"publish","type":"post","link":"https:\/\/akdenizolaygazetesi.com\/?p=1935","title":{"rendered":"MESK\u0130\u2019DE TA\u015eERON \u0130\u015e\u00c7\u0130LER\u0130 HAKLARINI ARIYOR!"},"content":{"rendered":"<p>MESK\u0130\u2019de \u00e7al\u0131\u015fan ta\u015feron i\u015f\u00e7ileri, devletin ta\u015feron i\u015f\u00e7ilere verdi\u011fi kanunlarla haklar\u0131n\u0131 alamad\u0131klar\u0131n\u0131 belirtiyor.<\/p>\n<blockquote type=\"cite\">\n<div dir=\"ltr\">\n<p><span style=\"font-size:16px;\">Seslerini duyurmak isteyen MESK\u0130 ta\u015feron i\u015f\u00e7ileri, tamamen yasad\u0131\u015f\u0131 hukuka uymayan i\u015flemlerin yap\u0131ld\u0131\u011f\u0131na dikkat \u00e7ekti.<\/span><\/p>\n<p><span style=\"font-size:16px;\">Yeni \u00e7\u0131kart\u0131lm\u0131\u015f ta\u015feron kanunun eski kanuna g\u00f6re uyguland\u0131\u011f\u0131 belirtiliyor.<\/span><\/p>\n<p>\n<span style=\"font-size:16px;\">\u0130smini vermek istemeyen MESK\u0130 ta\u015feron i\u015f\u00e7isi devletin ta\u015feronlara kadro verdikleri a\u00e7\u0131klamalar\u0131 sadece ka\u011f\u0131t \u00fczerinde oldu\u011funu kaydetti.<\/span><\/p>\n<p><span style=\"font-size:16px;\">Kadroda olduklar\u0131 kaydeden ta\u015feron i\u015f\u00e7isi: \u201cAma bizim maa\u015f\u0131m\u0131z di\u011ferleri gibi de\u011fil. Bankada ad\u0131m\u0131za hesap bile yok. 52 g\u00fcnd\u00fcr para alam\u0131yoruz. Ve sordu\u011fumuzda da \u2018paran\u0131z yok diyorlar\u2019\u201d ifadelerini kulland\u0131.<\/span><\/p>\n<p>\u00a0<\/p>\n<p><span style=\"font-size:16px;\">Maa\u015flar\u0131n\u0131 ne zaman alacaklar\u0131n\u0131 bilmeyen ta\u015feron i\u015f\u00e7isi: \u201c\u00c7al\u0131\u015fanlar olarak hepimiz bekliyoruz. Bir ki\u015fi \u00e7\u0131k\u0131p a\u00e7\u0131klama yapm\u0131yor. Ne olacak bizim halimiz&#8230; Acaba kadro her yere geldi de Mersin\u2019e mi gelmedi\u201d \u00a0\u015feklinde konu\u015ftu.<\/span><\/p>\n<\/div>\n<\/blockquote>\n","protected":false},"excerpt":{"rendered":"<p>MESK\u0130\u2019de \u00e7al\u0131\u015fan ta\u015feron i\u015f\u00e7ileri, devletin ta\u015feron i\u015f\u00e7ilere verdi\u011fi kanunlarla haklar\u0131n\u0131 alamad\u0131klar\u0131n\u0131 belirtiyor. Seslerini duyurmak isteyen MESK\u0130 ta\u015feron i\u015f\u00e7ileri, tamamen yasad\u0131\u015f\u0131 hukuka uymayan i\u015flemlerin yap\u0131ld\u0131\u011f\u0131na dikkat \u00e7ekti. Yeni \u00e7\u0131kart\u0131lm\u0131\u015f ta\u015feron kanunun &hellip; <a href=\"https:\/\/akdenizolaygazetesi.com\/?p=1935\" class=\"more-link\">Devam\u0131n\u0131 Oku&#8230;<\/a><\/p>\n","protected":false},"author":1,"featured_media":0,"comment_status":"open","ping_status":"open","sticky":false,"template":"","format":"standard","meta":[],"categories":[],"tags":[],"_links":{"self":[{"href":"https:\/\/akdenizolaygazetesi.com\/index.php?rest_route=\/wp\/v2\/posts\/1935"}],"collection":[{"href":"https:\/\/akdenizolaygazetesi.com\/index.php?rest_route=\/wp\/v2\/posts"}],"about":[{"href":"https:\/\/akdenizolaygazetesi.com\/index.php?rest_route=\/wp\/v2\/types\/post"}],"author":[{"embeddable":true,"href":"https:\/\/akdenizolaygazetesi.com\/index.php?rest_route=\/wp\/v2\/users\/1"}],"replies":[{"embeddable":true,"href":"https:\/\/akdenizolaygazetesi.com\/index.php?rest_route=%2Fwp%2Fv2%2Fcomments&post=1935"}],"version-history":[{"count":0,"href":"https:\/\/akdenizolaygazetesi.com\/index.php?rest_route=\/wp\/v2\/posts\/1935\/revisions"}],"wp:attachment":[{"href":"https:\/\/akdenizolaygazetesi.com\/index.php?rest_route=%2Fwp%2Fv2%2Fmedia&parent=1935"}],"wp:term":[{"taxonomy":"category","embeddable":true,"href":"https:\/\/akdenizolaygazetesi.com\/index.php?rest_route=%2Fwp%2Fv2%2Fcategories&post=1935"},{"taxonomy":"post_tag","embeddable":true,"href":"https:\/\/akdenizolaygazetesi.com\/index.php?rest_route=%2Fwp%2Fv2%2Ftags&post=1935"}],"curies":[{"name":"wp","href":"https:\/\/api.w.org\/{rel}","templated":true}]}}