{"id":19350,"date":"2022-06-17T13:07:15","date_gmt":"2022-06-17T10:07:15","guid":{"rendered":"http:\/\/akdenizolaygazetesi.com\/?p=19350"},"modified":"2022-06-17T13:07:15","modified_gmt":"2022-06-17T10:07:15","slug":"baskan-ozyigit-esitlik-icin-sarki-soyledi","status":"publish","type":"post","link":"https:\/\/akdenizolaygazetesi.com\/?p=19350","title":{"rendered":"Ba\u015fkan \u00d6zyi\u011fit, e\u015fitlik i\u00e7in \u015fark\u0131 s\u00f6yledi"},"content":{"rendered":"<p>Mersin Yeni\u015fehir Belediye Ba\u015fkan\u0131 Abdullah \u00d6zyi\u011fit, toplumsal cinsiyet e\u015fitli\u011fi i\u00e7in fark\u0131ndal\u0131k olu\u015fturmak amac\u0131yla T\u00fcrk Kad\u0131nlar Konseyi Derne\u011fi taraf\u0131ndan d\u00fczenlenen &#8220;E\u015fitli\u011fe Ses Ver Senfonik Pop Konseri&#8221;nde Cem Karaca\u2019n\u0131n &#8220;Islak Islak&#8221; \u015fark\u0131s\u0131n\u0131 seslendirdi. Konseri dinleyen Mersin B\u00fcy\u00fck\u015fehir Belediye Ba\u015fkan\u0131 Vahap Se\u00e7er de \u201cMemleketim\u201d \u015fark\u0131s\u0131n\u0131n koro \u015fefli\u011fini yapt\u0131.<br \/>\nT\u00fcrk Kad\u0131nlar Konseyi Derne\u011fi Mersin \u015eubesi taraf\u0131ndan Mersin B\u00fcy\u00fck\u015fehir Belediyesi ve Mersin Kent Konseyinin deste\u011fiyle d\u00fczenlenen fark\u0131ndal\u0131k konserinde daha \u00f6nce sahne deneyimi ya\u015famam\u0131\u015f farkl\u0131 meslek gruplar\u0131ndan 12 isim sahne ald\u0131. Yeni\u015fehir Belediyesi Atat\u00fcrk K\u00fclt\u00fcr Merkezinde yap\u0131lan konserde Daniel Federon&#8217;un y\u00f6netti\u011fi Mersin B\u00fcy\u00fck\u015fehir Belediyesi Kent Orkestras\u0131 e\u015fli\u011finde m\u00fczik dolu bir gece ya\u015fand\u0131. Geliri k\u0131z \u00f6\u011frencilere burs olarak ba\u011f\u0131\u015flanacak olan konserde Yeni\u015fehir Belediye Ba\u015fkan\u0131 Abdullah \u00d6zyi\u011fit de sahne ald\u0131. Toplumsal cinsiyet e\u015fitli\u011fine dikkat \u00e7ekmek amac\u0131yla d\u00fczenlenen &#8220;E\u015fitli\u011fe Ses Ver Senfonik Pop Konseri&#8221; dinleyicilerden tam not ald\u0131. Program\u0131n sunuculu\u011funu ise \u00fcnl\u00fc oyuncu Volkan Severcan yapt\u0131.<br \/>\n\u201cBirlikte ba\u015faraca\u011f\u0131z de\u011ferli dostlar, her \u015fey \u00e7ok daha g\u00fczel olacak.\u201d<br \/>\n&#8220;Islak Islak&#8221; \u015fark\u0131s\u0131yla e\u015fitli\u011fe ses veren Yeni\u015fehir Belediye Ba\u015fkan\u0131 Abdullah \u00d6zyi\u011fit, \u201cB\u00f6yle g\u00fczel bir projede sevgili dostlar bize b\u00f6yle bir teklifle geldi\u011finde \u2018Tabi ki ne demek\u2019 dedik. Ama i\u015f ba\u015fa d\u00fc\u015f\u00fcnce, i\u015f bu sahne a\u015famas\u0131na gelince her \u015fey biraz daha zorla\u015f\u0131yor ve heyecan art\u0131yor.  Biz \u015fimdi Belediye Ba\u015fkanlar\u0131m\u0131z\u0131 temsil ettik. Umut ediyorum ki b\u00f6yle g\u00fczelliklerle toplumumuz gelece\u011fe y\u00fcr\u00fcr. Ger\u00e7ekten s\u0131k\u0131nt\u0131l\u0131 zamanlar ya\u015f\u0131yoruz. Mersin\u2019de ben biliyorum ki 31 Mart\u2019tan bug\u00fcne 3 y\u0131l\u0131 a\u015fk\u0131n bir s\u00fcredir, ya\u015fam\u0131n b\u00fct\u00fcn zorluklar\u0131na ra\u011fmen insanlar\u0131n y\u00fcz\u00fc g\u00fcl\u00fcyor. Daha \u00f6zg\u00fcvenliler, daha keyifliler. Bunu sa\u011flayan benim k\u0131ymetli dostum, a\u011fabeyim B\u00fcy\u00fck\u015fehir Belediye Ba\u015fkan\u0131m\u0131z. Bizim de 1 gram katk\u0131m\u0131z olduysa ne mutlu. Birlikte ba\u015faraca\u011f\u0131z de\u011ferli dostlar, her \u015fey \u00e7ok daha g\u00fczel olacak. Bu g\u00fczellikleri \u00fclkemizin d\u00f6rt bir yan\u0131nda ya\u015fayaca\u011f\u0131z. Te\u015frif eden herkese \u00e7ok te\u015fekk\u00fcr ediyoruz, onur verdiniz. \u201d diye konu\u015ftu.<br \/>\n\u201cMersin insanl\u0131k kenti, k\u00fclt\u00fcr, sanat kenti.\u201d<br \/>\nKonseri dinleyen ve konser sonunda sahneye \u00e7\u0131karak \u201cMemleketim\u201d isimli \u015fark\u0131n\u0131n \u015fefli\u011fini yapan Mersin B\u00fcy\u00fck\u015fehir Belediye Ba\u015fkan\u0131 Vahap Se\u00e7er ise \u201cHepiniz harikayd\u0131n\u0131z ger\u00e7ekten. Bu gecenin en b\u00fcy\u00fck mimar\u0131 ben de\u011filim. Burada arkada\u015flar\u0131m \u00e7ok b\u00fcy\u00fck emek verdiler. Biz sadece minik dokunu\u015flar, minik katk\u0131lar yapt\u0131k. Orkestram\u0131z bir kere \u00e7ok g\u00fczel, \u00e7ok te\u015fekk\u00fcr ediyoruz. Vokalistlerimiz, koromuz, zaten solistlerimiz de harika. Herkes gayet g\u00fczeldi. Mersin g\u00fczel. Mersin demokrasi kenti. Mersin insanl\u0131k kenti, k\u00fclt\u00fcr, sanat kenti. Mersin\u2019de kendinizi iyi hissedin. Abdullah Ba\u015fkan\u0131m\u0131n s\u00f6yledi\u011fi gibi, 3 y\u0131ld\u0131r nas\u0131l hissediyorsan\u0131z in\u015fallah \u00f6m\u00fcr boyu hep b\u00f6yle hissedeceksiniz. Herkese te\u015fekk\u00fcr ediyorum. \u0130n\u015fallah en k\u00f6t\u00fc g\u00fcn\u00fcm\u00fcz b\u00f6yle olsun\u201d dedi.<br \/>\n\u201cBug\u00fcn \u00e7al\u0131nan her nota, s\u00f6yleyece\u011fimiz her \u015fark\u0131 yar\u0131n e\u011fitime katk\u0131 sunacak.\u201d<br \/>\nT\u00fcrk Kad\u0131nlar Konseyi Mersin \u015eube Ba\u015fkan\u0131 Belgin G\u00fcra\u011fa\u00e7 ise Mersin B\u00fcy\u00fck\u015fehir Belediye Ba\u015fkan\u0131 Vahap Se\u00e7er, Yeni\u015fehir Belediye Ba\u015fkan\u0131 Abdullah \u00d6zyi\u011fit ile konsere katk\u0131 sunan herkese te\u015fekk\u00fcr etti. Sanat\u0131 bir ara\u00e7 olarak kulland\u0131klar\u0131n\u0131 dile getiren G\u00fcra\u011fa\u00e7, \u201cBug\u00fcn \u00e7al\u0131nan her nota, s\u00f6yleyece\u011fimiz her \u015fark\u0131 yar\u0131n e\u011fitime katk\u0131 sunacak. T\u00fcrk Kad\u0131nlar Konseyi\u2019nin burs fonuna aktar\u0131lacak. Bug\u00fcn burada varl\u0131\u011f\u0131n\u0131zla hepiniz bizimle birlikte e\u015fitli\u011fe ses veriyorsunuz.\u201d ifadelerini kulland\u0131. <\/p>\n","protected":false},"excerpt":{"rendered":"<p>Mersin Yeni\u015fehir Belediye Ba\u015fkan\u0131 Abdullah \u00d6zyi\u011fit, toplumsal cinsiyet e\u015fitli\u011fi i\u00e7in fark\u0131ndal\u0131k olu\u015fturmak amac\u0131yla T\u00fcrk Kad\u0131nlar Konseyi Derne\u011fi taraf\u0131ndan d\u00fczenlenen &#8220;E\u015fitli\u011fe Ses Ver Senfonik Pop Konseri&#8221;nde Cem Karaca\u2019n\u0131n &#8220;Islak Islak&#8221; \u015fark\u0131s\u0131n\u0131 &hellip; <a href=\"https:\/\/akdenizolaygazetesi.com\/?p=19350\" class=\"more-link\">Devam\u0131n\u0131 Oku&#8230;<\/a><\/p>\n","protected":false},"author":2,"featured_media":19351,"comment_status":"open","ping_status":"open","sticky":false,"template":"","format":"standard","meta":[],"categories":[3],"tags":[],"_links":{"self":[{"href":"https:\/\/akdenizolaygazetesi.com\/index.php?rest_route=\/wp\/v2\/posts\/19350"}],"collection":[{"href":"https:\/\/akdenizolaygazetesi.com\/index.php?rest_route=\/wp\/v2\/posts"}],"about":[{"href":"https:\/\/akdenizolaygazetesi.com\/index.php?rest_route=\/wp\/v2\/types\/post"}],"author":[{"embeddable":true,"href":"https:\/\/akdenizolaygazetesi.com\/index.php?rest_route=\/wp\/v2\/users\/2"}],"replies":[{"embeddable":true,"href":"https:\/\/akdenizolaygazetesi.com\/index.php?rest_route=%2Fwp%2Fv2%2Fcomments&post=19350"}],"version-history":[{"count":1,"href":"https:\/\/akdenizolaygazetesi.com\/index.php?rest_route=\/wp\/v2\/posts\/19350\/revisions"}],"predecessor-version":[{"id":19352,"href":"https:\/\/akdenizolaygazetesi.com\/index.php?rest_route=\/wp\/v2\/posts\/19350\/revisions\/19352"}],"wp:featuredmedia":[{"embeddable":true,"href":"https:\/\/akdenizolaygazetesi.com\/index.php?rest_route=\/wp\/v2\/media\/19351"}],"wp:attachment":[{"href":"https:\/\/akdenizolaygazetesi.com\/index.php?rest_route=%2Fwp%2Fv2%2Fmedia&parent=19350"}],"wp:term":[{"taxonomy":"category","embeddable":true,"href":"https:\/\/akdenizolaygazetesi.com\/index.php?rest_route=%2Fwp%2Fv2%2Fcategories&post=19350"},{"taxonomy":"post_tag","embeddable":true,"href":"https:\/\/akdenizolaygazetesi.com\/index.php?rest_route=%2Fwp%2Fv2%2Ftags&post=19350"}],"curies":[{"name":"wp","href":"https:\/\/api.w.org\/{rel}","templated":true}]}}