{"id":19353,"date":"2022-06-17T13:09:23","date_gmt":"2022-06-17T10:09:23","guid":{"rendered":"http:\/\/akdenizolaygazetesi.com\/?p=19353"},"modified":"2022-06-17T13:09:23","modified_gmt":"2022-06-17T10:09:23","slug":"buyuksehir-personelinden-doga-ve-iklim-icin-farkindalik-tirmanisi","status":"publish","type":"post","link":"https:\/\/akdenizolaygazetesi.com\/?p=19353","title":{"rendered":"B\u00dcY\u00dcK\u015eEH\u0130R PERSONEL\u0130NDEN DO\u011eA VE \u0130KL\u0130M \u0130\u00c7\u0130N FARKINDALIK TIRMANI\u015eI"},"content":{"rendered":"<p>Mersin B\u00fcy\u00fck\u015fehir Belediyesi \u00c7evre Koruma ve Kontrol Dairesi ile MESK\u0130&#8217;nin g\u00f6n\u00fcll\u00fc personelinden olu\u015fan bir ekip,  &#8216;K\u00fcresel Is\u0131nma ve \u0130klim De\u011fi\u015fikli\u011fi Fark\u0131ndal\u0131k T\u0131rman\u0131\u015f\u0131&#8217; ger\u00e7ekle\u015ftirerek, \u00f6nemli bir fark\u0131ndal\u0131k \u00e7al\u0131\u015fmas\u0131na imza att\u0131.<br \/>\n2 bin 600 metre rak\u0131mda yer alan Karag\u00f6l\u2013\u00c7inilig\u00f6l&#8217;e ula\u015fmak i\u00e7in Bolkar Da\u011flar\u0131&#8217;na t\u0131rmanan ekip; iklim de\u011fi\u015fikli\u011fi, buzullar\u0131n erimesi ve tahrip olan ekosisteme dikkat \u00e7ekmek amac\u0131yla t\u0131rmand\u0131. 8 ki\u015fiden olu\u015fan ekip, t\u0131rman\u0131\u015f\u0131 yakla\u015f\u0131k 2 saatte ger\u00e7ekle\u015ftirdi. Ekip ayn\u0131 zamanda do\u011faya b\u0131rak\u0131lan \u00e7\u00f6pleri de toplayarak, geri d\u00f6n\u00fc\u015f\u00fcme kazand\u0131rd\u0131.<br \/>\n&#8220;Bireysel olarak baz\u0131 fark\u0131ndal\u0131k ve al\u0131\u015fkanl\u0131klar\u0131m\u0131z\u0131 de\u011fi\u015ftirmemiz gerekiyor&#8221;<br \/>\n\u00c7evre Koruma ve Kontrol Dairesi&#8217;nde \u00c7evre Y\u00fcksek M\u00fchendisi olarak g\u00f6rev yapan Zeki Altun, t\u0131rman\u0131\u015f\u0131n fark\u0131ndal\u0131k olu\u015fturmak ad\u0131na yap\u0131ld\u0131\u011f\u0131n\u0131 belirterek, &#8220;Amac\u0131m\u0131z iklim de\u011fi\u015fikli\u011fi ve k\u00fcresel \u0131s\u0131nmaya vurgu sa\u011flamak. Ger\u00e7ekle\u015ftirdi\u011fimiz faaliyet kapsam\u0131nda ilimizin y\u00fcksek tepelerine t\u0131rmanarak yaz sezonunda dahi bulunan kar yap\u0131s\u0131n\u0131 g\u00f6r\u00fcnt\u00fcleyebilmek. Bilindi\u011fi \u00fczere son zamanlarda sanayi devrimi ile beraber artan s\u0131cakl\u0131kla beraber d\u00fcnyan\u0131n enerji dengesi bozulmu\u015f bu da k\u00fcresel \u0131s\u0131nmaya sebep olmu\u015ftur. Artan emisyonlar sebebiyle s\u0131cakl\u0131k her ge\u00e7en g\u00fcn art\u0131yor.  K\u00fcresel \u0131s\u0131nman\u0131n artmas\u0131yla beraber en \u00f6nemli vurgu ise buzullar\u0131n erimesidir. Yap\u0131lan akademik bir \u00e7al\u0131\u015fmaya istinaden bug\u00fcne kadar artan 1.5 santigrat derecelik art\u0131\u015fla beraber 2049 senesinde t\u00fcm buzullar\u0131n eriyece\u011fi \u00f6n g\u00f6r\u00fclmektedir. Bizim de vatanda\u015flar olarak d\u00fcnyam\u0131za, \u00e7evremize sahip \u00e7\u0131kabilmek ad\u0131na bireysel olarak baz\u0131 fark\u0131ndal\u0131k ve al\u0131\u015fkanl\u0131klar\u0131m\u0131z\u0131 de\u011fi\u015ftirmemiz gerekiyor. Bunun yan\u0131 s\u0131ra \u00f6nemli sanayi tesislerinin emisyon sal\u0131n\u0131mlar\u0131n\u0131 kontrol ederek hassasiyeti art\u0131rmas\u0131 gerekiyor. Gelece\u011fimiz ve \u00e7ocuklar\u0131m\u0131z i\u00e7in en \u00f6nemli miras\u0131n temiz bir \u00e7evre oldu\u011funu unutmamal\u0131y\u0131z&#8221;  dedi.<\/p>\n","protected":false},"excerpt":{"rendered":"<p>Mersin B\u00fcy\u00fck\u015fehir Belediyesi \u00c7evre Koruma ve Kontrol Dairesi ile MESK\u0130&#8217;nin g\u00f6n\u00fcll\u00fc personelinden olu\u015fan bir ekip, &#8216;K\u00fcresel Is\u0131nma ve \u0130klim De\u011fi\u015fikli\u011fi Fark\u0131ndal\u0131k T\u0131rman\u0131\u015f\u0131&#8217; ger\u00e7ekle\u015ftirerek, \u00f6nemli bir fark\u0131ndal\u0131k \u00e7al\u0131\u015fmas\u0131na imza att\u0131. 2 &hellip; <a href=\"https:\/\/akdenizolaygazetesi.com\/?p=19353\" class=\"more-link\">Devam\u0131n\u0131 Oku&#8230;<\/a><\/p>\n","protected":false},"author":2,"featured_media":19354,"comment_status":"open","ping_status":"open","sticky":false,"template":"","format":"standard","meta":[],"categories":[1,3],"tags":[],"_links":{"self":[{"href":"https:\/\/akdenizolaygazetesi.com\/index.php?rest_route=\/wp\/v2\/posts\/19353"}],"collection":[{"href":"https:\/\/akdenizolaygazetesi.com\/index.php?rest_route=\/wp\/v2\/posts"}],"about":[{"href":"https:\/\/akdenizolaygazetesi.com\/index.php?rest_route=\/wp\/v2\/types\/post"}],"author":[{"embeddable":true,"href":"https:\/\/akdenizolaygazetesi.com\/index.php?rest_route=\/wp\/v2\/users\/2"}],"replies":[{"embeddable":true,"href":"https:\/\/akdenizolaygazetesi.com\/index.php?rest_route=%2Fwp%2Fv2%2Fcomments&post=19353"}],"version-history":[{"count":1,"href":"https:\/\/akdenizolaygazetesi.com\/index.php?rest_route=\/wp\/v2\/posts\/19353\/revisions"}],"predecessor-version":[{"id":19355,"href":"https:\/\/akdenizolaygazetesi.com\/index.php?rest_route=\/wp\/v2\/posts\/19353\/revisions\/19355"}],"wp:featuredmedia":[{"embeddable":true,"href":"https:\/\/akdenizolaygazetesi.com\/index.php?rest_route=\/wp\/v2\/media\/19354"}],"wp:attachment":[{"href":"https:\/\/akdenizolaygazetesi.com\/index.php?rest_route=%2Fwp%2Fv2%2Fmedia&parent=19353"}],"wp:term":[{"taxonomy":"category","embeddable":true,"href":"https:\/\/akdenizolaygazetesi.com\/index.php?rest_route=%2Fwp%2Fv2%2Fcategories&post=19353"},{"taxonomy":"post_tag","embeddable":true,"href":"https:\/\/akdenizolaygazetesi.com\/index.php?rest_route=%2Fwp%2Fv2%2Ftags&post=19353"}],"curies":[{"name":"wp","href":"https:\/\/api.w.org\/{rel}","templated":true}]}}