{"id":1936,"date":"2020-11-04T18:22:28","date_gmt":"2020-11-04T15:22:28","guid":{"rendered":"http:\/\/mersinekonomipolitikagazetesi.com\/?p=1936"},"modified":"2020-11-04T18:22:28","modified_gmt":"2020-11-04T15:22:28","slug":"akibin-nisan-ayi-ihracati-884-milyon-dolar","status":"publish","type":"post","link":"https:\/\/akdenizolaygazetesi.com\/?p=1936","title":{"rendered":"AK\u0130B&#8217;in nisan ay\u0131 ihracat\u0131 884 milyon dolar"},"content":{"rendered":"<p>Akdeniz \u0130hracat\u00e7\u0131 Birlikleri (AK\u0130B) Koordinat\u00f6r Ba\u015fkan\u0131 U\u011fur Ate\u015f, \u201cAK\u0130B olarak ihracat\u0131m\u0131z 2018 y\u0131l\u0131 Nisan ay\u0131nda 884 milyon dolar olarak ger\u00e7ekle\u015fti. Ya\u015f meyve sebze ihracat\u0131 y\u00fczde 26, tekstil ve hammaddeleri ihracat\u0131 y\u00fczde 10, su \u00fcr\u00fcnleri ve hayvansal mamuller ihracat\u0131 y\u00fczde 6 oran\u0131nda art\u0131\u015f g\u00f6sterdi\u201d dedi.<\/p>\n<p><span style=\"font-size:16px;\"><span style=\"font-family: sans-serif; line-height: 20px; text-align: justify; background-color: rgb(242, 244, 245);\">Ate\u015f, 2017 y\u0131l\u0131 ba\u015f\u0131ndan bu yana s\u00fcrekli art\u0131\u015f g\u00f6steren AK\u0130B ihracat\u0131n\u0131n \u015fubat, mart ve nisan ay\u0131nda global pazarlardaki zorluklardan dolay\u0131 geriledi\u011fini ifade ederek, \u201cAncak biz, son \u00fc\u00e7 ayd\u0131r ya\u015fad\u0131\u011f\u0131m\u0131z bu duraksamay\u0131, AK\u0130B olarak ko\u015far ad\u0131m ilerledi\u011fimiz yolda k\u00fc\u00e7\u00fck bir mola olarak g\u00f6r\u00fcyoruz. 24 Haziran&#8217;da yap\u0131lacak olan se\u00e7imlerin ard\u0131ndan ekonomide ya\u015fanan belirsizli\u011fin ortadan kalkmas\u0131 ile bu tablonun y\u00fckseli\u015fe ge\u00e7ece\u011fini umut ediyoruz. Bunun i\u00e7in de mevcut pazarlarda rekabet edebilir duruma gelmek, yeni pazarlara yelken a\u00e7mak, piyasalarda olu\u015fan etkileri en k\u0131sa s\u00fcrede g\u00f6rerek gerekli \u00f6nlemleri alabilmek, ihracat\u00e7\u0131m\u0131z\u0131n sorunlar\u0131n\u0131 \u00e7\u00f6zmek i\u00e7in giri\u015fimlerde bulunmak gibi ihracat\u0131m\u0131z\u0131n art\u0131r\u0131lmas\u0131na y\u00f6nelik faaliyetlerin i\u00e7erisinde olaca\u011f\u0131z\u201d diye konu\u015ftu.\u00a0<\/span><br style=\"box-sizing: border-box; font-family: sans-serif; font-size: 14px; line-height: 20px; text-align: justify; background-color: rgb(242, 244, 245);\" \/><br \/>\n<span style=\"font-family: sans-serif; line-height: 20px; text-align: justify; background-color: rgb(242, 244, 245);\">AK\u0130B rakamlar\u0131n\u0131 de\u011ferlendiren Ate\u015f, \u201cKoordinat\u00f6r Ba\u015fkan\u0131 oldu\u011fum Akdeniz \u0130hracat\u00e7\u0131 Birlikleri\u2019nin 2018 y\u0131l\u0131 Nisan ay\u0131 rakamlar\u0131n\u0131n 986 milyon dolardan 884 milyon dolara geriledi\u011fi, ge\u00e7en sene nisan ay\u0131na oranla y\u00fczde 10 oran\u0131nda bir d\u00fc\u015f\u00fc\u015f oldu\u011fu g\u00f6r\u00fclmektedir. 2017 ve 2018\u2019i ilk 4 ay olarak de\u011ferlendirdi\u011fimizde ise ihracat\u0131m\u0131z\u0131n 2018 y\u0131l\u0131 ilk 4 ay\u0131nda y\u00fczde 8 oran\u0131nda azalarak 3 milyar 914 milyon dolara geriledi\u011fi g\u00f6zlenmektedir&#8221; ifadelerini kulland\u0131.\u00a0<\/span><br style=\"box-sizing: border-box; font-family: sans-serif; font-size: 14px; line-height: 20px; text-align: justify; background-color: rgb(242, 244, 245);\" \/><br \/>\n<span style=\"font-family: sans-serif; line-height: 20px; text-align: justify; background-color: rgb(242, 244, 245);\">Nisan ay\u0131nda AK\u0130B ihracat\u0131ndaki d\u00fc\u015f\u00fc\u015f\u00fcn en etkin nedeninin y\u00fczde 33\u2019l\u00fck kimya sekt\u00f6r\u00fc ihracat\u0131 d\u00fc\u015f\u00fc\u015f\u00fc oldu\u011funu belirten Ate\u015f, ya\u015f meyve sebze sekt\u00f6r\u00fcn\u00fcn y\u00fczde 26 art\u0131\u015f oran\u0131 ile AK\u0130B ihracat\u0131n\u0131n d\u00fc\u015f\u00fc\u015f \u015fiddetini azaltt\u0131\u011f\u0131n\u0131 kaydetti.\u00a0<\/span><br style=\"box-sizing: border-box; font-family: sans-serif; font-size: 14px; line-height: 20px; text-align: justify; background-color: rgb(242, 244, 245);\" \/><br \/>\n<span style=\"font-family: sans-serif; line-height: 20px; text-align: justify; background-color: rgb(242, 244, 245);\">Ate\u015f, AK\u0130B\u2019in ihracat\u0131n\u0131 \u00fclkeler baz\u0131nda da inceleyerek, 2018 y\u0131l\u0131n\u0131n Nisan ay\u0131nda en fazla ihracat ger\u00e7ekle\u015ftirilen ilk 5 \u00fclkenin Irak, Amerika Birle\u015fik Devletleri, M\u0131s\u0131r, Almanya ve Suriye oldu\u011funu a\u00e7\u0131klad\u0131.\u00a0<\/span><br style=\"box-sizing: border-box; font-family: sans-serif; font-size: 14px; line-height: 20px; text-align: justify; background-color: rgb(242, 244, 245);\" \/><br \/>\n<br style=\"box-sizing: border-box; font-family: sans-serif; font-size: 14px; line-height: 20px; text-align: justify; background-color: rgb(242, 244, 245);\" \/><br \/>\n<span style=\"font-family: sans-serif; line-height: 20px; text-align: justify; background-color: rgb(242, 244, 245);\">&#8220;T\u00fcrkiye geneli ihracata katk\u0131m\u0131z y\u00fczde 6.5&#8221;\u00a0<\/span><br style=\"box-sizing: border-box; font-family: sans-serif; font-size: 14px; line-height: 20px; text-align: justify; background-color: rgb(242, 244, 245);\" \/><br \/>\n<span style=\"font-family: sans-serif; line-height: 20px; text-align: justify; background-color: rgb(242, 244, 245);\">AK\u0130B\u2019in 2018 y\u0131l\u0131 Nisan ay\u0131nda, 884 milyon dolar ihracat ile T\u00fcrkiye genelinde 6. b\u00fcy\u00fck genel sekreterlik konumunda oldu\u011funu kaydeden Ate\u015f, T\u00fcrkiye ihracat\u0131n\u0131n y\u00fczde 6.5\u2019luk k\u0131sm\u0131n\u0131n AK\u0130B kanal\u0131yla yap\u0131ld\u0131\u011f\u0131na dikkat \u00e7ekti.\u00a0<\/span><br style=\"box-sizing: border-box; font-family: sans-serif; font-size: 14px; line-height: 20px; text-align: justify; background-color: rgb(242, 244, 245);\" \/><br \/>\n<span style=\"font-family: sans-serif; line-height: 20px; text-align: justify; background-color: rgb(242, 244, 245);\">T\u00fcrkiye geneli ihracat\u0131 AK\u0130B\u2019in sorumluluk sahas\u0131nda bulunan iller a\u00e7\u0131s\u0131ndan de\u011ferlendiren Ate\u015f, 2018 y\u0131l\u0131n\u0131n Nisan ay\u0131nda en fazla ihracat yapan iller s\u0131ralamas\u0131nda Hatay\u2019\u0131n 10., Adana\u2019n\u0131n 11., Kayseri\u2019nin 12., Mersin\u2019in 14. ve Karaman\u2019\u0131n 32. s\u0131rada oldu\u011funu belirtti.\u00a0<\/span><\/span><\/p>\n","protected":false},"excerpt":{"rendered":"<p>Akdeniz \u0130hracat\u00e7\u0131 Birlikleri (AK\u0130B) Koordinat\u00f6r Ba\u015fkan\u0131 U\u011fur Ate\u015f, \u201cAK\u0130B olarak ihracat\u0131m\u0131z 2018 y\u0131l\u0131 Nisan ay\u0131nda 884 milyon dolar olarak ger\u00e7ekle\u015fti. Ya\u015f meyve sebze ihracat\u0131 y\u00fczde 26, tekstil ve hammaddeleri ihracat\u0131 &hellip; <a href=\"https:\/\/akdenizolaygazetesi.com\/?p=1936\" class=\"more-link\">Devam\u0131n\u0131 Oku&#8230;<\/a><\/p>\n","protected":false},"author":1,"featured_media":0,"comment_status":"open","ping_status":"open","sticky":false,"template":"","format":"standard","meta":[],"categories":[],"tags":[],"_links":{"self":[{"href":"https:\/\/akdenizolaygazetesi.com\/index.php?rest_route=\/wp\/v2\/posts\/1936"}],"collection":[{"href":"https:\/\/akdenizolaygazetesi.com\/index.php?rest_route=\/wp\/v2\/posts"}],"about":[{"href":"https:\/\/akdenizolaygazetesi.com\/index.php?rest_route=\/wp\/v2\/types\/post"}],"author":[{"embeddable":true,"href":"https:\/\/akdenizolaygazetesi.com\/index.php?rest_route=\/wp\/v2\/users\/1"}],"replies":[{"embeddable":true,"href":"https:\/\/akdenizolaygazetesi.com\/index.php?rest_route=%2Fwp%2Fv2%2Fcomments&post=1936"}],"version-history":[{"count":0,"href":"https:\/\/akdenizolaygazetesi.com\/index.php?rest_route=\/wp\/v2\/posts\/1936\/revisions"}],"wp:attachment":[{"href":"https:\/\/akdenizolaygazetesi.com\/index.php?rest_route=%2Fwp%2Fv2%2Fmedia&parent=1936"}],"wp:term":[{"taxonomy":"category","embeddable":true,"href":"https:\/\/akdenizolaygazetesi.com\/index.php?rest_route=%2Fwp%2Fv2%2Fcategories&post=1936"},{"taxonomy":"post_tag","embeddable":true,"href":"https:\/\/akdenizolaygazetesi.com\/index.php?rest_route=%2Fwp%2Fv2%2Ftags&post=1936"}],"curies":[{"name":"wp","href":"https:\/\/api.w.org\/{rel}","templated":true}]}}