{"id":19362,"date":"2022-06-17T13:15:27","date_gmt":"2022-06-17T10:15:27","guid":{"rendered":"http:\/\/akdenizolaygazetesi.com\/?p=19362"},"modified":"2022-06-17T13:15:27","modified_gmt":"2022-06-17T10:15:27","slug":"denizciler-kampinda-kadin-uretici-stantlari-da-kuruldu","status":"publish","type":"post","link":"https:\/\/akdenizolaygazetesi.com\/?p=19362","title":{"rendered":"DEN\u0130ZC\u0130LER KAMPI&#8217;NDA KADIN \u00dcRET\u0130C\u0130 STANTLARI DA KURULDU"},"content":{"rendered":"<p>Mersin B\u00fcy\u00fck\u015fehir Belediyesi K\u00fclt\u00fcr ve Sosyal \u0130\u015fler Dairesi b\u00fcnyesinde faaliyet y\u00fcr\u00fcten Kent Orkestras\u0131 kenti ezgilerle dolduruyor. Yaz mevsiminin gelmesiyle bir\u00e7ok noktada &#8216;Yaza Merhaba&#8217; konserleri veren Kent Orkestras\u0131, bu kez de Mezitli il\u00e7esinde vatanda\u015flarla bulu\u015ftu.<br \/>\nDenizciler Kamp\u0131&#8217;nda stantlar da kuruldu<br \/>\nB\u00fcy\u00fck\u015fehir Belediyesi Kad\u0131n ve Aile Hizmetleri Dairesi koordinesinde kurulan kad\u0131n \u00fcretici stantlar\u0131 da etkinlikte yerini ald\u0131. Mezitli il\u00e7esi Denizciler Kamp\u0131&#8217;nda ger\u00e7ekle\u015ftirilen ve 2 g\u00fcn s\u00fcren etkinlikte kad\u0131nlar \u00e7e\u015fitli el eme\u011fi \u00fcr\u00fcnlerini sergileyerek sat\u0131\u015f yapt\u0131. B\u00f6lgedeki vatanda\u015flar da hem stantlar\u0131 gezdi hem de Kent Orkestras\u0131&#8217;n\u0131n birbirinden g\u00fczel ve hareketli par\u00e7alar\u0131na e\u015flik etti.<br \/>\n&#8220;Bu tesislerde b\u00f6yle bir etkinlik yap\u0131lmam\u0131\u015ft\u0131&#8221;<br \/>\nEtkinli\u011fe kat\u0131lan vatanda\u015flardan emekli astsubay Niyazi Yal\u00e7\u0131n, &#8220;Bu tesislerde b\u00f6yle bir etkinlik yap\u0131lmam\u0131\u015ft\u0131. Ben \u00e7ok g\u00fczel buldum. \u00d6zellikle m\u00fczik ve \u00fcretici han\u0131mlar\u0131n stantlar\u0131 \u00e7ok ho\u015f. Onlar\u0131 \u00e7ok be\u011fendim. Belediyenin bu \u00e7al\u0131\u015fmalar\u0131n\u0131 zaten takip ediyorum s\u00fcrekli&#8221; dedi. B\u00fcy\u00fck\u015fehir&#8217;in Kent Orkestras\u0131&#8217;n\u0131 \u00e7ok be\u011fendi\u011fini ifade eden Yal\u00e7\u0131n, &#8220;Gayet g\u00fczel, san\u0131r\u0131m herkesin buna ihtiyac\u0131 vard\u0131&#8221; diye konu\u015ftu.<br \/>\n&#8220;M\u00fckemmel e\u011fleniyoruz&#8221;<br \/>\n\u0130lkay \u015eim\u015fek, \u00e7ok e\u011flenceli bir d\u00fcn ge\u00e7irdi\u011fini ifade ederek, &#8220;\u015eu an Denizciler Kamp\u0131&#8217;nday\u0131z. E\u011fleniyoruz, spor yap\u0131yoruz, \u015fark\u0131 dinliyoruz. Mersin&#8217;e yaz biraz ge\u00e7 geldi ama bomba gibi geldi. Sporun ve e\u011flencenin kenti Mersin&#8217;de olmamak, yaza merhaba dememek zaten \u00e7ok b\u00fcy\u00fck bir ay\u0131p olur. Sporu da m\u00fczi\u011fi de dans\u0131 da e\u011flenceyi de sonuna kadar ya\u015f\u0131yoruz. M\u00fckemmel e\u011fleniyoruz&#8221; ifadelerine yer verdi.<br \/>\n\u00dcretici kad\u0131n stantlar\u0131n\u0131 da gezdi\u011fini s\u00f6yleyen \u015eim\u015fek, &#8220;B\u00fcy\u00fck\u015fehir Belediyesi&#8217;nin ele al\u0131nmas\u0131 gereken bir konusu oldu\u011funu d\u00fc\u015f\u00fcn\u00fcyorum. Kad\u0131n Dairesi Ba\u015fkanl\u0131\u011f\u0131 da ayn\u0131 \u015fekilde, kad\u0131nlara verdi\u011fi sonsuz g\u00fc\u00e7 muazzam&#8221; dedi.<\/p>\n","protected":false},"excerpt":{"rendered":"<p>Mersin B\u00fcy\u00fck\u015fehir Belediyesi K\u00fclt\u00fcr ve Sosyal \u0130\u015fler Dairesi b\u00fcnyesinde faaliyet y\u00fcr\u00fcten Kent Orkestras\u0131 kenti ezgilerle dolduruyor. Yaz mevsiminin gelmesiyle bir\u00e7ok noktada &#8216;Yaza Merhaba&#8217; konserleri veren Kent Orkestras\u0131, bu kez de &hellip; <a href=\"https:\/\/akdenizolaygazetesi.com\/?p=19362\" class=\"more-link\">Devam\u0131n\u0131 Oku&#8230;<\/a><\/p>\n","protected":false},"author":2,"featured_media":19363,"comment_status":"open","ping_status":"open","sticky":false,"template":"","format":"standard","meta":[],"categories":[2,3,5],"tags":[],"_links":{"self":[{"href":"https:\/\/akdenizolaygazetesi.com\/index.php?rest_route=\/wp\/v2\/posts\/19362"}],"collection":[{"href":"https:\/\/akdenizolaygazetesi.com\/index.php?rest_route=\/wp\/v2\/posts"}],"about":[{"href":"https:\/\/akdenizolaygazetesi.com\/index.php?rest_route=\/wp\/v2\/types\/post"}],"author":[{"embeddable":true,"href":"https:\/\/akdenizolaygazetesi.com\/index.php?rest_route=\/wp\/v2\/users\/2"}],"replies":[{"embeddable":true,"href":"https:\/\/akdenizolaygazetesi.com\/index.php?rest_route=%2Fwp%2Fv2%2Fcomments&post=19362"}],"version-history":[{"count":1,"href":"https:\/\/akdenizolaygazetesi.com\/index.php?rest_route=\/wp\/v2\/posts\/19362\/revisions"}],"predecessor-version":[{"id":19364,"href":"https:\/\/akdenizolaygazetesi.com\/index.php?rest_route=\/wp\/v2\/posts\/19362\/revisions\/19364"}],"wp:featuredmedia":[{"embeddable":true,"href":"https:\/\/akdenizolaygazetesi.com\/index.php?rest_route=\/wp\/v2\/media\/19363"}],"wp:attachment":[{"href":"https:\/\/akdenizolaygazetesi.com\/index.php?rest_route=%2Fwp%2Fv2%2Fmedia&parent=19362"}],"wp:term":[{"taxonomy":"category","embeddable":true,"href":"https:\/\/akdenizolaygazetesi.com\/index.php?rest_route=%2Fwp%2Fv2%2Fcategories&post=19362"},{"taxonomy":"post_tag","embeddable":true,"href":"https:\/\/akdenizolaygazetesi.com\/index.php?rest_route=%2Fwp%2Fv2%2Ftags&post=19362"}],"curies":[{"name":"wp","href":"https:\/\/api.w.org\/{rel}","templated":true}]}}