{"id":19365,"date":"2022-06-17T13:16:43","date_gmt":"2022-06-17T10:16:43","guid":{"rendered":"http:\/\/akdenizolaygazetesi.com\/?p=19365"},"modified":"2022-06-17T13:16:43","modified_gmt":"2022-06-17T10:16:43","slug":"baskan-yilmaz-yksye-girecek-ogrencilere-basarilar-diledi","status":"publish","type":"post","link":"https:\/\/akdenizolaygazetesi.com\/?p=19365","title":{"rendered":"BA\u015eKAN YILMAZ, YKS&#8217;YE G\u0130RECEK \u00d6\u011eRENC\u0130LERE BA\u015eARILAR D\u0130LED\u0130"},"content":{"rendered":"<p>Toroslar Belediye Ba\u015fkan\u0131 Ats\u0131z Af\u015f\u0131n Y\u0131lmaz, bu hafta sonu yap\u0131lacak olan Y\u00fcksek\u00f6\u011fretim Kurumlar\u0131 S\u0131nav\u0131&#8217;na (YKS) girecek t\u00fcm \u00f6\u011frencilere ba\u015far\u0131lar diledi.<\/p>\n<p>&#8220;Gelece\u011fimizin teminat\u0131 gen\u00e7lerimizin b\u00fct\u00fcn bir y\u0131l boyunca b\u00fcy\u00fck bir emek ve \u00e7aba g\u00f6stererek haz\u0131rland\u0131klar\u0131 YKS&#8217;de ba\u015far\u0131l\u0131 olacaklar\u0131na inanc\u0131m tamd\u0131r&#8221; diyen Ba\u015fkan Y\u0131lmaz, t\u00fcm \u00f6\u011frencilere seslenerek; &#8220;E\u011fitim hayat\u0131n\u0131z\u0131n bir d\u00f6n\u00fcm noktas\u0131 olan bu s\u0131nav elbette \u00e7ok \u00f6nemli.  Heyecan\u0131n\u0131z\u0131 y\u00fcrekten payla\u015f\u0131yor, ancak al\u0131nan sonu\u00e7 ne olursa olsun kendinize g\u00fcvendi\u011finiz s\u00fcrece a\u015famayaca\u011f\u0131n\u0131z hi\u00e7bir engelin bulunmad\u0131\u011f\u0131na inan\u0131yorum&#8221; ifadelerini kulland\u0131.<\/p>\n<p>Toroslar Belediyesi olarak s\u0131nav haz\u0131rl\u0131k s\u00fcrecinde de gen\u00e7lerin her zaman yan\u0131nda olduklar\u0131n\u0131 belirten Ba\u015fkan Y\u0131lmaz; &#8220;E\u011fitim \u00f6nceli\u011fimiz. Hepimizin arzusu gen\u00e7lerimizin hayal etti\u011fi ve sevdi\u011fi mesleklere sahip olmalar\u0131d\u0131r. S\u0131nava girecek t\u00fcm \u00f6\u011frencilere zihin a\u00e7\u0131kl\u0131\u011f\u0131 ve ba\u015far\u0131lar diliyorum&#8221; dedi.<\/p>\n<p>Ba\u015fkan Y\u0131lmaz, s\u0131nav saatleri i\u00e7erisinde okullar\u0131n \u00e7evresinde g\u00fcr\u00fclt\u00fc yap\u0131lmamas\u0131na da \u00f6zen g\u00f6sterilmesini istedi.<\/p>\n","protected":false},"excerpt":{"rendered":"<p>Toroslar Belediye Ba\u015fkan\u0131 Ats\u0131z Af\u015f\u0131n Y\u0131lmaz, bu hafta sonu yap\u0131lacak olan Y\u00fcksek\u00f6\u011fretim Kurumlar\u0131 S\u0131nav\u0131&#8217;na (YKS) girecek t\u00fcm \u00f6\u011frencilere ba\u015far\u0131lar diledi. &#8220;Gelece\u011fimizin teminat\u0131 gen\u00e7lerimizin b\u00fct\u00fcn bir y\u0131l boyunca b\u00fcy\u00fck bir emek &hellip; <a href=\"https:\/\/akdenizolaygazetesi.com\/?p=19365\" class=\"more-link\">Devam\u0131n\u0131 Oku&#8230;<\/a><\/p>\n","protected":false},"author":2,"featured_media":19366,"comment_status":"open","ping_status":"open","sticky":false,"template":"","format":"standard","meta":[],"categories":[2,3,5],"tags":[],"_links":{"self":[{"href":"https:\/\/akdenizolaygazetesi.com\/index.php?rest_route=\/wp\/v2\/posts\/19365"}],"collection":[{"href":"https:\/\/akdenizolaygazetesi.com\/index.php?rest_route=\/wp\/v2\/posts"}],"about":[{"href":"https:\/\/akdenizolaygazetesi.com\/index.php?rest_route=\/wp\/v2\/types\/post"}],"author":[{"embeddable":true,"href":"https:\/\/akdenizolaygazetesi.com\/index.php?rest_route=\/wp\/v2\/users\/2"}],"replies":[{"embeddable":true,"href":"https:\/\/akdenizolaygazetesi.com\/index.php?rest_route=%2Fwp%2Fv2%2Fcomments&post=19365"}],"version-history":[{"count":1,"href":"https:\/\/akdenizolaygazetesi.com\/index.php?rest_route=\/wp\/v2\/posts\/19365\/revisions"}],"predecessor-version":[{"id":19367,"href":"https:\/\/akdenizolaygazetesi.com\/index.php?rest_route=\/wp\/v2\/posts\/19365\/revisions\/19367"}],"wp:featuredmedia":[{"embeddable":true,"href":"https:\/\/akdenizolaygazetesi.com\/index.php?rest_route=\/wp\/v2\/media\/19366"}],"wp:attachment":[{"href":"https:\/\/akdenizolaygazetesi.com\/index.php?rest_route=%2Fwp%2Fv2%2Fmedia&parent=19365"}],"wp:term":[{"taxonomy":"category","embeddable":true,"href":"https:\/\/akdenizolaygazetesi.com\/index.php?rest_route=%2Fwp%2Fv2%2Fcategories&post=19365"},{"taxonomy":"post_tag","embeddable":true,"href":"https:\/\/akdenizolaygazetesi.com\/index.php?rest_route=%2Fwp%2Fv2%2Ftags&post=19365"}],"curies":[{"name":"wp","href":"https:\/\/api.w.org\/{rel}","templated":true}]}}