{"id":1937,"date":"2020-11-04T18:22:28","date_gmt":"2020-11-04T15:22:28","guid":{"rendered":"http:\/\/mersinekonomipolitikagazetesi.com\/?p=1937"},"modified":"2020-11-04T18:22:28","modified_gmt":"2020-11-04T15:22:28","slug":"millet-vekili-mi-baskan-vekili-mi","status":"publish","type":"post","link":"https:\/\/akdenizolaygazetesi.com\/?p=1937","title":{"rendered":"M\u0130LLET VEK\u0130L\u0130 M\u0130 BA\u015eKAN VEK\u0130L\u0130 M\u0130!"},"content":{"rendered":"<p>Mersinliler milletvekili aday listesine girenlerin milletin vekili olmad\u0131\u011f\u0131n\u0131, parti ba\u015fkanlar\u0131n\u0131n vekili oldu\u011funu belirterek tepkilerini dile getirdi.<\/p>\n<p class=\"p1\">24 Haziran\u2019da yap\u0131lacak olan genel se\u00e7imler i\u00e7in t\u00fcm partilerin milletvekili adaylar\u0131n\u0131 a\u00e7\u0131klamas\u0131n\u0131n ard\u0131ndan Mersin\u2019de her partiden, partili ve partisiz bir\u00e7ok vatanda\u015f, milletvekili adaylar\u0131 listelerinden hi\u00e7 memnun kalmad\u0131\u011f\u0131n\u0131 belirtti. Se\u00e7im listesine girenlerin milletin vekili olmad\u0131\u011f\u0131, parti ba\u015fkanlar\u0131n\u0131n vekili oldu\u011fu belirtilerek tepkiler dile getirildi.<\/p>\n<p class=\"p2\">\u00a0<\/p>\n<p class=\"p1\">Mersin\u2019de vatanda\u015f ve parti \u00fcyeleri, milletvekili aday listesinin belirlenmesinden sonra listelerde siyasetle ve Mersin\u2019le ilgisi olmayan ki\u015fileri g\u00f6r\u00fcnce b\u00fcy\u00fck tepki g\u00f6sterdi.<\/p>\n<p class=\"p2\">\u00a0<\/p>\n<p class=\"p1\">AK Parti, CHP, \u0130Y\u0130 Parti ve Saadet Parti\u2019den listede ad\u0131 ge\u00e7meyen ancak Mersin\u2019i iyi tan\u0131yan ve sorunlar\u0131 iyi bilen, daha etkili siyaset yapabilecek ki\u015filerin oldu\u011funa dikkat \u00e7eken vatanda\u015f ve parti \u00fcyeleri, listelerde ismi ge\u00e7en \u00e7o\u011fu aday\u0131n da siyasetten uzak oldu\u011funu belirterek, Mersin hakk\u0131nda pek bilgi sahibi olmad\u0131klar\u0131na dikkat \u00e7ekti.<\/p>\n<p class=\"p2\">\u00a0<\/p>\n<p class=\"p1\">T\u00fcm partilerin milletvekili listesindeki adaylar i\u00e7in a\u015fa\u011f\u0131 yukar\u0131 ayn\u0131 durumun s\u00f6z konusu oldu\u011funu aktaran vatanda\u015f ve parti \u00fcyeleri, belirlenen milletvekili listesinden memnun kalmad\u0131klar\u0131n\u0131 ve \u00e7ok ki\u015finin de ayn\u0131 fikirde oldu\u011funu dile getirerek, milletvekili olarak belirlenen adaylar\u0131n \u00e7o\u011funun milletin vekili olmad\u0131\u011f\u0131n\u0131, listeyi belirleyen parti ba\u015fkanlar\u0131n\u0131n vekili oldu\u011funu vurgulay\u0131p tepkilerini dile getirdi.<\/p>\n","protected":false},"excerpt":{"rendered":"<p>Mersinliler milletvekili aday listesine girenlerin milletin vekili olmad\u0131\u011f\u0131n\u0131, parti ba\u015fkanlar\u0131n\u0131n vekili oldu\u011funu belirterek tepkilerini dile getirdi. 24 Haziran\u2019da yap\u0131lacak olan genel se\u00e7imler i\u00e7in t\u00fcm partilerin milletvekili adaylar\u0131n\u0131 a\u00e7\u0131klamas\u0131n\u0131n ard\u0131ndan Mersin\u2019de &hellip; <a href=\"https:\/\/akdenizolaygazetesi.com\/?p=1937\" class=\"more-link\">Devam\u0131n\u0131 Oku&#8230;<\/a><\/p>\n","protected":false},"author":1,"featured_media":0,"comment_status":"open","ping_status":"open","sticky":false,"template":"","format":"standard","meta":[],"categories":[],"tags":[],"_links":{"self":[{"href":"https:\/\/akdenizolaygazetesi.com\/index.php?rest_route=\/wp\/v2\/posts\/1937"}],"collection":[{"href":"https:\/\/akdenizolaygazetesi.com\/index.php?rest_route=\/wp\/v2\/posts"}],"about":[{"href":"https:\/\/akdenizolaygazetesi.com\/index.php?rest_route=\/wp\/v2\/types\/post"}],"author":[{"embeddable":true,"href":"https:\/\/akdenizolaygazetesi.com\/index.php?rest_route=\/wp\/v2\/users\/1"}],"replies":[{"embeddable":true,"href":"https:\/\/akdenizolaygazetesi.com\/index.php?rest_route=%2Fwp%2Fv2%2Fcomments&post=1937"}],"version-history":[{"count":0,"href":"https:\/\/akdenizolaygazetesi.com\/index.php?rest_route=\/wp\/v2\/posts\/1937\/revisions"}],"wp:attachment":[{"href":"https:\/\/akdenizolaygazetesi.com\/index.php?rest_route=%2Fwp%2Fv2%2Fmedia&parent=1937"}],"wp:term":[{"taxonomy":"category","embeddable":true,"href":"https:\/\/akdenizolaygazetesi.com\/index.php?rest_route=%2Fwp%2Fv2%2Fcategories&post=1937"},{"taxonomy":"post_tag","embeddable":true,"href":"https:\/\/akdenizolaygazetesi.com\/index.php?rest_route=%2Fwp%2Fv2%2Ftags&post=1937"}],"curies":[{"name":"wp","href":"https:\/\/api.w.org\/{rel}","templated":true}]}}