{"id":19372,"date":"2022-06-18T17:10:28","date_gmt":"2022-06-18T14:10:28","guid":{"rendered":"http:\/\/akdenizolaygazetesi.com\/?p=19372"},"modified":"2022-06-18T17:10:28","modified_gmt":"2022-06-18T14:10:28","slug":"akkuyu-ngsnin-1inci-unitesinde-kullanilacak-polar-vinc-insaat-sahasina-ulasti","status":"publish","type":"post","link":"https:\/\/akdenizolaygazetesi.com\/?p=19372","title":{"rendered":"AKKUYU NGS\u2019N\u0130N 1\u2019\u0130NC\u0130 \u00dcN\u0130TES\u0130NDE KULLANILACAK POLAR V\u0130N\u00c7 \u0130N\u015eAAT SAHASINA ULA\u015eTI"},"content":{"rendered":"<p>Akkuyu N\u00fckleer G\u00fc\u00e7 Santrali\u2019nin (NGS) 1\u2019inci \u00fcnitesinin in\u015faat sahas\u0131na, yakla\u015f\u0131k 400 ton kald\u0131rma kapasitesine sahip bir polar vin\u00e7 teslim edildi. Reakt\u00f6r binas\u0131n\u0131n en \u00f6nemli mekanizmalar\u0131ndan olan polar vin\u00e7, n\u00fckleer santrallerde en y\u00fcksek g\u00fcvenlik s\u0131n\u0131f\u0131 olan birinci s\u0131n\u0131f ekipmanlardan biri olma \u00f6zelli\u011fi ta\u015f\u0131yor.<\/p>\n<p>Vincin, Do\u011fu Kargo Terminali\u2019nde gemiden indirilme i\u015flemi 1 g\u00fcn s\u00fcrd\u00fc. \u0130ndirilmesinin ard\u0131ndan, her biri 42 metre uzunlu\u011funda ve 92\u2019\u015fer ton olan polar vincin iki kanad\u0131, NGS\u2019nin 1\u2019inci \u00fcnitesinin in\u015faat alan\u0131na g\u00f6t\u00fcr\u00fcld\u00fc. Vin\u00e7, kanatlar\u0131n \u00f6n montaj\u0131ndan sonra 1\u2019inci \u00fcnitenin reakt\u00f6r binas\u0131nda tasar\u0131m konumuna uygun pozisyona getirilecek. Rusya\u2019n\u0131n S\u0131zran kentinde bulunan TYAZHMASH fabrikas\u0131nda \u00fcretilen polar vincin a\u011f\u0131rl\u0131\u011f\u0131 200 tonu a\u015f\u0131yor. <\/p>\n<p>Polar vin\u00e7 ya da di\u011fer ad\u0131yla gezer k\u00f6pr\u00fc vinci, n\u00fckleer santralin i\u015fletim s\u00fcresinin t\u00fcm a\u015famalar\u0131nda kullan\u0131lacak. Vin\u00e7, reakt\u00f6r binas\u0131n\u0131n koruma kubbesi alt\u0131na yerle\u015ftirildikten sonra, n\u00fckleer yak\u0131t da dahil olmak \u00fczere reakt\u00f6r tesisinin ekipman\u0131 ile ilgili ta\u015f\u0131ma ve teknolojik i\u015flemleri ger\u00e7ekle\u015ftirmek i\u00e7in dairesel bir ray \u00fczerinde 360 \u00b0 d\u00f6n\u00fcyor olacak.<\/p>\n<p>Akkuyu N\u00fckleer A.\u015e. Genel M\u00fcd\u00fcr Birinci Yard\u0131mc\u0131s\u0131 ve NGS Yap\u0131 \u0130\u015fleri Direkt\u00f6r\u00fc Sergey Butskikh konuyla ilgili olarak yapt\u0131\u011f\u0131 a\u00e7\u0131klamada \u015funlar\u0131 s\u00f6yledi: \u201cAkkuyu NGS&#8217;nin 1\u2019inci g\u00fc\u00e7 \u00fcnitesine polar vincin gelmesi bu y\u0131l\u0131n en \u00f6nemli lojistik operasyonlar\u0131ndan birini te\u015fkil ediyor. Kargo, TYAZHMASH fabrikas\u0131ndan St. Petersburg liman\u0131na g\u00f6nderildi ve oradan deniz yoluyla NGS sahas\u0131ndaki Do\u011fu Kargo Terminali\u2019ne teslim edildi. Par\u00e7alar\u0131n\u0131n montaj\u0131ndan sonra reakt\u00f6r binas\u0131n\u0131n kubbesi alt\u0131na kurulacak olan vin\u00e7, faaliyete ge\u00e7meden \u00f6nce y\u00fcklerin g\u00fcvenilir ve hatas\u0131z \u015fekilde ta\u015f\u0131nabilirli\u011fi i\u00e7in bir dizi testten ge\u00e7ecek.\u201d<\/p>\n<p>Gerekli kablo hatlar\u0131n\u0131n d\u00f6\u015fenmesinin ard\u0131ndan polar vincin kurulumu, devreye al\u0131nmas\u0131 ve test edilmesine y\u00f6nelik i\u015flemler de ger\u00e7ekle\u015ftirilecek. Bu i\u015flemlerin 2022 sonuna kadar yap\u0131lmas\u0131 planlan\u0131yor.<\/p>\n","protected":false},"excerpt":{"rendered":"<p>Akkuyu N\u00fckleer G\u00fc\u00e7 Santrali\u2019nin (NGS) 1\u2019inci \u00fcnitesinin in\u015faat sahas\u0131na, yakla\u015f\u0131k 400 ton kald\u0131rma kapasitesine sahip bir polar vin\u00e7 teslim edildi. Reakt\u00f6r binas\u0131n\u0131n en \u00f6nemli mekanizmalar\u0131ndan olan polar vin\u00e7, n\u00fckleer santrallerde &hellip; <a href=\"https:\/\/akdenizolaygazetesi.com\/?p=19372\" class=\"more-link\">Devam\u0131n\u0131 Oku&#8230;<\/a><\/p>\n","protected":false},"author":2,"featured_media":19373,"comment_status":"open","ping_status":"open","sticky":false,"template":"","format":"standard","meta":[],"categories":[3,11],"tags":[],"_links":{"self":[{"href":"https:\/\/akdenizolaygazetesi.com\/index.php?rest_route=\/wp\/v2\/posts\/19372"}],"collection":[{"href":"https:\/\/akdenizolaygazetesi.com\/index.php?rest_route=\/wp\/v2\/posts"}],"about":[{"href":"https:\/\/akdenizolaygazetesi.com\/index.php?rest_route=\/wp\/v2\/types\/post"}],"author":[{"embeddable":true,"href":"https:\/\/akdenizolaygazetesi.com\/index.php?rest_route=\/wp\/v2\/users\/2"}],"replies":[{"embeddable":true,"href":"https:\/\/akdenizolaygazetesi.com\/index.php?rest_route=%2Fwp%2Fv2%2Fcomments&post=19372"}],"version-history":[{"count":1,"href":"https:\/\/akdenizolaygazetesi.com\/index.php?rest_route=\/wp\/v2\/posts\/19372\/revisions"}],"predecessor-version":[{"id":19374,"href":"https:\/\/akdenizolaygazetesi.com\/index.php?rest_route=\/wp\/v2\/posts\/19372\/revisions\/19374"}],"wp:featuredmedia":[{"embeddable":true,"href":"https:\/\/akdenizolaygazetesi.com\/index.php?rest_route=\/wp\/v2\/media\/19373"}],"wp:attachment":[{"href":"https:\/\/akdenizolaygazetesi.com\/index.php?rest_route=%2Fwp%2Fv2%2Fmedia&parent=19372"}],"wp:term":[{"taxonomy":"category","embeddable":true,"href":"https:\/\/akdenizolaygazetesi.com\/index.php?rest_route=%2Fwp%2Fv2%2Fcategories&post=19372"},{"taxonomy":"post_tag","embeddable":true,"href":"https:\/\/akdenizolaygazetesi.com\/index.php?rest_route=%2Fwp%2Fv2%2Ftags&post=19372"}],"curies":[{"name":"wp","href":"https:\/\/api.w.org\/{rel}","templated":true}]}}