{"id":19381,"date":"2022-06-18T17:16:08","date_gmt":"2022-06-18T14:16:08","guid":{"rendered":"http:\/\/akdenizolaygazetesi.com\/?p=19381"},"modified":"2022-06-18T17:16:08","modified_gmt":"2022-06-18T14:16:08","slug":"mersin-buyuksehir-kariyer-merkezi-yetenek-donusum-projesi-ile-kursiyerlerin-yaninda","status":"publish","type":"post","link":"https:\/\/akdenizolaygazetesi.com\/?p=19381","title":{"rendered":"MERS\u0130N B\u00dcY\u00dcK\u015eEH\u0130R KAR\u0130YER MERKEZ\u0130, YETENEK D\u00d6N\u00dc\u015e\u00dcM PROJES\u0130 \u0130LE KURS\u0130YERLER\u0130N YANINDA"},"content":{"rendered":"<p>Mersin B\u00fcy\u00fck\u015fehir Belediyesi Kariyer Merkezi&#8217;nin &#8216;Yetenek D\u00f6n\u00fc\u015f\u00fcm Projesi&#8217; kapsam\u0131nda a\u00e7t\u0131\u011f\u0131 mesleki e\u011fitim kurslar\u0131yla kursiyerler i\u015f hayat\u0131na at\u0131l\u0131yor. Kariyer Merkezi, projeyle adaylara &#8220;Mesleki E\u011fitim, Kariyer Rehberli\u011fi ve \u0130\u015f Arama Dan\u0131\u015fmanl\u0131\u011f\u0131&#8221; hizmeti sunarak istihdam edilmelerine katk\u0131 sunuyor.<\/p>\n<p>Sat\u0131\u015f Dan\u0131\u015fmanl\u0131\u011f\u0131 kursu a\u00e7\u0131ld\u0131<\/p>\n<p>B\u00fcy\u00fck\u015fehir Belediyesi Kariyer Merkezi, Merkez Halk E\u011fitim Merkezi, Mersin Ticaret ve Sanayi Odas\u0131, MTSO E\u011fitim ve Kalk\u0131nma Vakf\u0131 ile Mersin Perakendeci \u0130\u015f Adamlar\u0131 Derne\u011fi i\u015f birli\u011finde; i\u015f d\u00fcnyas\u0131n\u0131n talep etti\u011fi nitelikli eleman ihtiyac\u0131n\u0131n kar\u015f\u0131lanmas\u0131na y\u00f6nelik a\u00e7\u0131lan &#8216;Sat\u0131\u015f Dan\u0131\u015fmanl\u0131\u011f\u0131&#8217; kursu Mersin Ticaret ve Sanayi Odas\u0131&#8217;nda ba\u015flad\u0131. 17 kursiyerin kat\u0131l\u0131m\u0131yla 6 Haziran&#8217;da ba\u015flayan program, 24 A\u011fustos&#8217;ta sona erecek.<\/p>\n<p>Mersin Ticaret ve Sanayi Odas\u0131 Y\u00f6netim Kurulu Ba\u015fkan\u0131 Ayhan K\u0131z\u0131ltan, B\u00fcy\u00fck\u015fehir Belediyesi Kariyer Merkezi M\u00fcd\u00fcr\u00fc Serkan \u00d6zada, MTSO E\u011fitim ve Kalk\u0131nma Vakf\u0131 Y\u00f6netim Kurulu Ba\u015fkan\u0131 \u00c7a\u011fatay G\u00fcne\u015f ve Mersin Perakendeci \u0130\u015f Adamlar\u0131 Derne\u011fi Y\u00f6netim Kurulu Ba\u015fkan\u0131 \u00d6zcan Demir&#8217;in kat\u0131l\u0131m g\u00f6sterdi\u011fi kurs ziyaretinde hem kursiyerlerle tan\u0131\u015f\u0131ld\u0131 hem de i\u015f hayat\u0131na y\u00f6nelik deneyim payla\u015f\u0131m\u0131 ger\u00e7ekle\u015fti.<\/p>\n<p>\u0130stihdama katk\u0131 sunuluyor<\/p>\n<p>Kariyer Merkezi M\u00fcd\u00fcr\u00fc Serkan \u00d6zada, kurumlar aras\u0131 i\u015f birli\u011fine dayal\u0131 olarak &#8216;Yetenek D\u00f6n\u00fc\u015f\u00fcm Projesi&#8217;ni 2022 y\u0131l\u0131nda hayata ge\u00e7irdiklerini belirterek; Mesleki E\u011fitim, Kariyer Rehberli\u011fi, \u0130\u015f Arama Dan\u0131\u015fmanl\u0131\u011f\u0131 gibi bir\u00e7ok hizmeti adaylara bir paket olarak sunup, adaylar\u0131n hem mesleki becerilerini geli\u015ftirmek hem de istihdam edilebilirli\u011fine katk\u0131 sunmay\u0131 hedeflediklerini s\u00f6yledi. Proje kapsam\u0131nda 8 kurs a\u00e7t\u0131klar\u0131n\u0131 belirten \u00d6zada, Mali M\u00fc\u015favirler Odas\u0131 i\u015f birli\u011finde a\u00e7\u0131lan muhasebe kursundan 13 ki\u015finin mezun oldu\u011funu ve mezun olan kursiyerlerden 7 ki\u015finin k\u0131sa zamanda istihdama kat\u0131ld\u0131\u011f\u0131n\u0131n alt\u0131n\u0131 \u00e7izdi. \u00d6zada, 100&#8217;\u00fcn \u00fczerinde kursiyerin oldu\u011fu projede, profesyonel y\u00f6neticiler taraf\u0131ndan verilen \u0130\u015f Arama Becerileri E\u011fitimleri&#8217;ni, adaylarla firmalar\u0131n bulu\u015fmas\u0131 ve network a\u011f\u0131n\u0131n geni\u015flemesi a\u00e7\u0131s\u0131ndan \u00f6nemli g\u00f6rd\u00fcklerini s\u00f6yledi.<\/p>\n<p>&#8220;Mersin B\u00fcy\u00fck\u015fehir Belediyesi ile i\u015f birli\u011fi halindeyiz&#8221;<\/p>\n<p>MTSO Y\u00f6netim Kurulu Ba\u015fkan\u0131 Ayhan K\u0131z\u0131ltan, gen\u00e7lerin meslek edinmesi ve istihdama kat\u0131lmas\u0131 konusunda B\u00fcy\u00fck\u015fehir Belediyesi Kariyer Merkezi ile i\u015f birli\u011fi halinde \u00e7al\u0131\u015ft\u0131klar\u0131n\u0131 belirtti. Art\u0131k tan\u0131d\u0131klar arac\u0131l\u0131\u011f\u0131yla i\u015f bulma d\u00f6neminin sona erdi\u011fini; insanlar\u0131n bilgi, beceri ve toplum i\u00e7i davran\u0131\u015flar\u0131yla de\u011ferlendirildi\u011fini kaydeden K\u0131z\u0131ltan, &#8220;Amac\u0131m\u0131z bilgilerinizi g\u00fcncel tutmak. De\u011fi\u015fen d\u00fcnya d\u00fczenine uyum sa\u011flaman\u0131z\u0131 kolayla\u015ft\u0131rmak. Buradaki e\u011fitimler de yetmez. Kendinizi s\u00fcrekli yenilemelisiniz&#8221; dedi. Bilginin iyi olmas\u0131n\u0131n \u00f6zg\u00fcveni art\u0131raca\u011f\u0131na i\u015faret eden K\u0131z\u0131ltan, &#8220;Y\u00fcksek \u00f6zg\u00fcven ise sizi hayata haz\u0131rlay\u0131p, daha iyi i\u015fler bulman\u0131z\u0131 destekler&#8221; diye konu\u015ftu.  <\/p>\n<p>MTSO E\u011fitim ve Kalk\u0131nma Vakf\u0131 Y\u00f6netim Kurulu Ba\u015fkan\u0131 \u00c7a\u011fatay G\u00fcne\u015f, vak\u0131f olarak Mersin B\u00fcy\u00fck\u015fehir Belediyesi ile i\u015f birli\u011fine dayal\u0131 olarak a\u00e7\u0131lan &#8216;Sat\u0131\u015f Dan\u0131\u015fmanl\u0131\u011f\u0131&#8217; kursunun bir ba\u015flang\u0131\u00e7 olaca\u011f\u0131n\u0131, bu s\u00fcre\u00e7ten sonra i\u015f arayanlar\u0131n, \u00f6\u011frencilerin i\u015f arama s\u00fcrecine destek olacak projeler \u00fczerine ortak \u00e7al\u0131\u015fmalar yapacaklar\u0131n\u0131 s\u00f6yledi.<\/p>\n<p>Mersin Perakendeci \u0130\u015f Adamlar\u0131 Derne\u011fi Y\u00f6netim Kurulu Ba\u015fkan\u0131 \u00d6zcan Demir ise Kariyer Merkezi koordinasyonunda a\u00e7\u0131lan &#8216;Sat\u0131\u015f Dan\u0131\u015fmanl\u0131\u011f\u0131&#8217; kursunu \u00f6zellikle perakende sekt\u00f6r\u00fc i\u00e7in yararl\u0131 g\u00f6rd\u00fcklerini, kurs boyunca derne\u011fe \u00fcye veya \u00fcye olmayan firmalarla kursiyerler aras\u0131nda kurulacak a\u011fa katk\u0131 sunmak istediklerinin alt\u0131n\u0131 \u00e7izdi.<\/p>\n","protected":false},"excerpt":{"rendered":"<p>Mersin B\u00fcy\u00fck\u015fehir Belediyesi Kariyer Merkezi&#8217;nin &#8216;Yetenek D\u00f6n\u00fc\u015f\u00fcm Projesi&#8217; kapsam\u0131nda a\u00e7t\u0131\u011f\u0131 mesleki e\u011fitim kurslar\u0131yla kursiyerler i\u015f hayat\u0131na at\u0131l\u0131yor. Kariyer Merkezi, projeyle adaylara &#8220;Mesleki E\u011fitim, Kariyer Rehberli\u011fi ve \u0130\u015f Arama Dan\u0131\u015fmanl\u0131\u011f\u0131&#8221; hizmeti &hellip; <a href=\"https:\/\/akdenizolaygazetesi.com\/?p=19381\" class=\"more-link\">Devam\u0131n\u0131 Oku&#8230;<\/a><\/p>\n","protected":false},"author":2,"featured_media":19382,"comment_status":"open","ping_status":"open","sticky":false,"template":"","format":"standard","meta":[],"categories":[8,1,3,5],"tags":[],"_links":{"self":[{"href":"https:\/\/akdenizolaygazetesi.com\/index.php?rest_route=\/wp\/v2\/posts\/19381"}],"collection":[{"href":"https:\/\/akdenizolaygazetesi.com\/index.php?rest_route=\/wp\/v2\/posts"}],"about":[{"href":"https:\/\/akdenizolaygazetesi.com\/index.php?rest_route=\/wp\/v2\/types\/post"}],"author":[{"embeddable":true,"href":"https:\/\/akdenizolaygazetesi.com\/index.php?rest_route=\/wp\/v2\/users\/2"}],"replies":[{"embeddable":true,"href":"https:\/\/akdenizolaygazetesi.com\/index.php?rest_route=%2Fwp%2Fv2%2Fcomments&post=19381"}],"version-history":[{"count":1,"href":"https:\/\/akdenizolaygazetesi.com\/index.php?rest_route=\/wp\/v2\/posts\/19381\/revisions"}],"predecessor-version":[{"id":19383,"href":"https:\/\/akdenizolaygazetesi.com\/index.php?rest_route=\/wp\/v2\/posts\/19381\/revisions\/19383"}],"wp:featuredmedia":[{"embeddable":true,"href":"https:\/\/akdenizolaygazetesi.com\/index.php?rest_route=\/wp\/v2\/media\/19382"}],"wp:attachment":[{"href":"https:\/\/akdenizolaygazetesi.com\/index.php?rest_route=%2Fwp%2Fv2%2Fmedia&parent=19381"}],"wp:term":[{"taxonomy":"category","embeddable":true,"href":"https:\/\/akdenizolaygazetesi.com\/index.php?rest_route=%2Fwp%2Fv2%2Fcategories&post=19381"},{"taxonomy":"post_tag","embeddable":true,"href":"https:\/\/akdenizolaygazetesi.com\/index.php?rest_route=%2Fwp%2Fv2%2Ftags&post=19381"}],"curies":[{"name":"wp","href":"https:\/\/api.w.org\/{rel}","templated":true}]}}