{"id":19384,"date":"2022-06-21T12:21:05","date_gmt":"2022-06-21T09:21:05","guid":{"rendered":"http:\/\/akdenizolaygazetesi.com\/?p=19384"},"modified":"2022-06-21T12:21:05","modified_gmt":"2022-06-21T09:21:05","slug":"akdeniz-belediyesi-gencler-ve-ailelerinin-yks-heyecanini-paylasti","status":"publish","type":"post","link":"https:\/\/akdenizolaygazetesi.com\/?p=19384","title":{"rendered":"AKDEN\u0130Z BELED\u0130YES\u0130, GEN\u00c7LER VE A\u0130LELER\u0130N\u0130N YKS HEYECANINI PAYLA\u015eTI"},"content":{"rendered":"<p>Akdeniz Belediyesi, hafta sonu iki oturum halinde d\u00fczenlenen Y\u00fcksek\u00f6\u011fretim Kurumlar\u0131 S\u0131nav\u0131 (YKS) s\u0131nav\u0131na giren \u00f6\u011frencileri ve ailelerini yaln\u0131z b\u0131rakmad\u0131. Ba\u015fkan G\u00fcltak da yay\u0131nlad\u0131\u011f\u0131 yaz\u0131l\u0131 mesaj\u0131nda s\u0131nava giren gen\u00e7lere ba\u015far\u0131lar diledi, hayalini kurduklar\u0131 \u00fcniversiteleri kazanmalar\u0131n\u0131 temenni etti.<br \/>\nAkdeniz Belediyesi K\u00fclt\u00fcr ve Sosyal \u0130\u015fler M\u00fcd\u00fcrl\u00fc\u011f\u00fc, hafta sonu, Cumartesi ve Pazar g\u00fcn\u00fc d\u00fczenlenen Y\u00fcksek\u00f6\u011fretim Kurumlar\u0131 S\u0131nav\u0131\u2019nda (YKS) ter d\u00f6ken \u00f6\u011frencileri ve velileri yaln\u0131z b\u0131rakmad\u0131, heyecanlar\u0131na ortak oldu.  Akdeniz il\u00e7esi s\u0131n\u0131rlar\u0131nda bulunan bir\u00e7ok farkl\u0131 okulun \u00f6n\u00fcne a\u00e7\u0131lan stantlarda, s\u0131nava giren \u00f6\u011frencilere ve onlar\u0131 bah\u00e7ede heyecanla bekleyen velilerine so\u011fuk su ikram edildi. Aileler ve \u00f6\u011frenciler, duyarl\u0131l\u0131klar\u0131 nedeniyle belediye ekiplerine te\u015fekk\u00fcr etti.<br \/>\nBa\u015fkan G\u00fcltak\u2019tan ba\u015far\u0131 mesaj\u0131\u2026<br \/>\nAkdeniz Belediye Ba\u015fkan\u0131 M. Mustafa G\u00fcltak da yay\u0131nlad\u0131\u011f\u0131 yaz\u0131l\u0131 mesaj\u0131nda, Y\u00fcksek \u00d6\u011fretim Kurumlar\u0131 S\u0131nav\u0131\u2019na giren t\u00fcm \u00f6\u011frencilere ba\u015far\u0131lar diledi; \u201cGelece\u011fimizin teminat\u0131 olan gen\u00e7lerimizin y\u0131llard\u0131r ula\u015fmak amac\u0131yla ter d\u00f6kt\u00fckleri hayallerine kavu\u015fmalar\u0131n\u0131, diledikleri meslekleri ve hedefledikleri \u00fcniversiteleri kazanmalar\u0131n\u0131 temenni ediyorum. Akdeniz Belediyesi olarak, ba\u015fta e\u011fitim, spor, k\u00fclt\u00fcr ve sanat olmak \u00fczere, hayatlar\u0131n\u0131n her an\u0131nda ve alan\u0131nda gelece\u011fimiz olan gen\u00e7lerimizin yan\u0131nda olmaya, onlar\u0131 desteklemeye devam edece\u011fiz\u201d ifadelerini kulland\u0131. <\/p>\n","protected":false},"excerpt":{"rendered":"<p>Akdeniz Belediyesi, hafta sonu iki oturum halinde d\u00fczenlenen Y\u00fcksek\u00f6\u011fretim Kurumlar\u0131 S\u0131nav\u0131 (YKS) s\u0131nav\u0131na giren \u00f6\u011frencileri ve ailelerini yaln\u0131z b\u0131rakmad\u0131. Ba\u015fkan G\u00fcltak da yay\u0131nlad\u0131\u011f\u0131 yaz\u0131l\u0131 mesaj\u0131nda s\u0131nava giren gen\u00e7lere ba\u015far\u0131lar diledi, &hellip; <a href=\"https:\/\/akdenizolaygazetesi.com\/?p=19384\" class=\"more-link\">Devam\u0131n\u0131 Oku&#8230;<\/a><\/p>\n","protected":false},"author":2,"featured_media":19385,"comment_status":"open","ping_status":"open","sticky":false,"template":"","format":"standard","meta":[],"categories":[2,3],"tags":[],"_links":{"self":[{"href":"https:\/\/akdenizolaygazetesi.com\/index.php?rest_route=\/wp\/v2\/posts\/19384"}],"collection":[{"href":"https:\/\/akdenizolaygazetesi.com\/index.php?rest_route=\/wp\/v2\/posts"}],"about":[{"href":"https:\/\/akdenizolaygazetesi.com\/index.php?rest_route=\/wp\/v2\/types\/post"}],"author":[{"embeddable":true,"href":"https:\/\/akdenizolaygazetesi.com\/index.php?rest_route=\/wp\/v2\/users\/2"}],"replies":[{"embeddable":true,"href":"https:\/\/akdenizolaygazetesi.com\/index.php?rest_route=%2Fwp%2Fv2%2Fcomments&post=19384"}],"version-history":[{"count":1,"href":"https:\/\/akdenizolaygazetesi.com\/index.php?rest_route=\/wp\/v2\/posts\/19384\/revisions"}],"predecessor-version":[{"id":19386,"href":"https:\/\/akdenizolaygazetesi.com\/index.php?rest_route=\/wp\/v2\/posts\/19384\/revisions\/19386"}],"wp:featuredmedia":[{"embeddable":true,"href":"https:\/\/akdenizolaygazetesi.com\/index.php?rest_route=\/wp\/v2\/media\/19385"}],"wp:attachment":[{"href":"https:\/\/akdenizolaygazetesi.com\/index.php?rest_route=%2Fwp%2Fv2%2Fmedia&parent=19384"}],"wp:term":[{"taxonomy":"category","embeddable":true,"href":"https:\/\/akdenizolaygazetesi.com\/index.php?rest_route=%2Fwp%2Fv2%2Fcategories&post=19384"},{"taxonomy":"post_tag","embeddable":true,"href":"https:\/\/akdenizolaygazetesi.com\/index.php?rest_route=%2Fwp%2Fv2%2Ftags&post=19384"}],"curies":[{"name":"wp","href":"https:\/\/api.w.org\/{rel}","templated":true}]}}