{"id":19387,"date":"2022-06-21T12:22:35","date_gmt":"2022-06-21T09:22:35","guid":{"rendered":"http:\/\/akdenizolaygazetesi.com\/?p=19387"},"modified":"2022-06-21T12:22:35","modified_gmt":"2022-06-21T09:22:35","slug":"secer-mersin-gelecege-dair-istikbal-vadeden-bir-yer","status":"publish","type":"post","link":"https:\/\/akdenizolaygazetesi.com\/?p=19387","title":{"rendered":"SE\u00c7ER: &#8220;MERS\u0130N GELECE\u011eE DA\u0130R \u0130ST\u0130KBAL VADEDEN B\u0130R YER&#8221;"},"content":{"rendered":"<p>Mersin B\u00fcy\u00fck\u015fehir Belediye Ba\u015fkan\u0131 Vahap Se\u00e7er, Mersin Ticaret ve Sanayi Odas\u0131 (MTSO) Y\u00f6netim Kurulu Ba\u015fkan\u0131 Ayhan K\u0131z\u0131ltan, MTSO Meclis Ba\u015fkan\u0131 Hamit \u0130zol ve MTSO Y\u00f6netim Kurulu \u00dcyeleri ile Meclis \u00fcyelerinden olu\u015fan Mersin Heyeti, Moldova&#8217;da bir dizi temaslarda bulundu.<br \/>\nMoldova temaslar\u0131 resmi ziyaretler ile ba\u015flad\u0131<br \/>\nT\u00fcrkiye-Moldova \u0130\u015f Forumu&#8217;na kat\u0131lmak \u00fczere Moldova&#8217;ya giden Mersin Heyeti, Forum \u00f6ncesinde Mersin ile Moldova aras\u0131ndaki ticaretin art\u0131r\u0131lmas\u0131 ad\u0131na resmi ziyaretler yapt\u0131.  Moldova&#8217;da bir dizi temasta bulunan Mersin Heyeti ilk olarak Ba\u015fbakan Yard\u0131mc\u0131s\u0131 D\u0131\u015fi\u015fleri ve AB Entegrasyonu Bakan\u0131 Nicu Popescu ile bir araya geldi. T\u00fcrkiye&#8217;nin Moldova B\u00fcy\u00fckel\u00e7isi G\u00fcrol S\u00f6kmens\u00fcer de g\u00f6r\u00fc\u015fmeye e\u015flik etti. Mersin Heyeti&#8217;nin ikinci dura\u011f\u0131 ise Moldova H\u00fck\u00fcmet Binas\u0131 oldu. Moldova Ekonomi Bakan\u0131 Sergei Gaibu, \u0130mar ve \u015eehircilik Bakan Yard\u0131mc\u0131s\u0131 Vaceslav \u015eipitca ve Yat\u0131r\u0131m Ajans\u0131 Genel M\u00fcd\u00fcr\u00fc Stelian Manic&#8217;le bir araya gelen heyet, Moldova&#8217;n\u0131n yat\u0131r\u0131m imkanlar\u0131 ve \u00fclke ekonomisi hakk\u0131nda bilgi ald\u0131. Ticaret M\u00fc\u015faviri Elif Durako\u011flu da Mersin Heyeti&#8217;ne e\u015flik etti. Mersin Heyeti ziyaretlerinde Mersin ve Moldova aras\u0131ndaki ekonomik, sosyal, k\u00fclt\u00fcrel ili\u015fkilerin art\u0131r\u0131lmas\u0131n\u0131 arzu ettiklerini vurgulad\u0131.<\/p>\n<p>Mersin Heyeti, 2. g\u00fcn Moldova-T\u00fcrkiye \u0130\u015f Forumu&#8217;na kat\u0131ld\u0131<br \/>\nMersin Heyeti, Moldova ziyaretlerinin 2. g\u00fcn\u00fcnde ise Moldova-T\u00fcrkiye \u0130\u015f Forumu&#8217;na kat\u0131ld\u0131. Moldova Yat\u0131r\u0131m Ajans\u0131 Genel M\u00fcd\u00fcr\u00fc Stelian Manic&#8217;in sundu\u011fu forumun a\u00e7\u0131l\u0131\u015f konu\u015fmalar\u0131n\u0131 Ekonomi Bakan\u0131 Sergiu Gaibu, Mersin B\u00fcy\u00fck\u015fehir Belediye Ba\u015fkan\u0131 Vahap Se\u00e7er, MTSO Y\u00f6netim Kurulu Ba\u015fkan\u0131 Ayhan K\u0131z\u0131ltan ile T\u00fcrkiye Cumhuriyeti Moldova Cumhuriyeti B\u00fcy\u00fckel\u00e7isi G\u00fcrol S\u00f6kmens\u00fcer yapt\u0131.<br \/>\nSe\u00e7er: &#8220;Moldova, T\u00fcrkiye i\u00e7in stratejik bir koridor h\u00fcviyetini ta\u015f\u0131yor&#8221;<br \/>\nB\u00fcy\u00fck\u015fehir Belediye Ba\u015fkan\u0131 Vahap Se\u00e7er yapt\u0131\u011f\u0131 konu\u015fmada, &#8220;Biz buraya T\u00fcrkiye&#8217;nin G\u00fcney ucundan, Akdeniz&#8217;in k\u0131y\u0131s\u0131ndan geldik. Y\u0131llar \u00f6nce bizim b\u00f6lgemizde, Orta Do\u011fu&#8217;da meydana gelen \u00e7at\u0131\u015fma ortam\u0131 Mersin&#8217;e ne sa\u011flad\u0131ysa, o b\u00f6lgeye ne sa\u011flad\u0131ysa, ticaret imk\u00e2n\u0131 a\u00e7\u0131s\u0131ndan, uluslararas\u0131 ticaret boyutu a\u00e7\u0131s\u0131ndan ne sa\u011flad\u0131ysa, bug\u00fcn Ukrayna-Rusya Sava\u015f\u0131&#8217;n\u0131n yaratt\u0131\u011f\u0131 yeni \u015fartlar da Moldova&#8217;y\u0131 bizim Mersin&#8217;in geldi\u011fi noktaya getirdi. Biliyorsunuz kentimizdeki liman, T\u00fcrkiye&#8217;nin en b\u00fcy\u00fck limanlar\u0131n\u0131n ba\u015f\u0131nda geliyor ve Do\u011fu Akdeniz \u00e7ana\u011f\u0131n\u0131n, o b\u00f6lgenin d\u00fcnyaya a\u00e7\u0131lan kap\u0131s\u0131. Sadece Mersin Liman\u0131&#8217;ndan T\u00fcrkiye&#8217;de \u00fcretilip t\u00fcm d\u00fcnyaya pazarlanan \u00fcr\u00fcnler ya da d\u00fcnyan\u0131n bir\u00e7ok \u00fclkesinden T\u00fcrkiye&#8217;ye gelen \u00fcr\u00fcnlerin elle\u00e7lendi\u011fi ya da ula\u015f\u0131ma konuldu\u011fu bir liman de\u011fil. Ayn\u0131 zamanda transit ticaret anlam\u0131nda muazzam bir \u015fekilde potansiyeli olan bir liman konumunda. Yani d\u00fcnyan\u0131n her yerinden \u00fcr\u00fcnler Mersin Liman\u0131&#8217;na gelir, oradan Orta Do\u011fu&#8217;ya, ba\u015fta Kuzey Irak olmak \u00fczere b\u00fct\u00fcn Irak b\u00f6lgesine, Suriye&#8217;ye, hatta Kafkaslar&#8217;a, \u0130ran, Azerbaycan, G\u00fcrcistan, o b\u00f6lgelere kadar karayolu koridoru vas\u0131tas\u0131yla ula\u015f\u0131r. \u015eimdi Moldova&#8217;n\u0131n da durumu bu&#8221; dedi.<br \/>\nMoldova&#8217;n\u0131n T\u00fcrkiye i\u00e7in stratejik bir koridor h\u00fcviyetini ta\u015f\u0131d\u0131\u011f\u0131ndan s\u00f6z eden Ba\u015fkan Se\u00e7er, &#8220;\u015eu anda yeni b\u00f6lge ko\u015fullar\u0131nda Moldova T\u00fcrkiye i\u00e7in stratejik bir koridor h\u00fcviyetini ta\u015f\u0131yor. Ben Mersin Moldova aras\u0131ndaki ihracat ithalat rakamlar\u0131na da bakt\u0131m. Toplam T\u00fcrkiye ihracat\u0131n\u0131n yakla\u015f\u0131k 2.4&#8217;\u00fc, 2 bu\u00e7u\u011fu yani 24 milyon dolar gibi k\u00fc\u00e7\u00fck bir hacim. Zaten biz bu potansiyeli art\u0131rmak i\u00e7in buraday\u0131z, neler yapabiliriz diye. Bizim Ukrayna ile Rusya ile o b\u00f6lge ile daha b\u00fcy\u00fck boyutta ticaretimiz var. \u00d6zellikle biz bu b\u00f6lgeden \u00e7ok \u00f6nemli tar\u0131m \u00fcr\u00fcnleri al\u0131yoruz. Bir numaral\u0131 ya\u011fl\u0131 tohum tedarik etti\u011fimiz b\u00f6lgelerin ba\u015f\u0131nda bu b\u00f6lgeler geliyor. Bizim T\u00fcrkiye&#8217;de \u00e7ok \u00f6nemli ya\u011fl\u0131 tohum a\u00e7\u0131\u011f\u0131 var. Ay\u00e7i\u00e7e\u011fi, soya fasulyesi, mesela hayvansal protein a\u00e7\u0131\u011f\u0131 vard\u0131r yem sanayinde kulland\u0131\u011f\u0131m\u0131z. Bizim 2,5 milyon ton soya t\u00fcketimimiz var. Yine bir o kadar ay\u00e7i\u00e7e\u011fi ham olarak, daha do\u011frusu \u00fcr\u00fcn olarak 2,5 milyon ton, 3 milyon ton ay\u00e7i\u00e7e\u011fi ihtiyac\u0131 var. B\u00fct\u00fcn bu \u00fcr\u00fcnlerin \u00f6nemli bir k\u0131sm\u0131n\u0131 bu co\u011frafyadan, bu b\u00f6lgeden al\u0131yoruz. Dolay\u0131s\u0131yla T\u00fcrkiye ile Moldova&#8217;n\u0131n direkt ya da endirekt ticaretinin \u00f6nem arz etti\u011fini ben burada yapt\u0131\u011f\u0131m\u0131z g\u00f6r\u00fc\u015fmelerde de\u011ferlendirdim. Burada \u00e7ok say\u0131da farkl\u0131 sekt\u00f6rlerden i\u015f insan\u0131 da var&#8221; diye konu\u015ftu.<br \/>\n&#8220;Mersin gelece\u011fe dair istikbal vadeden bir yer&#8221;<br \/>\nMersin&#8217;in dinamik bir yer oldu\u011funun vurgusunu da yapan Ba\u015fkan Se\u00e7er, &#8220;Mersin dinamik bir yer. Gelece\u011fe dair istikbal vadeden bir yer. Mersin&#8217;i takip etmenizi istiyorum. \u00c7ok \u00f6nemli imkanlar var. \u015eu anda orada Rusya&#8217;n\u0131n da \u00f6nemli bir yat\u0131r\u0131m\u0131 var, N\u00fckleer Santral yat\u0131r\u0131m\u0131 var. Bir Uluslararas\u0131 Havaalan\u0131 Projesi tamamlanmak \u00fczere; Ekim ay\u0131, Kas\u0131m ay\u0131 itibariyle hizmete girecek. D\u00fc\u015f\u00fcn\u00fcn Mersin&#8217;e direkt u\u00e7u\u015f yapabileceksiniz. Bunun muazzam bir kolayl\u0131k oldu\u011funu, 2 b\u00f6lge aras\u0131ndaki ileti\u015fimi, diyalo\u011fu ne kadar kolayla\u015ft\u0131raca\u011f\u0131n\u0131 d\u00fc\u015f\u00fcnecek olursak, gelece\u011fe dair daha mant\u0131kl\u0131 projeksiyon yapabiliriz diye d\u00fc\u015f\u00fcn\u00fcyorum. Benim tabi ki kentin belediye ba\u015fkan\u0131 olarak Ticaret ve Sanayi Odas\u0131 ile ve i\u015f adamlar\u0131m\u0131zla beraber burada olma sebebim, kentimin tan\u0131t\u0131m\u0131na ve ekonomisinin b\u00fcy\u00fcmesine, onlara yeni d\u00fcnyalar a\u00e7\u0131lmas\u0131na katk\u0131 sunmak. Fakat di\u011fer taraftan i\u015fin ekonomik boyutu d\u0131\u015f\u0131nda, bir de tabi ki sosyal ve k\u00fclt\u00fcrel boyutu var. Netice itibariyle insanlar\u0131 bir araya getirebildi\u011fimiz takdirde, insanlar\u0131n birbirleriyle ileti\u015fimini sa\u011flad\u0131\u011f\u0131m\u0131z takdirde, k\u00fclt\u00fcrleri bulu\u015fturdu\u011fumuz takdirde d\u00fcnya bar\u0131\u015f\u0131na \u00e7ok \u00f6nemli katk\u0131 yapabilece\u011fimizi de d\u00fc\u015f\u00fcn\u00fcyorum. Tabi bu asl\u0131nda bir anlamda paradan, ekonomiden de \u00f6nemli. Belki de birbirini tamamlayan 2 unsur. Ne kadar refah, ne kadar ekonomi o kadar bar\u0131\u015f, o kadar huzur ortam\u0131. Tabi ki bu tip ili\u015fkilerin bir\u00e7ok konuda bize katk\u0131 sunaca\u011f\u0131n\u0131 d\u00fc\u015f\u00fcn\u00fcyorum&#8221; ifadelerini kulland\u0131.<br \/>\n&#8220;Bug\u00fcne kadar geli\u015fen ikili ili\u015fkilerin bundan sonra \u00e7ok daha h\u0131zl\u0131 bir \u015fekilde mesafe alaca\u011f\u0131n\u0131 d\u00fc\u015f\u00fcn\u00fcyorum&#8221;<br \/>\nMay\u0131s ay\u0131n\u0131n sonunda Mersin&#8217;de Moldova Devlet Tiyatrosu&#8217;nun &#8216;K\u00f6rlerin Hayat\u0131&#8217; isimli oyunu sergilediklerini de an\u0131msatan Ba\u015fkan Se\u00e7er, &#8220;Bu \u00e7ok \u00f6nemli. Neden oldu bu? Ankara B\u00fcy\u00fckel\u00e7isi Mersin&#8217;e geldi. Bizlerle temas kurdu. Bizlerle asl\u0131nda g\u00f6n\u00fcl ba\u011f\u0131 kurdu. Yani burada olmam\u0131z\u0131n nedenlerinden biri de o diyaloglar\u0131n iyi ge\u00e7mesi. Biz o tiyatronun kentimize gelmesini sa\u011flad\u0131k. Bir ileti\u015fim ba\u015flad\u0131. Bizim geleneksel &#8216;Narenciye Festivali&#8217;miz vard\u0131. Narenciye Festivali&#8217;nde Moldova folklor gruplar\u0131n\u0131n, k\u00fclt\u00fcr gruplar\u0131n\u0131n, oyun gruplar\u0131n\u0131n g\u00f6sterilerde terledi\u011fini biliyoruz. 2022 y\u0131l\u0131 i\u00e7erisinde sonbaharda, Ekim ay\u0131 i\u00e7erisinde b\u00fcy\u00fck bir organizasyonumuz var. Uluslararas\u0131 Turun\u00e7gil Kongresi. Moldova heyetini oraya davet ediyoruz. Halk danslar\u0131 konusunda ya da farkl\u0131 alanlarda g\u00f6steri yapmak \u00fczere orada olmalar\u0131n\u0131 arzu ederiz. Umut ediyorum bug\u00fcne kadar geli\u015fen ikili ili\u015fkilerin, bundan sonra \u00e7ok daha h\u0131zl\u0131 bir \u015fekilde mesafe alaca\u011f\u0131n\u0131 d\u00fc\u015f\u00fcn\u00fcyorum. Yapt\u0131\u011f\u0131m\u0131z bu ziyaretin her iki \u00fclke a\u00e7\u0131s\u0131ndan da \u00e7ok muazzam katk\u0131lar\u0131 olaca\u011f\u0131n\u0131 d\u00fc\u015f\u00fcn\u00fcyorum. Bizleri konuk etti\u011finiz i\u00e7in de sizlere \u00e7ok te\u015fekk\u00fcr ediyorum. Ba\u015far\u0131lar diliyorum&#8221; ifadelerine yer verdi.<br \/>\nK\u0131z\u0131ltan: &#8220;Mersin yeni bir destinasyon olabilir&#8221;<br \/>\nMTSO Y\u00f6netim Kurulu Ba\u015fkan\u0131 Ayhan K\u0131z\u0131ltan, Moldova-T\u00fcrkiye ili\u015fkilerinde Mersin&#8217;in yeni bir destinasyon olabilece\u011fini g\u00f6stermek ad\u0131na ileti\u015fimi art\u0131rmak istediklerine de\u011finirken, Moldoval\u0131 i\u015f insanlar\u0131na Mersin&#8217;in g\u00fc\u00e7l\u00fc yanlar\u0131n\u0131 anlat\u0131p kar\u015f\u0131l\u0131kl\u0131 i\u015fbirli\u011fi f\u0131rsatlar\u0131ndan s\u00f6z etti. K\u0131z\u0131ltan, &#8220;Moldova bizim i\u00e7in bir\u00e7ok sekt\u00f6r\u00fcm\u00fcz\u00fc tamamlayan \u00f6zelliklere ve zenginliklere sahip. Mersin olarak biz de, Moldova&#8217;n\u0131n ihtiya\u00e7lar\u0131n\u0131 tamamlayacak bir kentiz. Bir\u00e7ok sekt\u00f6rde deneyim ve bilgiye sahibiz. Bu i\u015fbirli\u011fini hayata ge\u00e7irecek ortak bir k\u00fclt\u00fcre sahip oldu\u011fumuzu d\u00fc\u015f\u00fcn\u00fcyorum&#8221; dedi. Forum, i\u015f insanlar\u0131n\u0131n ikili g\u00f6r\u00fc\u015fmeleriyle son buldu.<\/p>\n","protected":false},"excerpt":{"rendered":"<p>Mersin B\u00fcy\u00fck\u015fehir Belediye Ba\u015fkan\u0131 Vahap Se\u00e7er, Mersin Ticaret ve Sanayi Odas\u0131 (MTSO) Y\u00f6netim Kurulu Ba\u015fkan\u0131 Ayhan K\u0131z\u0131ltan, MTSO Meclis Ba\u015fkan\u0131 Hamit \u0130zol ve MTSO Y\u00f6netim Kurulu \u00dcyeleri ile Meclis \u00fcyelerinden &hellip; <a href=\"https:\/\/akdenizolaygazetesi.com\/?p=19387\" class=\"more-link\">Devam\u0131n\u0131 Oku&#8230;<\/a><\/p>\n","protected":false},"author":2,"featured_media":19388,"comment_status":"open","ping_status":"open","sticky":false,"template":"","format":"standard","meta":[],"categories":[2,3,5],"tags":[],"_links":{"self":[{"href":"https:\/\/akdenizolaygazetesi.com\/index.php?rest_route=\/wp\/v2\/posts\/19387"}],"collection":[{"href":"https:\/\/akdenizolaygazetesi.com\/index.php?rest_route=\/wp\/v2\/posts"}],"about":[{"href":"https:\/\/akdenizolaygazetesi.com\/index.php?rest_route=\/wp\/v2\/types\/post"}],"author":[{"embeddable":true,"href":"https:\/\/akdenizolaygazetesi.com\/index.php?rest_route=\/wp\/v2\/users\/2"}],"replies":[{"embeddable":true,"href":"https:\/\/akdenizolaygazetesi.com\/index.php?rest_route=%2Fwp%2Fv2%2Fcomments&post=19387"}],"version-history":[{"count":1,"href":"https:\/\/akdenizolaygazetesi.com\/index.php?rest_route=\/wp\/v2\/posts\/19387\/revisions"}],"predecessor-version":[{"id":19389,"href":"https:\/\/akdenizolaygazetesi.com\/index.php?rest_route=\/wp\/v2\/posts\/19387\/revisions\/19389"}],"wp:featuredmedia":[{"embeddable":true,"href":"https:\/\/akdenizolaygazetesi.com\/index.php?rest_route=\/wp\/v2\/media\/19388"}],"wp:attachment":[{"href":"https:\/\/akdenizolaygazetesi.com\/index.php?rest_route=%2Fwp%2Fv2%2Fmedia&parent=19387"}],"wp:term":[{"taxonomy":"category","embeddable":true,"href":"https:\/\/akdenizolaygazetesi.com\/index.php?rest_route=%2Fwp%2Fv2%2Fcategories&post=19387"},{"taxonomy":"post_tag","embeddable":true,"href":"https:\/\/akdenizolaygazetesi.com\/index.php?rest_route=%2Fwp%2Fv2%2Ftags&post=19387"}],"curies":[{"name":"wp","href":"https:\/\/api.w.org\/{rel}","templated":true}]}}