{"id":1939,"date":"2020-11-04T18:22:28","date_gmt":"2020-11-04T15:22:28","guid":{"rendered":"http:\/\/mersinekonomipolitikagazetesi.com\/?p=1939"},"modified":"2020-11-04T18:22:28","modified_gmt":"2020-11-04T15:22:28","slug":"kadin-gazetecinin-ilk-kitabi-kosuyorum-durmadan","status":"publish","type":"post","link":"https:\/\/akdenizolaygazetesi.com\/?p=1939","title":{"rendered":"KADIN GAZETEC\u0130N\u0130N \u0130LK K\u0130TABI \u2018KO\u015eUYORUM DURMADAN\u2019"},"content":{"rendered":"<p>3 \u00e7ocuk annesi olan Gazeteci- Yazar Ayzaman Co\u015fkunf\u0131rat, 4. \u00e7ocu\u011fu olarak g\u00f6rd\u00fc\u011f\u00fc, \u2018Ko\u015fuyorum Durmadan\u2019 adl\u0131 ilk \u00f6yk\u00fc kitab\u0131n\u0131 okuyucularla bulu\u015fturdu.<\/p>\n<blockquote type=\"cite\">\n<div dir=\"ltr\">\n<p><span style=\"font-size:16px;\">Mersin Gazeteciler Cemiyeti\u2019nde kitab\u0131n\u0131n tan\u0131t\u0131m\u0131 hakk\u0131nda a\u00e7\u0131klama yapan Gazeteci-Yazar Ayzaman Co\u015fkunf\u0131rat, kitab\u0131n 10 senelik yoldan geldi\u011fini, hayat\u0131n i\u00e7ine yaz\u0131m d\u00fcnyas\u0131na bug\u00fcn girdi\u011fini belirterek kitap yazman\u0131n kolay olmad\u0131\u011f\u0131n\u0131 belirtti.<\/span><\/p>\n<p><span style=\"font-size:16px;\">Kitab\u0131 yazarken \u00e7ok \u00e7al\u0131\u015ft\u0131\u011f\u0131n\u0131, emek verdi\u011fini kaydeden Co\u015fkunf\u0131rat, ya\u015farken g\u00f6zlemledi\u011fi \u015feyleri kitapta yaz\u0131ya d\u00f6kme gereksinimi duydu\u011funu dile getirerek ileriki d\u00f6nemlerde de ikinci kitab\u0131n gelece\u011fine dikkat \u00e7ekti.<\/span><\/p>\n<p>\u00a0<\/p>\n<p><span style=\"font-size:16px;\">\u201cYOLA \u00c7IKARKEN DE ZAMAN VE MEKAN KAVRAMINI GEN\u0130\u015e TUTTUM\u201d<\/span><\/p>\n<p>\u00a0<\/p>\n<p><span style=\"font-size:16px;\">\u201c\u0130\u00e7inizden biri olarak bas\u0131n hayat\u0131ma gazetelerde k\u00f6\u015fe yazarak ba\u015flad\u0131m.\u201d \u015feklinde belirten Co\u015fkunf\u0131rat: \u201cArkama bakt\u0131\u011f\u0131mda hayat\u0131n \u00f6yk\u00fclerin toplam\u0131 oldu\u011funu g\u00f6rd\u00fcm. Duygular k\u0131y\u0131ya vururken p\u0131ht\u0131yd\u0131 harf oldu, hece oldu, kelime oldu, c\u00fcmle oldu s\u0131raland\u0131 sar\u0131 yapraklara a\u015fk oldu, \u00f6l\u00fcm oldu, keder oldu, kahkaha oldu ve umut oldu. Sayfalar\u0131n aras\u0131na s\u0131k\u0131\u015fm\u0131\u015f c\u00fcmleler de art\u0131k ne bekliyorsun yaz dedi? Yazd\u0131m, c\u00fcmlelerle ya\u015fam\u0131n tad\u0131na can vermeye \u00e7al\u0131\u015ft\u0131m, bebe\u011fin d\u00fcnyaya geli\u015finin heyecan\u0131 her \u00f6yk\u00fcmde ya\u015fad\u0131m. Yola \u00e7\u0131karken de zaman ve mekan kavram\u0131n\u0131 geni\u015f tuttum, bize \u00f6d\u00fcn\u00e7 b\u0131rak\u0131lan Soli antik kentinde, ya\u015fayan g\u00f6k bilimci \u015fair, felsefeci Aratos\u2019un heybetli s\u00fctunlar\u0131n\u0131n g\u00f6lgesinde ki evine misafir oldum. \u2018Tutku \u00f6zg\u00fcrl\u00fc\u011f\u00fcn d\u00fc\u015fman\u0131yd\u0131\u2019 orada.\u201d ifadelerini kulland\u0131.<\/span><\/p>\n<p>\u00a0<\/p>\n<p>\u00a0<\/p>\n<p><span style=\"font-size:16px;\">\u201cH\u00dcSEY\u0130N\u2019\u0130N DURMADAN KO\u015eMASININ UMUDUNU, \u0130NANCINI \u00d6YK\u00dc K\u0130TABIMDA YAZDIM\u201d<\/span><\/p>\n<p>\u00a0<\/p>\n<p><span style=\"font-size:16px;\">A\u00e7\u0131klama konu\u015fmas\u0131na devam eden Co\u015fkunf\u0131rat: \u201cLokanta art\u0131klar\u0131ndan \u00e7ocuklar\u0131na yemek haz\u0131rlayan Ak\u00e7\u0131n\u2019na \u00e7are, Paris\u2019te \u00f6l\u00fcm\u00fc tek ba\u015f\u0131na kar\u015f\u0131layan \u00c7a\u011flar\u2019\u0131n yaln\u0131zl\u0131\u011f\u0131na yolda\u015f, Roma\u2019da Jasmin\u2019le \u00c7a\u011f\u0131n\u2019\u0131n ac\u0131yla biten a\u015fk\u0131na sab\u0131r, e\u011fitim d\u00fcnyam\u0131z\u0131n y\u00fcz ak\u0131 olan k\u00f6y enstit\u00fclerinin tarihi dokusunun yok edili\u015fine burukluk, 1914\u2019de sava\u015f \u00f6ncesi Erzurum\u2019da Ermeni komitac\u0131lar\u0131n\u0131n gazla yakt\u0131klar\u0131 sivillerden k\u00fc\u00e7\u00fck H\u00fcseyin\u2019in durmadan ko\u015fmas\u0131n\u0131n umudunu, inanc\u0131n\u0131 \u00f6yk\u00fc kitab\u0131mda yazd\u0131m ve \u2018Ay Zaman\u0131n\u0131n Hikayeleri- Ko\u015fuyordum Durmadan\u2019 dedim.\u201d \u015feklinde konu\u015ftu.<\/span><\/p>\n<p>\u00a0<\/p>\n<p><span style=\"font-size:16px;\">\u201cK\u0130TABIN KAPAK RESM\u0130N\u0130 TORUNUM YAPTI\u201d<\/span><\/p>\n<p>\u00a0<\/p>\n<p><span style=\"font-size:16px;\">Uzun yoldan gelen \u00f6yk\u00fclerinin art\u0131k okuyucularla beraber oldu\u011funu aktaran Co\u015fkunf\u0131rat, \u0130kinci kitab\u0131 y\u0131lsonuna haz\u0131r olaca\u011f\u0131n\u0131 \u00fcmit etti\u011fini s\u00f6yledi.<\/span><\/p>\n<p><span style=\"font-size:16px;\">Kitap yaz\u0131m\u0131 s\u0131ras\u0131nda \u00e7evresinde yard\u0131m ald\u0131\u011f\u0131n\u0131 belirten Co\u015fkunf\u0131rat: \u201cE\u015fim A. Haydar Co\u015fkunf\u0131rat hep yan\u0131mda oldu, o\u011flum K. Yeti\u015f Co\u015fkunf\u0131rat \u015fiirleriyle, torunum Beng\u00fcay Co\u015fkunf\u0131rat kapak resimleriyle, Mersin \u00dcniversitesi E\u011fitim Fak\u00fcltesi \u00d6\u011fretim \u00dcyelerinden Do\u00e7. Dr. Serdarhan Musa Ta\u015fkaya kitab\u0131n edit\u00f6rl\u00fck, \u00d6\u011fretmen \u00d6zlem Demiralev ise redaksiyon \u00e7al\u0131\u015fmalar\u0131yla yan\u0131mda oldular.\u201d diye konu\u015ftu.<\/span><\/p>\n<\/div>\n<\/blockquote>\n","protected":false},"excerpt":{"rendered":"<p>3 \u00e7ocuk annesi olan Gazeteci- Yazar Ayzaman Co\u015fkunf\u0131rat, 4. \u00e7ocu\u011fu olarak g\u00f6rd\u00fc\u011f\u00fc, \u2018Ko\u015fuyorum Durmadan\u2019 adl\u0131 ilk \u00f6yk\u00fc kitab\u0131n\u0131 okuyucularla bulu\u015fturdu. Mersin Gazeteciler Cemiyeti\u2019nde kitab\u0131n\u0131n tan\u0131t\u0131m\u0131 hakk\u0131nda a\u00e7\u0131klama yapan Gazeteci-Yazar Ayzaman &hellip; <a href=\"https:\/\/akdenizolaygazetesi.com\/?p=1939\" class=\"more-link\">Devam\u0131n\u0131 Oku&#8230;<\/a><\/p>\n","protected":false},"author":1,"featured_media":0,"comment_status":"open","ping_status":"open","sticky":false,"template":"","format":"standard","meta":[],"categories":[],"tags":[],"_links":{"self":[{"href":"https:\/\/akdenizolaygazetesi.com\/index.php?rest_route=\/wp\/v2\/posts\/1939"}],"collection":[{"href":"https:\/\/akdenizolaygazetesi.com\/index.php?rest_route=\/wp\/v2\/posts"}],"about":[{"href":"https:\/\/akdenizolaygazetesi.com\/index.php?rest_route=\/wp\/v2\/types\/post"}],"author":[{"embeddable":true,"href":"https:\/\/akdenizolaygazetesi.com\/index.php?rest_route=\/wp\/v2\/users\/1"}],"replies":[{"embeddable":true,"href":"https:\/\/akdenizolaygazetesi.com\/index.php?rest_route=%2Fwp%2Fv2%2Fcomments&post=1939"}],"version-history":[{"count":0,"href":"https:\/\/akdenizolaygazetesi.com\/index.php?rest_route=\/wp\/v2\/posts\/1939\/revisions"}],"wp:attachment":[{"href":"https:\/\/akdenizolaygazetesi.com\/index.php?rest_route=%2Fwp%2Fv2%2Fmedia&parent=1939"}],"wp:term":[{"taxonomy":"category","embeddable":true,"href":"https:\/\/akdenizolaygazetesi.com\/index.php?rest_route=%2Fwp%2Fv2%2Fcategories&post=1939"},{"taxonomy":"post_tag","embeddable":true,"href":"https:\/\/akdenizolaygazetesi.com\/index.php?rest_route=%2Fwp%2Fv2%2Ftags&post=1939"}],"curies":[{"name":"wp","href":"https:\/\/api.w.org\/{rel}","templated":true}]}}