{"id":19393,"date":"2022-06-21T12:25:23","date_gmt":"2022-06-21T09:25:23","guid":{"rendered":"http:\/\/akdenizolaygazetesi.com\/?p=19393"},"modified":"2022-06-21T12:25:23","modified_gmt":"2022-06-21T09:25:23","slug":"mersin-babalar-gununu-babalik-festivalinde-yarisarak-kutladi","status":"publish","type":"post","link":"https:\/\/akdenizolaygazetesi.com\/?p=19393","title":{"rendered":"MERS\u0130N BABALAR G\u00dcN\u00dc&#8217;N\u00dc &#8220;BA&#8217;BALIK FEST\u0130VAL\u0130&#8221;NDE YARI\u015eARAK KUTLADI"},"content":{"rendered":"<p>Mersin B\u00fcy\u00fck\u015fehir Belediyesi, spor ve spor k\u00fclt\u00fcr\u00fcn\u00fcn kent genelinde yayg\u0131nla\u015ft\u0131r\u0131lmas\u0131 amac\u0131 ile \u00e7al\u0131\u015fmalar\u0131n\u0131 s\u00fcrd\u00fcr\u00fcyor.<br \/>\nB\u00fcy\u00fck\u015fehir Belediyesi taraf\u0131ndan Babalar G\u00fcn\u00fc&#8217;ne \u00f6zel olarak Atat\u00fcrk Park\u0131 i\u00e7erisinde d\u00fczenlenen festival etkinlikleri kapsam\u0131nda bal\u0131k tutma yar\u0131\u015fmas\u0131n\u0131n da oldu\u011fu Ba&#8217;bal\u0131k Festivali&#8217;ne Mersin B\u00fcy\u00fck\u015fehir Belediyesi Genel Sekreter Yard\u0131mc\u0131s\u0131 Hasan G\u00f6kbel, Gen\u00e7lik ve Spor Hizmetleri Dairesi Ba\u015fkan\u0131 Emrullah Ta\u015fk\u0131n ile Gen\u00e7lik ve Spor Hizmetleri \u015eube M\u00fcd\u00fcr\u00fc B\u00fcnyamin G\u00f6kayaz da kat\u0131ld\u0131. \u015eehir i\u00e7inden yap\u0131lan kat\u0131l\u0131m\u0131n yan\u0131 s\u0131ra Adana ve Osmaniye gibi \u00e7evre illerden de kat\u0131l\u0131m\u0131n sa\u011fland\u0131\u011f\u0131 festivalin a\u00e7\u0131l\u0131\u015f\u0131n\u0131 Hasan G\u00f6kbel yapt\u0131.<br \/>\nBabalar G\u00fcn\u00fc&#8217;ne \u00f6zel olarak saat 16.00&#8217;da ba\u015flayan ve gecenin ge\u00e7 saatlerine kadar devam eden yar\u0131\u015fman\u0131n \u015fampiyonu 17 bal\u0131k tutarak 296 puan alan Ahmet Turan Alk\u0131\u015f ve k\u0131z\u0131 G\u00fclhan Alk\u0131\u015f olurken, ikincili\u011fi 14 bal\u0131k ile 250 puan alan Rahile \u00d6zbaran ve Ak\u0131n \u00d6zbaran \u00e7ifti ald\u0131. Yar\u0131\u015fmaya Osmaniye&#8217;den kat\u0131lan Emine G\u00f6kt\u00fcrk ve \u00d6zg\u00fcr G\u00f6kt\u00fcrk 10 bal\u0131k tutarak 247 puan ile yar\u0131\u015fmada \u00fc\u00e7\u00fcnc\u00fc olurken, 40 cm boyunda Karakulak cinsi bal\u0131k yakalayan Erdal Salt\u0131k ve Nurhayat Salt\u0131k \u00e7ifti ise yar\u0131\u015fman\u0131n en b\u00fcy\u00fck bal\u0131\u011f\u0131n\u0131 yakalayan \u00e7ifti oldu.<br \/>\n&#8220;De\u011fi\u015fik ve g\u00fczel bir etkinlikti&#8221;<br \/>\nYar\u0131\u015fman\u0131n birincisi Ahmet Turan Alk\u0131\u015f Mersin B\u00fcy\u00fck\u015fehir Belediyesi taraf\u0131ndan Babalar G\u00fcn\u00fc&#8217;ne \u00f6zel olarak d\u00fczenlenen Ba&#8217;bal\u0131k Festivali&#8217;nin \u00e7ok g\u00fczel bir etkinlik oldu\u011funu ifade ederek, &#8220;\u00c7ocuklar\u0131m\u0131z, gen\u00e7lerimiz geldiler babalar\u0131 ile birlikte burada oltalar\u0131n\u0131 att\u0131lar, herkes i\u00e7in g\u00fczel bir etkinlikti. B\u00fcy\u00fck\u015fehir Belediye Ba\u015fkan\u0131m\u0131za te\u015fekk\u00fcr ederim&#8221; dedi.<br \/>\nBabas\u0131 ile birlikte yar\u0131\u015fmada birinci olan G\u00fclhan Alk\u0131\u015f ise yar\u0131\u015fman\u0131n d\u00fczenlenmesinden dolay\u0131 Mersin B\u00fcy\u00fck\u015fehir Belediyesi&#8217;ne \u00e7ok te\u015fekk\u00fcr etti\u011fini ifade ederek, \u015fampiyon olduklar\u0131 i\u00e7in mutlu oldu\u011funu ifade etti.<br \/>\nYar\u0131\u015fmaya Osmaniye&#8217;den kat\u0131lan Mustafa T\u00fcrkmen, Mersin B\u00fcy\u00fck\u015fehir Belediyesi&#8217;ne d\u00fczenledi\u011fi etkinlik dolay\u0131s\u0131 ile te\u015fekk\u00fcr ederek, &#8220;G\u00fczel bir etkinlik ger\u00e7ekle\u015fti. Hem \u00e7ocuklar hem de aileler ad\u0131na burada g\u00fczel bir program icra edildi. Bu \u00e7ok b\u00fcy\u00fck bir yar\u0131\u015fma de\u011fil belki ama bir etkinlik. Biz ba\u015fka yar\u0131\u015fmalara da gidiyoruz. Ancak buradaki bal\u0131klar fena de\u011fil. Eme\u011fimizin kar\u015f\u0131l\u0131\u011f\u0131 \u00e7\u0131k\u0131yor. Mersin B\u00fcy\u00fck\u015fehir Belediye Ba\u015fkan\u0131m\u0131za katk\u0131lar\u0131ndan dolay\u0131 te\u015fekk\u00fcr ederiz. \u0130n\u015fallah daha kapsaml\u0131 ve AKOBDER ile koordineli daha b\u00fcy\u00fck bir yar\u0131\u015fmada destek vermelerini istiyoruz. \u00c7\u00fcnk\u00fc T\u00fcrkiye&#8217;nin d\u00f6rt bir yan\u0131ndan avc\u0131lar buraya geliyorlar. Burada Mersin&#8217;i tan\u0131tmak ad\u0131na \u00f6nemli oldu\u011funu d\u00fc\u015f\u00fcn\u00fcyorum&#8221; \u015feklinde konu\u015ftu.<br \/>\nFestival boyunca Mersin B\u00fcy\u00fck\u015fehir Belediyesi Kent Orkestras\u0131&#8217;n\u0131n da sahne ald\u0131\u011f\u0131 etkinlik, \u00f6d\u00fcl t\u00f6reninin ard\u0131ndan sona erdi. <\/p>\n","protected":false},"excerpt":{"rendered":"<p>Mersin B\u00fcy\u00fck\u015fehir Belediyesi, spor ve spor k\u00fclt\u00fcr\u00fcn\u00fcn kent genelinde yayg\u0131nla\u015ft\u0131r\u0131lmas\u0131 amac\u0131 ile \u00e7al\u0131\u015fmalar\u0131n\u0131 s\u00fcrd\u00fcr\u00fcyor. B\u00fcy\u00fck\u015fehir Belediyesi taraf\u0131ndan Babalar G\u00fcn\u00fc&#8217;ne \u00f6zel olarak Atat\u00fcrk Park\u0131 i\u00e7erisinde d\u00fczenlenen festival etkinlikleri kapsam\u0131nda bal\u0131k tutma &hellip; <a href=\"https:\/\/akdenizolaygazetesi.com\/?p=19393\" class=\"more-link\">Devam\u0131n\u0131 Oku&#8230;<\/a><\/p>\n","protected":false},"author":2,"featured_media":19394,"comment_status":"open","ping_status":"open","sticky":false,"template":"","format":"standard","meta":[],"categories":[1,2,3,5],"tags":[],"_links":{"self":[{"href":"https:\/\/akdenizolaygazetesi.com\/index.php?rest_route=\/wp\/v2\/posts\/19393"}],"collection":[{"href":"https:\/\/akdenizolaygazetesi.com\/index.php?rest_route=\/wp\/v2\/posts"}],"about":[{"href":"https:\/\/akdenizolaygazetesi.com\/index.php?rest_route=\/wp\/v2\/types\/post"}],"author":[{"embeddable":true,"href":"https:\/\/akdenizolaygazetesi.com\/index.php?rest_route=\/wp\/v2\/users\/2"}],"replies":[{"embeddable":true,"href":"https:\/\/akdenizolaygazetesi.com\/index.php?rest_route=%2Fwp%2Fv2%2Fcomments&post=19393"}],"version-history":[{"count":1,"href":"https:\/\/akdenizolaygazetesi.com\/index.php?rest_route=\/wp\/v2\/posts\/19393\/revisions"}],"predecessor-version":[{"id":19395,"href":"https:\/\/akdenizolaygazetesi.com\/index.php?rest_route=\/wp\/v2\/posts\/19393\/revisions\/19395"}],"wp:featuredmedia":[{"embeddable":true,"href":"https:\/\/akdenizolaygazetesi.com\/index.php?rest_route=\/wp\/v2\/media\/19394"}],"wp:attachment":[{"href":"https:\/\/akdenizolaygazetesi.com\/index.php?rest_route=%2Fwp%2Fv2%2Fmedia&parent=19393"}],"wp:term":[{"taxonomy":"category","embeddable":true,"href":"https:\/\/akdenizolaygazetesi.com\/index.php?rest_route=%2Fwp%2Fv2%2Fcategories&post=19393"},{"taxonomy":"post_tag","embeddable":true,"href":"https:\/\/akdenizolaygazetesi.com\/index.php?rest_route=%2Fwp%2Fv2%2Ftags&post=19393"}],"curies":[{"name":"wp","href":"https:\/\/api.w.org\/{rel}","templated":true}]}}