{"id":19399,"date":"2022-06-21T12:29:15","date_gmt":"2022-06-21T09:29:15","guid":{"rendered":"http:\/\/akdenizolaygazetesi.com\/?p=19399"},"modified":"2022-06-21T12:29:15","modified_gmt":"2022-06-21T09:29:15","slug":"kir-cicekleri-diyarbakirdan-mersine-buyuk-basarilarla-dondu","status":"publish","type":"post","link":"https:\/\/akdenizolaygazetesi.com\/?p=19399","title":{"rendered":"KIR \u00c7\u0130\u00c7EKLER\u0130 D\u0130YARBAKIR&#8217;DAN MERS\u0130N&#8217;E B\u00dcY\u00dcK BA\u015eARILARLA D\u00d6ND\u00dc"},"content":{"rendered":"<p>Mersin B\u00fcy\u00fck\u015fehir Belediyesi&#8217;nin K\u0131r \u00c7i\u00e7ekleri ald\u0131klar\u0131 ba\u015far\u0131larla ad\u0131ndan s\u00f6z ettirirken, ba\u015far\u0131dan ba\u015far\u0131ya ko\u015fuyor. K\u0131r \u00c7i\u00e7ekleri bug\u00fcne kadar 16 tak\u0131m \u015fampiyonlu\u011fu ve 148 bireysel derece elde etti.<br \/>\nK\u0131r \u00c7i\u00e7ekleri Diyarbak\u0131r&#8217;dan Mersin&#8217;e b\u00fcy\u00fck ba\u015far\u0131larla d\u00f6nd\u00fc<br \/>\nK\u0131r \u00c7i\u00e7ekleri son olarak 9-10 Haziran tarihinde Diyarbak\u0131r&#8217;da okullar aras\u0131 ger\u00e7ekle\u015ftirilen K\u00fc\u00e7\u00fckler Y\u0131ld\u0131zlar Puanl\u0131 Atletizm T\u00fcrkiye Finali&#8217;nde hem tak\u0131m hem de bireysel olarak \u00f6nemli ba\u015far\u0131lar elde etti.  Kocavilayet Ortaokulu&#8217;nda e\u011fitim alan K\u0131r \u00c7i\u00e7ekleri, Atletizm Tak\u0131m\u0131 okullar aras\u0131nda T\u00fcrkiye 4.&#8217;s\u00fc oldu.<br \/>\nBireyselde ise Cirit Atma bran\u015f\u0131nda Nazl\u0131 G\u00f6kta\u015f T\u00fcrkiye 2.&#8217;si, G\u00fclle Atma bran\u015f\u0131nda Rabia Naz G\u00f6\u00e7er T\u00fcrkiye 3.&#8217;s\u00fc oldu. Ayr\u0131ca Semiha Sava\u015f, Meryem Yaman, Zeynep Karao\u011flan, Nazl\u0131 G\u00f6kta\u015f ve G\u00fclseren Feyza Uysal&#8217;dan olu\u015fan 5\u00d780 Metre Bayrak Tak\u0131m\u0131 da T\u00fcrkiye 3.&#8217;s\u00fc olarak \u015fehre d\u00f6nd\u00fc. K\u0131r \u00c7i\u00e7ekleri, Diyarbak\u0131r&#8217;daki genel s\u0131ralamada 16 tak\u0131m aras\u0131ndan T\u00fcrkiye 4.&#8217;l\u00fc\u011f\u00fcn\u00fc elde etti. K\u0131r \u00c7i\u00e7ekleri, okullar baz\u0131nda Mersin olarak al\u0131nan en \u00f6nemli ba\u015far\u0131lardan birini \u015fehre getirmi\u015f oldu.<br \/>\n&#8220;Bug\u00fcne kadar toplam 16 tak\u0131m \u015fampiyonlu\u011fu, 148 bireysel derece elde ettik&#8221;<br \/>\nB\u00fcy\u00fck\u015fehir Belediyesi Gen\u00e7lik ve Spor Dairesi Ba\u015fkanl\u0131\u011f\u0131&#8217;nda ve K\u0131r \u00c7i\u00e7ekleri&#8217;nde Atletizm Antren\u00f6r\u00fc olarak g\u00f6rev yapan Nezir Ergin,  &#8220;K\u0131r \u00c7i\u00e7ekleri Projemiz, bizzat Vahap Ba\u015fkan\u0131m\u0131z\u0131n kendi projesi. Biz de bu proje do\u011frultusunda en iyi \u015fekilde \u00e7ocuklar\u0131m\u0131z\u0131 haz\u0131rlamaya \u00e7al\u0131\u015f\u0131yoruz. Ba\u015flang\u0131\u00e7 olarak ilk lisanslar\u0131n\u0131 \u00e7\u0131kard\u0131\u011f\u0131m\u0131zdan beri gerek yerel olsun gerek ulusal yar\u0131\u015fmalar olsun bug\u00fcne kadar toplam 16 tane tak\u0131m \u015fampiyonlu\u011fu, 148 tane de bireysel derece elde etmi\u015f olduk. Bak\u0131n ilk geldikleri zaman hi\u00e7 spor yapmayan \u00e7ocuklar bunlar ve bu dedi\u011fimiz \u00e7ok k\u0131sa bir s\u00fcre i\u00e7erisinde ger\u00e7ekle\u015fti. 2 y\u0131ldan az bir s\u00fcrede bu ba\u015far\u0131 elde edildi ki zamanla \u00e7ok daha iyi duruma gelece\u011fiz&#8221; dedi.<br \/>\nK\u0131r \u00c7i\u00e7ekleri&#8217;nin alm\u0131\u015f oldu\u011fu ba\u015far\u0131lardan s\u00f6z eden Ergin, &#8220;\u0130lk \u00f6nce okullar aras\u0131 kros yar\u0131\u015fmas\u0131nda tak\u0131m olarak il 1.&#8217;si olduk. Daha sonra ilimizde ger\u00e7ekle\u015ftirilen T\u00fcrkiye Kros Grup \u015eampiyonas\u0131&#8217;nda grup 4.&#8217;s\u00fc olduk. Daha sonra yine ilimizde ger\u00e7ekle\u015ftirilen okullar aras\u0131 Puanl\u0131 Atletizm T\u00fcrkiye il 1.&#8217;li\u011finde 1. olduk. Daha sonra grup \u015fampiyonas\u0131n\u0131 grup \u015fampiyonu olarak tamamlad\u0131k ve 9-10 Haziran Diyarbak\u0131r&#8217;da ger\u00e7ekle\u015ftirilen T\u00fcrkiye Finali&#8217;ne kat\u0131ld\u0131k. Burada da gerek bireysel olsun gerek tak\u0131m olsun \u00e7ok \u00f6nemli dereceler elde ettik. Cirit Atma Bran\u015f\u0131&#8217;nda T\u00fcrkiye 2.&#8217;li\u011fi elde ettik. G\u00fclle Atma Bran\u015f\u0131&#8217;nda T\u00fcrkiye 3.&#8217;l\u00fc\u011f\u00fc elde ettik. Ayn\u0131 zamanda 5\u00d780 Bayrak Tak\u0131m\u0131m\u0131z T\u00fcrkiye 3.&#8217;s\u00fc oldu ve genel s\u0131ralamada \u00e7ok c\u00fczi bir puanla T\u00fcrkiye 3.&#8217;l\u00fc\u011f\u00fcn\u00fc ka\u00e7\u0131rd\u0131k. Yani 2 puan gibi bir puanla T\u00fcrkiye 4.&#8217;s\u00fc olduk&#8221; diye konu\u015ftu.<br \/>\nMersin&#8217;in atletizmde her zaman \u00f6n plana \u00e7\u0131km\u0131\u015f bir \u015fehir oldu\u011fundan da s\u00f6z eden Ergin, &#8220;Mersin atletizmle b\u00fct\u00fcnle\u015fmi\u015f bir \u015fehrimiz. Tabi ki \u00e7ocuklar\u0131n ilk defa \u015fehir d\u0131\u015f\u0131nda bu d\u00fczeyde bir \u015fampiyonaya kat\u0131lmalar\u0131 onlar i\u00e7in de bizim i\u00e7in de ayr\u0131 bir tecr\u00fcbe. Yerelden direkt ulusal bir derece elde etmeleri ciddi anlamda \u00e7ok b\u00fcy\u00fck bir ba\u015far\u0131. Bu da onlar\u0131 da bizi de \u00e7ok mutlu ediyor. Bunu yapabilecek g\u00fc\u00e7te oldu\u011fumuzu biliyorduk. Gerek Mersin B\u00fcy\u00fck\u015fehir Belediyesi spor ailesi olarak gerekse de aileleri olarak b\u00fct\u00fcn bir \u015fekilde \u00e7al\u0131\u015f\u0131yoruz. Onlar\u0131n ba\u015far\u0131l\u0131 olmas\u0131 i\u00e7in elimizden geleni yap\u0131yoruz&#8221; ifadelerini kulland\u0131.<br \/>\n&#8220;\u00d6n\u00fcmde T\u00fcrkiye \u015eampiyonas\u0131 var, orada \u015fampiyon olmak istiyorum&#8221;<br \/>\nG\u00fclle Atma Bran\u015f\u0131&#8217;nda T\u00fcrkiye 3.&#8217;s\u00fc olan Rabia Naz G\u00f6\u00e7er, bug\u00fcne kadar elde etti\u011fi ba\u015far\u0131lardan da bahsederek, &#8220;Diyarbak\u0131r \u00e7ok zordu, \u00e7ok s\u0131cakt\u0131 ve atmosfer \u00e7ok heyecanl\u0131yd\u0131. Baya\u011f\u0131 heyecanland\u0131m ben. Atmosfer \u00e7ok farkl\u0131yd\u0131 ve benden iyi sporcular\u0131 g\u00f6rmek beni \u00e7ok h\u0131rsland\u0131rd\u0131. G\u00fczeldi. Bu ba\u015far\u0131y\u0131 alaca\u011f\u0131ma inan\u0131yordum. Asl\u0131nda T\u00fcrkiye 2.&#8217;si ile 3.&#8217;s\u00fcn\u00fcn att\u0131\u011f\u0131 derece ayn\u0131yd\u0131 ama bir \u00f6nceki at\u0131\u015f\u0131nda beni ge\u00e7ti\u011fi i\u00e7in o 2. oldu. \u00d6n\u00fcmde T\u00fcrkiye \u015eampiyonas\u0131 var, bir tane daha Konya&#8217;da Ana Lig&#8217;in o finali. Orada \u015fampiyon olmak istiyorum&#8221; dedi.<br \/>\n&#8220;Bundan sonraki hedefimiz t\u00fcm bran\u015flarda \u015fampiyonluk almak&#8221;<br \/>\nBayrak Tak\u0131m\u0131 oyuncular\u0131ndan Semiha Sava\u015f ise, &#8220;Arkada\u015flar\u0131m\u0131z baya\u011f\u0131 \u00e7aba sarf etti. Bayrak Tak\u0131m\u0131m\u0131z T\u00fcrkiye 3.&#8217;l\u00fc\u011f\u00fcn\u00fc ald\u0131. Tak\u0131m olarak da Mersin olarak da T\u00fcrkiye 4.&#8217;l\u00fc\u011f\u00fcn\u00fc ald\u0131k. Bundan sonraki hedefimiz t\u00fcm bran\u015flarda, g\u00fclle olsun, cirit olsun, bayrak olsun, uzun atlama olsun hepsinde \u015fampiyonluk almak, derecelerle T\u00fcrkiye \u015eampiyonu olmak. Diyarbak\u0131r&#8217;\u0131n atmosferi g\u00fczeldi. Kuzey K\u0131br\u0131s&#8217;tan gelen arkada\u015flar\u0131m\u0131z vard\u0131. Ba\u015fka \u015fehirlerden gelen arkada\u015flar\u0131m\u0131z vard\u0131. \u0130yi bir arkada\u015f ortam\u0131 vard\u0131 asl\u0131nda. Tan\u0131\u015ft\u0131k, kayna\u015ft\u0131k, g\u00fczel bir ortamd\u0131&#8221; dedi.<br \/>\n&#8220;Daha \u00e7ok \u00e7al\u0131\u015f\u0131p T\u00fcrkiye \u015fampiyonlu\u011funu hedefliyorum&#8221;<br \/>\n5\u00d780 Metre Bayrak Tak\u0131m\u0131 oyuncular\u0131ndan Nazl\u0131 G\u00f6kta\u015f, &#8220;Kros ko\u015fuyorum, bayrak ko\u015fuyorum, cirit at\u0131yorum. \u0130lk yar\u0131\u015f\u0131m kros yar\u0131\u015f\u0131yd\u0131. Kros yar\u0131\u015f\u0131nda 2009 K\u0131zlar Mersin 2.&#8217;li\u011fini elde ettim. Ondan sonra di\u011fer tak\u0131m yar\u0131\u015flar\u0131nda bayrak yar\u0131\u015flar\u0131nda ko\u015ftum. Cirit atmalar yapt\u0131m yine. Onlarda da iyi ba\u015far\u0131lar elde ettim. En son da Diyarbak\u0131r&#8217;da T\u00fcrkiye \u015fampiyonlu\u011funu 80 santimle ka\u00e7\u0131rd\u0131m ve T\u00fcrkiye 2.&#8217;si oldum. Oradaki atmosfer g\u00fczeldi. Farkl\u0131 sporcular\u0131 tan\u0131mak ve onlardan deneyim elde etmek g\u00fczeldi. Kendimden b\u00f6yle bir ba\u015far\u0131 bekliyordum. \u0130lk 3&#8217;e girmeyi bekliyordum, \u015fampiyonlu\u011fu hedefliyordum ama ka\u00e7\u0131rd\u0131m 80 santimle.  Daha \u00e7ok \u00e7al\u0131\u015f\u0131p T\u00fcrkiye \u015fampiyonlu\u011funu hedefliyorum&#8221; ifadelerine yer verdi.<br \/>\n&#8220;Bunda 3. olduk ama bir sonraki yar\u0131\u015fmam\u0131zda 1. olmay\u0131 diliyoruz&#8221;<br \/>\n5\u00d780 Metre Bayrak Tak\u0131m\u0131 oyuncular\u0131ndan Meryem Yaman atletizme yeni kat\u0131ld\u0131\u011f\u0131ndan s\u00f6z ederek, &#8220;Gitmedi\u011fim yerlere gittim;  Diyarbak\u0131r&#8217;a Malatya&#8217;ya. Bazen hi\u00e7 ba\u015far\u0131 elde edemedik, baz\u0131lar\u0131nda edebildik. Asl\u0131nda benim bran\u015f\u0131m bayrak de\u011fildi. Bayrakta ko\u015fmuyordum. Adam\u0131m\u0131z sakatlan\u0131nca, Nezir Hoca da beni alm\u0131\u015ft\u0131. \u0130lk ba\u015fta ben y\u00fcksekten \u00e7\u0131km\u0131\u015ft\u0131m, \u00e7ok k\u00f6t\u00fcyd\u00fcm, yapamayaca\u011f\u0131m diye endi\u015felenmi\u015ftim. Ba\u015f\u0131m a\u011fr\u0131yordu, sin\u00fczitim tuttu. Arkada\u015flar\u0131m destek oldular ve sonras\u0131nda ko\u015ftuk, ba\u015far\u0131 elde edince de kendime geldim o an. Tekrar y\u00fckse\u011fe ge\u00e7tim, y\u00fcksekte derece elde etmeye \u00e7al\u0131\u015ft\u0131m. Diyarbak\u0131r&#8217;da Bayrak Tak\u0131m\u0131 olarak 3.&#8217;l\u00fck ald\u0131k. Atmosfer iyiydi ama ilk ba\u015fta bir korku vard\u0131 i\u00e7imizde. \u00c7\u00fcnk\u00fc T\u00fcrkiye geneli oldu\u011fu i\u00e7in farkl\u0131 \u015fehirlerden gelmi\u015flerdi. Biz de ilk ba\u015fta biraz korkmu\u015ftuk,  ben kendi ad\u0131ma s\u00f6yleyeyim. T\u00fcrkiye geneli oldu\u011fu i\u00e7in rakiplerim hem T\u00fcrkiye&#8217;de 1. falan olduklar\u0131 i\u00e7in. Sonra arkada\u015flar\u0131m\u0131z sayesinde b\u00f6yle motive olduk, kendimize geldik ve kazand\u0131k. 4. olup geldik. Bunda 3. olduk ama bir sonraki yar\u0131\u015fmam\u0131zda 1. olmay\u0131 diliyoruz&#8221; ifadelerine yer verdi.<br \/>\n&#8220;Mersin&#8217;e g\u00fczel bir gururla d\u00f6nd\u00fck&#8221;<br \/>\nK\u0131r \u00c7i\u00e7ekleri&#8217;nden Song\u00fcl Karol ise, &#8220;Grup \u015eampiyonas\u0131&#8217;nda finalde uzun atlamada \u015fampiyon olmu\u015ftum. Diyarbak\u0131r&#8217;a giderken son antrenmanda sakatl\u0131k ya\u015fand\u0131. K\u00fc\u00e7\u00fck bir aksilik oldu. Ama Diyarbak\u0131r&#8217;a arkada\u015flar\u0131m\u0131n yan\u0131na gittim, havay\u0131 solumak istedim. Arkada\u015flar\u0131m\u0131n bu ba\u015far\u0131lar\u0131 alaca\u011f\u0131na inan\u0131yordum. G\u00fczel bir ba\u015far\u0131 elde ettik. Mersin&#8217;e g\u00fczel bir gururla d\u00f6nd\u00fck. Benim \u00f6n\u00fcmde hedeflerim rekor k\u0131rmak, \u015fampiyon olup gelmek&#8221; diye konu\u015ftu.<\/p>\n","protected":false},"excerpt":{"rendered":"<p>Mersin B\u00fcy\u00fck\u015fehir Belediyesi&#8217;nin K\u0131r \u00c7i\u00e7ekleri ald\u0131klar\u0131 ba\u015far\u0131larla ad\u0131ndan s\u00f6z ettirirken, ba\u015far\u0131dan ba\u015far\u0131ya ko\u015fuyor. K\u0131r \u00c7i\u00e7ekleri bug\u00fcne kadar 16 tak\u0131m \u015fampiyonlu\u011fu ve 148 bireysel derece elde etti. K\u0131r \u00c7i\u00e7ekleri Diyarbak\u0131r&#8217;dan Mersin&#8217;e &hellip; <a href=\"https:\/\/akdenizolaygazetesi.com\/?p=19399\" class=\"more-link\">Devam\u0131n\u0131 Oku&#8230;<\/a><\/p>\n","protected":false},"author":2,"featured_media":19400,"comment_status":"open","ping_status":"open","sticky":false,"template":"","format":"standard","meta":[],"categories":[1,2,3,10],"tags":[],"_links":{"self":[{"href":"https:\/\/akdenizolaygazetesi.com\/index.php?rest_route=\/wp\/v2\/posts\/19399"}],"collection":[{"href":"https:\/\/akdenizolaygazetesi.com\/index.php?rest_route=\/wp\/v2\/posts"}],"about":[{"href":"https:\/\/akdenizolaygazetesi.com\/index.php?rest_route=\/wp\/v2\/types\/post"}],"author":[{"embeddable":true,"href":"https:\/\/akdenizolaygazetesi.com\/index.php?rest_route=\/wp\/v2\/users\/2"}],"replies":[{"embeddable":true,"href":"https:\/\/akdenizolaygazetesi.com\/index.php?rest_route=%2Fwp%2Fv2%2Fcomments&post=19399"}],"version-history":[{"count":1,"href":"https:\/\/akdenizolaygazetesi.com\/index.php?rest_route=\/wp\/v2\/posts\/19399\/revisions"}],"predecessor-version":[{"id":19401,"href":"https:\/\/akdenizolaygazetesi.com\/index.php?rest_route=\/wp\/v2\/posts\/19399\/revisions\/19401"}],"wp:featuredmedia":[{"embeddable":true,"href":"https:\/\/akdenizolaygazetesi.com\/index.php?rest_route=\/wp\/v2\/media\/19400"}],"wp:attachment":[{"href":"https:\/\/akdenizolaygazetesi.com\/index.php?rest_route=%2Fwp%2Fv2%2Fmedia&parent=19399"}],"wp:term":[{"taxonomy":"category","embeddable":true,"href":"https:\/\/akdenizolaygazetesi.com\/index.php?rest_route=%2Fwp%2Fv2%2Fcategories&post=19399"},{"taxonomy":"post_tag","embeddable":true,"href":"https:\/\/akdenizolaygazetesi.com\/index.php?rest_route=%2Fwp%2Fv2%2Ftags&post=19399"}],"curies":[{"name":"wp","href":"https:\/\/api.w.org\/{rel}","templated":true}]}}