{"id":1940,"date":"2020-11-04T18:22:28","date_gmt":"2020-11-04T15:22:28","guid":{"rendered":"http:\/\/mersinekonomipolitikagazetesi.com\/?p=1940"},"modified":"2020-11-04T18:22:28","modified_gmt":"2020-11-04T15:22:28","slug":"ozdemir-dogruluktan-ve-adaletten-ayrilmayin","status":"publish","type":"post","link":"https:\/\/akdenizolaygazetesi.com\/?p=1940","title":{"rendered":"\u00d6ZDEM\u0130R: \u201cDO\u011eRULUKTAN VE ADALETTEN AYRILMAYIN\u201d"},"content":{"rendered":"<p>Mersin Barosu Ba\u015fkan Vekili Av. Gazi \u00d6zdemir, staj yapan iki gen\u00e7 avukat\u0131n yapt\u0131klar\u0131 yemin t\u00f6reniyle avukatl\u0131k ruhsatnamesini verdi. \u00d6zdemir, avukatlar hak ve adaletin g\u00fcvencesi oldu\u011funu aktard\u0131.<\/p>\n<blockquote type=\"cite\">\n<div dir=\"ltr\">\n<p><span style=\"font-size:16px;\">Mersin barosunda stajyerli\u011fini ba\u015far\u0131l\u0131 bir \u015fekilde tamamlayan Av. Yazg\u00fcl\u00fc Da\u015fdemir ve Av. G\u00fcltekin Top\u00e7am aileleriyle birlikte yemin t\u00f6renine kat\u0131l\u0131p c\u00fcbbeleri giydi.<\/span><\/p>\n<p><span style=\"font-size:16px;\">Mesle\u011fe ilk ad\u0131mlar\u0131n\u0131 atan Av. Yazg\u00fcl\u00fc Da\u015fdemir ve Av. G\u00fcltekin Top\u00e7am\u00a0 avukatl\u0131k ruhsatnamelerini alarak y\u00fczlerindeki mutlulu\u011fu aileleriyle payla\u015ft\u0131.<\/span><\/p>\n<p>\u00a0<\/p>\n<p><span style=\"font-size:16px;\">T\u00f6rende gen\u00e7 avukatlara ruhsatnamelerini veren Ba\u015fkan Vekili Av. Gazi \u00d6zdemir, avukatlar\u0131n uymakla y\u00fck\u00fcml\u00fc g\u00f6revleri oldu\u011funu, y\u00fcklendikleri g\u00f6revleri mesle\u011fin kutsall\u0131\u011f\u0131na ve onuruna yak\u0131\u015f\u0131r bir \u015fekilde yerine getirmek, avukatl\u0131k unvan\u0131n\u0131n gerektirdi\u011fi sayg\u0131 ve g\u00fcvene uygun davranmalar\u0131 gerekti\u011fini belirtti.<\/span><\/p>\n<p>\u00a0<\/p>\n<p><span style=\"font-size:16px;\">\u201cDO\u011eRULUKTAN, D\u00dcR\u00dcSTL\u00dcKTEN VE ADALETTEN AYRILMAYIN\u201d<\/span><\/p>\n<p>\u00a0<\/p>\n<p><span style=\"font-size:16px;\">\u201c\u0130nsan haklar\u0131 savunucusu olan avukatlar daima adaleti, hakk\u0131 ve hukuku g\u00f6zetmeli\u201d diyen \u00d6zdemir: \u201cAvukatlar hak ve adaletin g\u00fcvencesidir. Adalet hayat\u0131m\u0131z\u0131n her a\u015famas\u0131nda gereklidir. Do\u011fruluktan, d\u00fcr\u00fcstl\u00fckten ve adaletten ayr\u0131lmay\u0131n. Bu ilkeler, mesle\u011fimizin olmazsa olmaz kural\u0131d\u0131r. Meslekta\u015flar\u0131m\u0131 tebrik ederim avukatl\u0131k mesle\u011fine ilk ad\u0131mlar\u0131n\u0131 att\u0131lar. Kendilerine ba\u015far\u0131lar diliyorum.\u201d \u015feklinde konu\u015ftu.<\/span><\/p>\n<\/div>\n<\/blockquote>\n","protected":false},"excerpt":{"rendered":"<p>Mersin Barosu Ba\u015fkan Vekili Av. Gazi \u00d6zdemir, staj yapan iki gen\u00e7 avukat\u0131n yapt\u0131klar\u0131 yemin t\u00f6reniyle avukatl\u0131k ruhsatnamesini verdi. \u00d6zdemir, avukatlar hak ve adaletin g\u00fcvencesi oldu\u011funu aktard\u0131. Mersin barosunda stajyerli\u011fini ba\u015far\u0131l\u0131 &hellip; <a href=\"https:\/\/akdenizolaygazetesi.com\/?p=1940\" class=\"more-link\">Devam\u0131n\u0131 Oku&#8230;<\/a><\/p>\n","protected":false},"author":1,"featured_media":0,"comment_status":"open","ping_status":"open","sticky":false,"template":"","format":"standard","meta":[],"categories":[],"tags":[],"_links":{"self":[{"href":"https:\/\/akdenizolaygazetesi.com\/index.php?rest_route=\/wp\/v2\/posts\/1940"}],"collection":[{"href":"https:\/\/akdenizolaygazetesi.com\/index.php?rest_route=\/wp\/v2\/posts"}],"about":[{"href":"https:\/\/akdenizolaygazetesi.com\/index.php?rest_route=\/wp\/v2\/types\/post"}],"author":[{"embeddable":true,"href":"https:\/\/akdenizolaygazetesi.com\/index.php?rest_route=\/wp\/v2\/users\/1"}],"replies":[{"embeddable":true,"href":"https:\/\/akdenizolaygazetesi.com\/index.php?rest_route=%2Fwp%2Fv2%2Fcomments&post=1940"}],"version-history":[{"count":0,"href":"https:\/\/akdenizolaygazetesi.com\/index.php?rest_route=\/wp\/v2\/posts\/1940\/revisions"}],"wp:attachment":[{"href":"https:\/\/akdenizolaygazetesi.com\/index.php?rest_route=%2Fwp%2Fv2%2Fmedia&parent=1940"}],"wp:term":[{"taxonomy":"category","embeddable":true,"href":"https:\/\/akdenizolaygazetesi.com\/index.php?rest_route=%2Fwp%2Fv2%2Fcategories&post=1940"},{"taxonomy":"post_tag","embeddable":true,"href":"https:\/\/akdenizolaygazetesi.com\/index.php?rest_route=%2Fwp%2Fv2%2Ftags&post=1940"}],"curies":[{"name":"wp","href":"https:\/\/api.w.org\/{rel}","templated":true}]}}