{"id":19408,"date":"2022-06-22T12:54:52","date_gmt":"2022-06-22T09:54:52","guid":{"rendered":"http:\/\/akdenizolaygazetesi.com\/?p=19408"},"modified":"2022-06-22T12:54:52","modified_gmt":"2022-06-22T09:54:52","slug":"kursiyerler-icin-servis-imkani","status":"publish","type":"post","link":"https:\/\/akdenizolaygazetesi.com\/?p=19408","title":{"rendered":"&#8220;Kursiyerler \u0130\u00e7in Servis \u0130mkan\u0131&#8221;"},"content":{"rendered":"<p>Toroslar Belediyesinin, yaz spor okullar\u0131 kapsam\u0131nda d\u00fczenledi\u011fi Y\u00fczme Kurslar\u0131n\u0131n 1&#8217;inci d\u00f6nemi ba\u015flad\u0131.<\/p>\n<p>\u00c7ocuklar\u0131 ve gen\u00e7leri farkl\u0131 spor dallar\u0131yla bulu\u015fturan Toroslar Belediye Ba\u015fkan\u0131 Ats\u0131z Af\u015f\u0131n Y\u0131lmaz, Toroslar&#8217;da y\u00fczme bran\u015f\u0131nda da yetenekli ve ba\u015far\u0131l\u0131 sporcular\u0131n yeti\u015fmesini hedefliyor.<\/p>\n<p>Alan\u0131nda uzman y\u00fczme antren\u00f6rleri e\u015fli\u011finde \u00c7ukurova Mahallesi&#8217;nde bulunan Toroslar Belediyesi Olimpik Y\u00fczme Havuzu&#8217;nda verilen temel y\u00fczme e\u011fitimleri, 7-18 ya\u015f grubuna y\u00f6nelik 3 d\u00f6nem boyunca, 3&#8217;er hafta ger\u00e7ekle\u015ftirilecek. Kurslar; Sal\u0131, \u00c7ar\u015famba, Per\u015fembe ve Cuma g\u00fcnleri olmak \u00fczere haftada 4 g\u00fcn verilecek.<\/p>\n<p>&#8220;Kursiyerler \u0130\u00e7in Servis \u0130mkan\u0131&#8221;<\/p>\n<p>Yakla\u015f\u0131k bin \u00f6\u011frencinin kay\u0131t yapt\u0131rd\u0131\u011f\u0131 kurslara ge\u00e7en y\u0131llarda oldu\u011fu gibi bu y\u0131l da yo\u011fun ilgi var.<\/p>\n<p>Y\u00fczme kursuna kat\u0131lan kursiyerlerin, Toroslar Belediyesi Olimpik Y\u00fczme Havuzuna ula\u015f\u0131m\u0131 da Toroslar Belediyesi&#8217;nin servisleriyle yap\u0131l\u0131yor. \u00c7ocuklar ve gen\u00e7ler, ikamet ettikleri mahallede belirlenen noktalardan servislerle al\u0131narak kurslara kat\u0131l\u0131yor.<\/p>\n<p>&#8220;2&#8217;nci ve 3&#8217;\u00fcnc\u00fc D\u00f6nem Kurs Kay\u0131tlar\u0131 Devam Ediyor&#8221;<\/p>\n<p>21 Haziran&#8217;da ba\u015flayan y\u00fczme kursunun 1&#8217;inci etab\u0131, 8 Temmuz&#8217;da sona erecek. 2&#8217;nci d\u00f6nem kurslar; 19 Temmuz ile 6 A\u011fustos, 3&#8217;\u00fcnc\u00fc d\u00f6nem kurslar ise 09 A\u011fustos ile 26 A\u011fustos tarihleri aras\u0131nda yap\u0131lacak.<\/p>\n<p>Y\u00fczme kursuna kat\u0131lmak isteyenler, belediye ana hizmet binas\u0131 ile Yunus Emre K\u00fclt\u00fcr Merkezi&#8217;ndeki veznelere yat\u0131rd\u0131klar\u0131 60 TL kay\u0131t \u00fccreti dekontu, kimlik fotokopisi ve 1 adet foto\u011frafla birlikte Toroslar Belediyesi Olimpik Y\u00fczme Havuzu&#8217;nda kay\u0131tlar\u0131n\u0131, 27 Haziran Pazartesi g\u00fcn\u00fcnden itibaren yapt\u0131rabilecek.<\/p>\n<p>\u015eehit ve gazilerin birinci derece yak\u0131nlar\u0131, kurslardan \u00fccretsiz faydalanacak. Toroslar Belediyesi personelinin birinci derece yak\u0131nlar\u0131na da y\u00fczde 50 indirim uygulanacak.<\/p>\n<p>Kurslarla ilgili bilgi almak isteyenler; Toroslar Belediyesi Gen\u00e7lik ve Spor Hizmetleri M\u00fcd\u00fcrl\u00fc\u011f\u00fc&#8217;n\u00fcn 0324 322 72 00 -3100\/3113\/3200 numaral\u0131 telefonundan yetkililere ula\u015fabilirler.<\/p>\n<p>Ba\u015fkan Y\u0131lmaz; &#8220;Toroslar&#8217;da Y\u00fczme Bilmeyen Kalmayacak&#8221;<\/p>\n<p>Toroslar Belediye Ba\u015fkan\u0131 Ats\u0131z Af\u015f\u0131n Y\u0131lmaz, kurslara g\u00f6sterilen yo\u011fun ilginin sevindirici oldu\u011funu s\u00f6yledi.<\/p>\n<p>&#8220;Y\u00fczme e\u011fitimleri ile milli y\u00fcz\u00fcc\u00fcler yeti\u015ftirmeyi hedefliyoruz&#8221; diyen Ba\u015fkan Y\u0131lmaz; &#8220;\u00c7ocuklar\u0131m\u0131z y\u0131l boyunca \u00e7al\u0131\u015ft\u0131lar ve yaz tatiline girdiler. Ulu \u00d6nderimiz Gazi Mustafa Kemal Atat\u00fcrk&#8217;\u00fcn; &#8216;Sa\u011flam kafa sa\u011flam v\u00fccutta bulunur&#8217; s\u00f6z\u00fcnden hareketle \u00e7ocuklar\u0131m\u0131z\u0131n, yaz tatilini en iyi \u015fekilde de\u011ferlendirmelerine yard\u0131mc\u0131 olmak amac\u0131yla bu kurslar\u0131m\u0131z\u0131 d\u00fczenliyoruz. Kurslar\u0131m\u0131zda, \u00e7ocuklar\u0131m\u0131z\u0131, gen\u00e7lerimizi ailemizin bir ferdi olarak a\u011f\u0131rl\u0131yoruz. Onlara spor k\u00fclt\u00fcr\u00fcn\u00fc de kazand\u0131rmay\u0131 ama\u00e7l\u0131yoruz. Buradan bir \u00e7ocu\u011fumuzun bile bu sporu profesyonel bir \u015fekilde yapmas\u0131na vesile olabilirsek ne mutlu bize. \u0130nan\u0131yorum ki bu \u00e7ocuklar\u0131m\u0131z\u0131n aras\u0131ndan bir\u00e7ok T\u00fcrkiye, Avrupa ve d\u00fcnya \u015fampiyonu \u00e7\u0131kacak&#8221; ifadelerini kulland\u0131.<\/p>\n<p>Ba\u015fkan Y\u0131lmaz, havuz ve \u00e7evresinde hijyenik \u015fartlara b\u00fcy\u00fck \u00f6nem verdiklerinin alt\u0131n\u0131 \u00e7izerek, \u00e7ocuklar\u0131n\u0131 bilin\u00e7li bir \u015fekilde spor aktivitelerine y\u00f6nlendiren ailelere de te\u015fekk\u00fcr etti.<\/p>\n","protected":false},"excerpt":{"rendered":"<p>Toroslar Belediyesinin, yaz spor okullar\u0131 kapsam\u0131nda d\u00fczenledi\u011fi Y\u00fczme Kurslar\u0131n\u0131n 1&#8217;inci d\u00f6nemi ba\u015flad\u0131. \u00c7ocuklar\u0131 ve gen\u00e7leri farkl\u0131 spor dallar\u0131yla bulu\u015fturan Toroslar Belediye Ba\u015fkan\u0131 Ats\u0131z Af\u015f\u0131n Y\u0131lmaz, Toroslar&#8217;da y\u00fczme bran\u015f\u0131nda da yetenekli &hellip; <a href=\"https:\/\/akdenizolaygazetesi.com\/?p=19408\" class=\"more-link\">Devam\u0131n\u0131 Oku&#8230;<\/a><\/p>\n","protected":false},"author":2,"featured_media":19409,"comment_status":"open","ping_status":"open","sticky":false,"template":"","format":"standard","meta":[],"categories":[1,2,3,10],"tags":[],"_links":{"self":[{"href":"https:\/\/akdenizolaygazetesi.com\/index.php?rest_route=\/wp\/v2\/posts\/19408"}],"collection":[{"href":"https:\/\/akdenizolaygazetesi.com\/index.php?rest_route=\/wp\/v2\/posts"}],"about":[{"href":"https:\/\/akdenizolaygazetesi.com\/index.php?rest_route=\/wp\/v2\/types\/post"}],"author":[{"embeddable":true,"href":"https:\/\/akdenizolaygazetesi.com\/index.php?rest_route=\/wp\/v2\/users\/2"}],"replies":[{"embeddable":true,"href":"https:\/\/akdenizolaygazetesi.com\/index.php?rest_route=%2Fwp%2Fv2%2Fcomments&post=19408"}],"version-history":[{"count":1,"href":"https:\/\/akdenizolaygazetesi.com\/index.php?rest_route=\/wp\/v2\/posts\/19408\/revisions"}],"predecessor-version":[{"id":19410,"href":"https:\/\/akdenizolaygazetesi.com\/index.php?rest_route=\/wp\/v2\/posts\/19408\/revisions\/19410"}],"wp:featuredmedia":[{"embeddable":true,"href":"https:\/\/akdenizolaygazetesi.com\/index.php?rest_route=\/wp\/v2\/media\/19409"}],"wp:attachment":[{"href":"https:\/\/akdenizolaygazetesi.com\/index.php?rest_route=%2Fwp%2Fv2%2Fmedia&parent=19408"}],"wp:term":[{"taxonomy":"category","embeddable":true,"href":"https:\/\/akdenizolaygazetesi.com\/index.php?rest_route=%2Fwp%2Fv2%2Fcategories&post=19408"},{"taxonomy":"post_tag","embeddable":true,"href":"https:\/\/akdenizolaygazetesi.com\/index.php?rest_route=%2Fwp%2Fv2%2Ftags&post=19408"}],"curies":[{"name":"wp","href":"https:\/\/api.w.org\/{rel}","templated":true}]}}