{"id":1941,"date":"2020-11-04T18:22:28","date_gmt":"2020-11-04T15:22:28","guid":{"rendered":"http:\/\/mersinekonomipolitikagazetesi.com\/?p=1941"},"modified":"2020-11-04T18:22:28","modified_gmt":"2020-11-04T15:22:28","slug":"ugur-bocekleri-mersinde-parklari-koruyacak","status":"publish","type":"post","link":"https:\/\/akdenizolaygazetesi.com\/?p=1941","title":{"rendered":"U\u011eUR B\u00d6CEKLER\u0130 MERS\u0130N\u2019DE  PARKLARI KORUYACAK"},"content":{"rendered":"<p>Mersin B\u00fcy\u00fck\u015fehir Belediyesi ak\u0131ll\u0131 \u00e7evre vizyonu ile hareket ederek k\u00fclt\u00fcr bitkilerdeki zararlar\u0131 kimyasal yollarla de\u011fil, do\u011fada ya\u015fam alanlar\u0131 olu\u015fturmak i\u00e7in biyolojik m\u00fccadele y\u00f6ntemi ile u\u011fur b\u00f6ceklerini do\u011faya b\u0131rakarak ba\u015flatt\u0131.<\/p>\n<blockquote type=\"cite\">\n<div dir=\"ltr\">\n<p><span style=\"font-size:16px;\">Mersin B\u00fcy\u00fck\u015fehir Belediyesi k\u00fclt\u00fcr bitkilerinde zararl\u0131 b\u00f6ceklerin yapt\u0131\u011f\u0131 tahribatlar\u0131 \u00f6nlemek i\u00e7in \u00e7al\u0131\u015fmalar yaparak kimyasal ila\u00e7lar kullanmak yerine do\u011fan\u0131n ekolojik yap\u0131s\u0131n\u0131 korumak i\u00e7in biyolojik m\u00fccadele y\u00f6ntemini uygulad\u0131.<\/span><\/p>\n<p>\u00a0<\/p>\n<p><span style=\"font-size:16px;\">Proje kapsam\u0131nda pilot b\u00f6lge olarak belirlenen Tarsus K\u00fclt\u00fcr Park\u0131\u2019nda ve Mersin K\u00fclt\u00fcr Park\u0131\u2019nda , ilk olarak faydal\u0131 b\u00f6cek inceleme \u00e7al\u0131\u015fmas\u0131 ger\u00e7ekle\u015ftirilmi\u015fti. \u00c7al\u0131\u015fmalar sonucunda pilot iki b\u00f6lgede de u\u011fur b\u00f6ce\u011fi ve insan sa\u011fl\u0131\u011f\u0131na zarars\u0131z oldu\u011funu belirtilerek predat\u00f6r b\u00f6ceklerin sal\u0131n\u0131m\u0131 ger\u00e7ekle\u015ftirildi.<\/span><\/p>\n<div>\n<div aria-label=\"Geni\u015fletilen i\u00e7eri\u011fi gizleyin\" data-tooltip=\"Geni\u015fletilen i\u00e7eri\u011fi gizleyin\" id=\":2ke\" role=\"button\" style=\"clear:both;\" tabindex=\"0\"><span style=\"font-size:16px;\"><img src=\"https:\/\/ssl.gstatic.com\/ui\/v1\/icons\/mail\/images\/cleardot.gif\" style=\"height:8px;width:20px;\" \/><\/span><\/div>\n<\/div>\n<div>\n<p>\u00a0<\/p>\n<p><span style=\"font-size:16px;\">Do\u011fay\u0131 do\u011fal yolarla korumay\u0131 hedefleyen B\u00fcy\u00fck\u015fehir Belediyesi, Tarsus K\u00fclt\u00fcr Park\u0131 ve Mersin K\u00fclt\u00fcr Park\u0131\u2019nda belli noktalara u\u011fur b\u00f6ce\u011fi ve insanlara hi\u00e7bir zarar\u0131 olmayan Chrysoperia Carnea, Aenasius Arizonensis, Chilocorus Bipustulatus,\u00a0 Aphidius Colemani ve Orius\u00a0 Niger ad\u0131ndaki 5 farkl\u0131 t\u00fcrdeki predat\u00f6r b\u00f6cekleri b\u0131rakt\u0131.<\/span><\/p>\n<p>\u00a0<\/p>\n<p><span style=\"font-size:16px;\">KONTROL ALTINDA OLACAKLAR<\/span><\/p>\n<p>\u00a0<\/p>\n<p><span style=\"font-size:16px;\">Tar\u0131m Bakanl\u0131\u011f\u0131\u2019na ba\u011fl\u0131 Biyolojik M\u00fccadele Ara\u015ft\u0131rma Enstit\u00fcs\u00fc M\u00fcd\u00fcrl\u00fc\u011f\u00fc, Biyolojik M\u00fccadele biriminde g\u00f6revli Ziraat Y\u00fcksek M\u00fchendisleri ile Mersin B\u00fcy\u00fck\u015fehir Belediyesi Park ve Bah\u00e7eler Daire Ba\u015fkanl\u0131\u011f\u0131\u2019na ba\u011fl\u0131 ilgili teknik personel taraf\u0131ndan yap\u0131lan sal\u0131n\u0131m iklim ve b\u00f6ceklerin durumuna g\u00f6re \u00e7al\u0131\u015fmalar devam edecek.<\/span><\/p>\n<p>\u00a0<\/p>\n<p><span style=\"font-size:16px;\">\u201c\u0130NSANLARIMIZ GELECEK VE PARKLARDA RAHAT RAHAT OTURACAK\u201d<\/span><\/p>\n<p>\u00a0<\/p>\n<p><span style=\"font-size:16px;\">Biyolojik M\u00fccadele Ara\u015ft\u0131rma Enstit\u00fcs\u00fc M\u00fcd\u00fcrl\u00fc\u011f\u00fc Biyolojik M\u00fccadele B\u00f6l\u00fcm Ba\u015fkan\u0131 ziraat y\u00fcksek m\u00fchendisi Ferda Yarpuzlu, enstit\u00fcleri ve Mersin B\u00fcy\u00fck\u015fehir Belediyesi aras\u0131nda bir anla\u015fma yap\u0131ld\u0131\u011f\u0131n\u0131 belirterek park ve bah\u00e7elere faydal\u0131 b\u00f6cek sal\u0131m\u0131 yapacaklar\u0131n\u0131 kaydetti.<\/span><\/p>\n<p>\u00a0<\/p>\n<p><span style=\"font-size:16px;\">\u201cBu y\u00f6ntemle kimyasal ila\u00e7 kullan\u0131m\u0131 azalt\u0131lacak veya tamamen yok edilecek\u201d diye belirten Ferda Yarpuzlu: \u201cBu ama\u00e7la iklim ve b\u00f6ceklerin durumuna g\u00f6re farkl\u0131 tarihlerde sal\u0131n\u0131m yapaca\u011f\u0131z. Bu ikinci sal\u0131m\u0131m\u0131z. Bir sonraki sal\u0131m\u0131 Haziran ay\u0131nda d\u00fc\u015f\u00fcn\u00fcyoruz. Farkl\u0131 t\u00fcrlerde predat\u00f6rlerimizi ve u\u011fur b\u00f6ce\u011fini salarak ila\u00e7 yerine biyolojik m\u00fccadele yaparak \u00f6zellikle parklarda \u00e7ocuklar\u0131n dola\u015ft\u0131\u011f\u0131 yerlerde ila\u00e7s\u0131z temiz hava soluyarak oynayabilecekler. \u0130nsanlar\u0131m\u0131z gelecek ve parklarda rahat rahat oturacak. \u00c7evre kirlenmeden sa\u011fl\u0131kl\u0131 bir \u015fekilde zaman ge\u00e7irebilecekler\u201d \u015feklinde konu\u015ftu.<\/span><\/p>\n<\/div>\n<\/div>\n<\/blockquote>\n","protected":false},"excerpt":{"rendered":"<p>Mersin B\u00fcy\u00fck\u015fehir Belediyesi ak\u0131ll\u0131 \u00e7evre vizyonu ile hareket ederek k\u00fclt\u00fcr bitkilerdeki zararlar\u0131 kimyasal yollarla de\u011fil, do\u011fada ya\u015fam alanlar\u0131 olu\u015fturmak i\u00e7in biyolojik m\u00fccadele y\u00f6ntemi ile u\u011fur b\u00f6ceklerini do\u011faya b\u0131rakarak ba\u015flatt\u0131. Mersin &hellip; <a href=\"https:\/\/akdenizolaygazetesi.com\/?p=1941\" class=\"more-link\">Devam\u0131n\u0131 Oku&#8230;<\/a><\/p>\n","protected":false},"author":1,"featured_media":0,"comment_status":"open","ping_status":"open","sticky":false,"template":"","format":"standard","meta":[],"categories":[],"tags":[],"_links":{"self":[{"href":"https:\/\/akdenizolaygazetesi.com\/index.php?rest_route=\/wp\/v2\/posts\/1941"}],"collection":[{"href":"https:\/\/akdenizolaygazetesi.com\/index.php?rest_route=\/wp\/v2\/posts"}],"about":[{"href":"https:\/\/akdenizolaygazetesi.com\/index.php?rest_route=\/wp\/v2\/types\/post"}],"author":[{"embeddable":true,"href":"https:\/\/akdenizolaygazetesi.com\/index.php?rest_route=\/wp\/v2\/users\/1"}],"replies":[{"embeddable":true,"href":"https:\/\/akdenizolaygazetesi.com\/index.php?rest_route=%2Fwp%2Fv2%2Fcomments&post=1941"}],"version-history":[{"count":0,"href":"https:\/\/akdenizolaygazetesi.com\/index.php?rest_route=\/wp\/v2\/posts\/1941\/revisions"}],"wp:attachment":[{"href":"https:\/\/akdenizolaygazetesi.com\/index.php?rest_route=%2Fwp%2Fv2%2Fmedia&parent=1941"}],"wp:term":[{"taxonomy":"category","embeddable":true,"href":"https:\/\/akdenizolaygazetesi.com\/index.php?rest_route=%2Fwp%2Fv2%2Fcategories&post=1941"},{"taxonomy":"post_tag","embeddable":true,"href":"https:\/\/akdenizolaygazetesi.com\/index.php?rest_route=%2Fwp%2Fv2%2Ftags&post=1941"}],"curies":[{"name":"wp","href":"https:\/\/api.w.org\/{rel}","templated":true}]}}