{"id":19411,"date":"2022-06-22T12:56:29","date_gmt":"2022-06-22T09:56:29","guid":{"rendered":"http:\/\/akdenizolaygazetesi.com\/?p=19411"},"modified":"2022-06-22T12:56:29","modified_gmt":"2022-06-22T09:56:29","slug":"emekli-evinin-gonulden-sesler-korosu-vatandaslara-muzik-dolu-bir-gece-yasatti","status":"publish","type":"post","link":"https:\/\/akdenizolaygazetesi.com\/?p=19411","title":{"rendered":"EMEKL\u0130 EV\u0130&#8217;N\u0130N &#8216;G\u00d6N\u00dcLDEN SESLER KOROSU&#8217; VATANDA\u015eLARA M\u00dcZ\u0130K DOLU B\u0130R GECE YA\u015eATTI"},"content":{"rendered":"<p>Mersin B\u00fcy\u00fck\u015fehir Belediyesi Sosyal Hizmetler Dairesi&#8217;ne ba\u011fl\u0131 Yeni\u015fehir Emekli Evi \u00fcyelerinden olu\u015fan 70 ki\u015filik &#8216;G\u00f6n\u00fclden Sesler Korosu&#8217; ikinci konserini verdi. Kongre ve Sergi Saray\u0131&#8217;nda ger\u00e7ekle\u015fen ve vatanda\u015flar\u0131n yo\u011fun kat\u0131l\u0131m g\u00f6sterdi\u011fi konserde Emekli Evi \u00fcyeleri, \u00fczerinde uzun bir s\u00fcredir \u00e7al\u0131\u015ft\u0131klar\u0131 T\u00fcrk Sanat M\u00fczi\u011fi eserlerini seslendirdiler.<\/p>\n<p>\u0130kinci konser de b\u00fcy\u00fck be\u011feni toplad\u0131<\/p>\n<p>Emekli Evi, sundu\u011fu k\u00fclt\u00fcrel ve sanatsal faaliyetler, geziler ve farkl\u0131 programlarla emeklilerin ve ya\u015f alm\u0131\u015flar\u0131n bo\u015f vakitlerini kaliteli etkinliklerle de\u011ferlendirdi\u011fi ikinci bir ev oldu. 25 Ekim 2021&#8217;de kurulan ve B\u00fcy\u00fck\u015fehir Belediyesi Konservatuvar\u0131 T\u00fcrk Sanat M\u00fczi\u011fi sanat\u00e7\u0131s\u0131 Zeynep \u00d6zel&#8217;in \u015feflik yapt\u0131\u011f\u0131, saz ekibinin de \u00e7al\u0131\u015fmalara e\u015flik etti\u011fi koro ilk konserini 17 \u015eubat&#8217;ta vermi\u015fti.<\/p>\n<p>\u0130kinci konser i\u00e7in uzunca bir s\u00fcredir \u00e7al\u0131\u015fan Emekli Evi \u00fcyeleri, ikinci konserde de sergiledikleri sahne performans\u0131 ile vatanda\u015flardan tam not ald\u0131. Konser bitiminde seyircilerden b\u00fcy\u00fck alk\u0131\u015f alan G\u00f6n\u00fclden Sesler Korosu, &#8216;bir daha&#8217; &#8216;bir daha&#8217; tezah\u00fcratlar\u0131 \u00fczerine kapan\u0131\u015f par\u00e7as\u0131n\u0131 2 kez seslendirdi.<\/p>\n<p>&#8220;\u00c7ok keyifli bir s\u00fcre\u00e7 ya\u015fad\u0131k&#8221;<\/p>\n<p>Konser \u00f6ncesi de\u011ferlendirme yapan Emekli Evi Korosu \u00fcyelerinden \u0130skender G\u00fcrakan, &#8220;G\u00fczel bir konser olaca\u011f\u0131n\u0131 umuyorum. Bu ikinci konserimiz olacak. Arkada\u015flar\u0131ma ba\u015far\u0131lar diliyorum. \u00c7ok keyifli bir s\u00fcre\u00e7 ya\u015fad\u0131k. Sazendelerimiz g\u00fczel \u00e7al\u0131yorlar ve donan\u0131ml\u0131 hepsi. Ekip arkada\u015flar\u0131m\u0131z, korodaki di\u011fer arkada\u015flar\u0131m\u0131z fevkalade. Sahne heyecan\u0131 oluyor. G\u00fczel bir sunum yapaca\u011f\u0131z. G\u00fczel bir atmosferde g\u00fczel dinleyicilerimizle, g\u00fczel keyifli bir ak\u015fam olaca\u011f\u0131na inan\u0131yorum&#8221; dedi.<\/p>\n<p>&#8220;Bu ya\u015fta b\u00f6yle bir g\u00fczellikle kar\u015f\u0131la\u015faca\u011f\u0131m\u0131z\u0131 ummazd\u0131k&#8221;<\/p>\n<p>\u0130smail Korulu da, kendisi gibi ya\u015f alm\u0131\u015f vatanda\u015flara tan\u0131nan k\u00fclt\u00fcrel faaliyetlerden duydu\u011fu memnuniyeti, &#8220;Bize bu imk\u00e2n\u0131 sa\u011flad\u0131\u011f\u0131 i\u00e7in ger\u00e7ekten B\u00fcy\u00fck\u015fehir Belediyemize sonsuz te\u015fekk\u00fcr ediyoruz. Daha ne isteyebiliriz ki? \u00c7ok g\u00fczel, \u00e7ok mutluyuz. Hi\u00e7 beklemedi\u011fimiz bir g\u00fczellikle kar\u015f\u0131la\u015ft\u0131k. Bunu \u00f6yle laf olsun diye de\u011fil, i\u00e7imden gelerek s\u00f6yl\u00fcyorum. Hi\u00e7 ummazd\u0131k bu ya\u015fta b\u00f6yle bir \u015feyle kar\u015f\u0131la\u015faca\u011f\u0131m\u0131z\u0131&#8221; c\u00fcmleleriyle dile getirdi.<\/p>\n<p>&#8220;\u00c7ok g\u00fczel bir ortamday\u0131z. \u00c7ok mutluyuz&#8221;<\/p>\n<p>Emekli Keriman Ye\u015filba\u011f da bo\u015f zamanlar\u0131nda Emekli Evi&#8217;nde zaman ge\u00e7irdi\u011fini belirterek, koro \u00e7al\u0131\u015fmalar\u0131 hakk\u0131nda bilgi verdi. Ye\u015filba\u011f, &#8220;Zeynep hocam\u0131z bizi \u00e7ok g\u00fczel \u00e7al\u0131\u015ft\u0131r\u0131yor. \u00c7ok g\u00fczel bir ortamday\u0131z. \u00c7ok mutluyuz. Bize bu imkanlar\u0131 sa\u011flad\u0131klar\u0131 i\u00e7in. Yoksa pandemide \u00e7ekti\u011fimiz s\u0131k\u0131nt\u0131larda \u00e7ok bunald\u0131k, \u00e7ok evde oturduk ama sa\u011f olsun belediyemiz b\u00f6yle bir imkan tan\u0131d\u0131&#8221; diye konu\u015ftu.<\/p>\n<p>&#8220;\u0130lk defa bize b\u00f6yle bir f\u0131rsat tan\u0131nd\u0131&#8221;<\/p>\n<p>Ba\u015f\u0131ndan beri Emekli Evi&#8217;nin etkinliklerine kat\u0131lan Necla \u015eahin de, t\u00fcm \u00e7al\u0131\u015fanlara ve Ba\u015fkan Se\u00e7er&#8217;e te\u015fekk\u00fcr ederek, &#8220;Pandemi sonras\u0131 bizim i\u00e7in b\u00fcy\u00fck bir motivasyondu. Bizim i\u00e7in b\u00fcy\u00fck bir nimet oras\u0131 her \u015feyden \u00f6nce. Herkes oraya bir terapi gibi gidiyor&#8221; dedi. Koro \u00e7al\u0131\u015fmalar\u0131 ile ilgili de bilgi veren \u015eahin, &#8220;Bol bol \u00e7al\u0131\u015ft\u0131k. Solo yok bende, ama biz koro olarak \u00e7al\u0131\u015fanlar\u0131 dinlemek bir kere konser olmasa bile oradaki g\u00fczellik bamba\u015fka bir \u015fey. Herkes samimi, ortam g\u00fczel, e\u011fleniyoruz. Ben 67 ya\u015f\u0131nday\u0131m ve \u00e7ok heyecanl\u0131y\u0131m. \u0130lk defa bize b\u00f6yle bir f\u0131rsat tan\u0131nd\u0131 ve o bizi onurland\u0131rd\u0131, \u00e7ok ho\u015fuma gidiyor&#8221; dedi.<\/p>\n","protected":false},"excerpt":{"rendered":"<p>Mersin B\u00fcy\u00fck\u015fehir Belediyesi Sosyal Hizmetler Dairesi&#8217;ne ba\u011fl\u0131 Yeni\u015fehir Emekli Evi \u00fcyelerinden olu\u015fan 70 ki\u015filik &#8216;G\u00f6n\u00fclden Sesler Korosu&#8217; ikinci konserini verdi. Kongre ve Sergi Saray\u0131&#8217;nda ger\u00e7ekle\u015fen ve vatanda\u015flar\u0131n yo\u011fun kat\u0131l\u0131m g\u00f6sterdi\u011fi &hellip; <a href=\"https:\/\/akdenizolaygazetesi.com\/?p=19411\" class=\"more-link\">Devam\u0131n\u0131 Oku&#8230;<\/a><\/p>\n","protected":false},"author":2,"featured_media":19412,"comment_status":"open","ping_status":"open","sticky":false,"template":"","format":"standard","meta":[],"categories":[34,1,2,3,5],"tags":[],"_links":{"self":[{"href":"https:\/\/akdenizolaygazetesi.com\/index.php?rest_route=\/wp\/v2\/posts\/19411"}],"collection":[{"href":"https:\/\/akdenizolaygazetesi.com\/index.php?rest_route=\/wp\/v2\/posts"}],"about":[{"href":"https:\/\/akdenizolaygazetesi.com\/index.php?rest_route=\/wp\/v2\/types\/post"}],"author":[{"embeddable":true,"href":"https:\/\/akdenizolaygazetesi.com\/index.php?rest_route=\/wp\/v2\/users\/2"}],"replies":[{"embeddable":true,"href":"https:\/\/akdenizolaygazetesi.com\/index.php?rest_route=%2Fwp%2Fv2%2Fcomments&post=19411"}],"version-history":[{"count":1,"href":"https:\/\/akdenizolaygazetesi.com\/index.php?rest_route=\/wp\/v2\/posts\/19411\/revisions"}],"predecessor-version":[{"id":19413,"href":"https:\/\/akdenizolaygazetesi.com\/index.php?rest_route=\/wp\/v2\/posts\/19411\/revisions\/19413"}],"wp:featuredmedia":[{"embeddable":true,"href":"https:\/\/akdenizolaygazetesi.com\/index.php?rest_route=\/wp\/v2\/media\/19412"}],"wp:attachment":[{"href":"https:\/\/akdenizolaygazetesi.com\/index.php?rest_route=%2Fwp%2Fv2%2Fmedia&parent=19411"}],"wp:term":[{"taxonomy":"category","embeddable":true,"href":"https:\/\/akdenizolaygazetesi.com\/index.php?rest_route=%2Fwp%2Fv2%2Fcategories&post=19411"},{"taxonomy":"post_tag","embeddable":true,"href":"https:\/\/akdenizolaygazetesi.com\/index.php?rest_route=%2Fwp%2Fv2%2Ftags&post=19411"}],"curies":[{"name":"wp","href":"https:\/\/api.w.org\/{rel}","templated":true}]}}