{"id":1942,"date":"2020-11-04T18:22:28","date_gmt":"2020-11-04T15:22:28","guid":{"rendered":"http:\/\/mersinekonomipolitikagazetesi.com\/?p=1942"},"modified":"2020-11-04T18:22:28","modified_gmt":"2020-11-04T15:22:28","slug":"vali-su-sehit-yakinlari-ve-gazilerle-iftarda-bulustu","status":"publish","type":"post","link":"https:\/\/akdenizolaygazetesi.com\/?p=1942","title":{"rendered":"Vali Su, \u015fehit yak\u0131nlar\u0131 ve gazilerle iftarda bulu\u015ftu"},"content":{"rendered":"<p>Mersin Valisi Ali \u0130hsan Su, \u015fehit ve gaziler onuruna d\u00fczenlenen iftar program\u0131nda, \u015fehit aileleri ve gazilerle bir araya geldi.<\/p>\n<p><span style=\"font-size:16px;\"><span style=\"font-family: sans-serif; line-height: 20px; text-align: justify; background-color: rgb(242, 244, 245);\">Mersin Valili\u011fi himayesinde d\u00fczenlenen iftar program\u0131na, Vali Ali \u0130hsan Su&#8217;nun yan\u0131 s\u0131ra, e\u015fi Zeliha Su, Akdeniz B\u00f6lge ve Garnizon Komutan\u0131 Tu\u011famiral \u00d6nder G\u00fcrb\u00fcz, B\u00fcy\u00fck\u015fehir Belediye Ba\u015fkan\u0131 Burhanettin Kocamaz, \u00e7ok say\u0131da \u015fehit yak\u0131n\u0131 ve gazi ile aileleri kat\u0131ld\u0131. Kur\u2019an-\u0131 Kerim tilaveti ile ba\u015flayan ve yemek duas\u0131 ile devam eden programda Vali Su, masalar\u0131 tek tek dola\u015farak \u015fehit yak\u0131nlar\u0131, gaziler ve aileleriyle yak\u0131ndan ilgilendi.\u00a0<\/span><br style=\"box-sizing: border-box; font-family: sans-serif; font-size: 14px; line-height: 20px; text-align: justify; background-color: rgb(242, 244, 245);\" \/><br \/>\n<span style=\"font-family: sans-serif; line-height: 20px; text-align: justify; background-color: rgb(242, 244, 245);\">Programda konu\u015fan Su, &#8220;Bu birlik ve beraberli\u011fin, \u00fclkemizin b\u00f6l\u00fcnmez b\u00fct\u00fcnl\u00fc\u011f\u00fcn\u00fcn, h\u00fcrriyetimizin ve vatan\u0131m\u0131z\u0131n bekas\u0131 i\u00e7in sizlerin \u00e7ok de\u011ferli evlatlar\u0131, karde\u015fleri ve e\u015fleri \u015fehit, bir k\u0131s\u0131m arkada\u015flar\u0131m\u0131z ise gazi oldu. Bu vatan, bu \u00fclke, bu millet ve mukaddesat\u0131m\u0131z u\u011fruna hayatlar\u0131n\u0131 seve seve verdiler. Aziz \u015fehitlerimizin \u00e7ok de\u011ferli yak\u0131nlar\u0131 ve kahraman gazilerimiz bizim her zaman ba\u015f tac\u0131m\u0131zd\u0131r, sizlere her zaman minnet bor\u00e7luyuz. Her zaman yan\u0131n\u0131zday\u0131z ve olmaya da devam edece\u011fiz&#8221; dedi.\u00a0<\/span><\/span><\/p>\n","protected":false},"excerpt":{"rendered":"<p>Mersin Valisi Ali \u0130hsan Su, \u015fehit ve gaziler onuruna d\u00fczenlenen iftar program\u0131nda, \u015fehit aileleri ve gazilerle bir araya geldi. Mersin Valili\u011fi himayesinde d\u00fczenlenen iftar program\u0131na, Vali Ali \u0130hsan Su&#8217;nun yan\u0131 &hellip; <a href=\"https:\/\/akdenizolaygazetesi.com\/?p=1942\" class=\"more-link\">Devam\u0131n\u0131 Oku&#8230;<\/a><\/p>\n","protected":false},"author":1,"featured_media":0,"comment_status":"open","ping_status":"open","sticky":false,"template":"","format":"standard","meta":[],"categories":[],"tags":[],"_links":{"self":[{"href":"https:\/\/akdenizolaygazetesi.com\/index.php?rest_route=\/wp\/v2\/posts\/1942"}],"collection":[{"href":"https:\/\/akdenizolaygazetesi.com\/index.php?rest_route=\/wp\/v2\/posts"}],"about":[{"href":"https:\/\/akdenizolaygazetesi.com\/index.php?rest_route=\/wp\/v2\/types\/post"}],"author":[{"embeddable":true,"href":"https:\/\/akdenizolaygazetesi.com\/index.php?rest_route=\/wp\/v2\/users\/1"}],"replies":[{"embeddable":true,"href":"https:\/\/akdenizolaygazetesi.com\/index.php?rest_route=%2Fwp%2Fv2%2Fcomments&post=1942"}],"version-history":[{"count":0,"href":"https:\/\/akdenizolaygazetesi.com\/index.php?rest_route=\/wp\/v2\/posts\/1942\/revisions"}],"wp:attachment":[{"href":"https:\/\/akdenizolaygazetesi.com\/index.php?rest_route=%2Fwp%2Fv2%2Fmedia&parent=1942"}],"wp:term":[{"taxonomy":"category","embeddable":true,"href":"https:\/\/akdenizolaygazetesi.com\/index.php?rest_route=%2Fwp%2Fv2%2Fcategories&post=1942"},{"taxonomy":"post_tag","embeddable":true,"href":"https:\/\/akdenizolaygazetesi.com\/index.php?rest_route=%2Fwp%2Fv2%2Ftags&post=1942"}],"curies":[{"name":"wp","href":"https:\/\/api.w.org\/{rel}","templated":true}]}}