{"id":19420,"date":"2022-06-22T13:01:22","date_gmt":"2022-06-22T10:01:22","guid":{"rendered":"http:\/\/akdenizolaygazetesi.com\/?p=19420"},"modified":"2022-06-22T13:01:22","modified_gmt":"2022-06-22T10:01:22","slug":"yenisehirli-cocuklar-basarilariyla-adindan-soz-ettiriyor","status":"publish","type":"post","link":"https:\/\/akdenizolaygazetesi.com\/?p=19420","title":{"rendered":"Yeni\u015fehirli \u00e7ocuklar ba\u015far\u0131lar\u0131yla ad\u0131ndan s\u00f6z ettiriyor"},"content":{"rendered":"<p>Mersin Yeni\u015fehir\u2019de bulunan Mersinli Ahmet \u0130lkokulu 3\u2019\u00fcnc\u00fc s\u0131n\u0131f \u00f6\u011frencisi 9 ya\u015f\u0131ndaki Yusuf Efe Erdem, Uluslararas\u0131 Amerikan Matematik Olimpiyatlar\u0131\u2019nda b\u00fcy\u00fck bir ba\u015far\u0131ya imza atarak, bronz madalya kazand\u0131. Yusuf Efe mutlulu\u011funu e\u011fitim konusunda \u00f6nemli \u00e7al\u0131\u015fmalara imza atan Mersin Yeni\u015fehir Belediye Ba\u015fkan\u0131 Abdullah \u00d6zyi\u011fit ile payla\u015ft\u0131. Yusuf Efe ve ailesini makam\u0131nda a\u011f\u0131rlayan Ba\u015fkan \u00d6zyi\u011fit, \u201cYeni\u015fehirli \u00e7ocuklar her alanda fark yaratmaya devam ediyor, Yusuf\u2019un ve di\u011fer t\u00fcm \u00e7ocuklar\u0131m\u0131z\u0131n her zaman destek\u00e7isi olaca\u011f\u0131z.\u201d dedi.<br \/>\nAmerika\u2019da bulunan G\u00fcney Illinois \u00dcniversitesi(SIU)ve Singapur Uluslararas\u0131 Matematik Yar\u0131\u015fmalar\u0131 Merkezi(SIMCC)taraf\u0131ndan d\u00fczenlenen Uluslararas\u0131 Amerikan Matematik Olimpiyatlar\u0131\u2019na kat\u0131lan 9 ya\u015f\u0131ndaki Yusuf Efe Erdem bronz madalya kazanma ba\u015far\u0131s\u0131 g\u00f6sterdi. Yeni\u015fehir Belediye Ba\u015fkan\u0131 Abdullah \u00d6zyi\u011fit, Yusuf Efe Erdem ve ailesiyle bir araya gelerek, kendilerini tebrik etti.<br \/>\nBa\u015fkan \u00d6zyi\u011fit, \u201c\u00c7ocuklar\u0131m\u0131z\u0131n potansiyelini ortaya \u00e7\u0131karmal\u0131, onlar\u0131 do\u011fru y\u00f6nlendirmeli ve kendilerine imk\u00e2n tan\u0131mal\u0131y\u0131z.\u201d<br \/>\n\u00c7ocuklar\u0131n potansiyellerinin ortaya \u00e7\u0131kar\u0131lmas\u0131 ve do\u011fru y\u00f6nlendirilmesi gerekti\u011fini dile getiren Ba\u015fkan \u00d6zyi\u011fit, Yeni\u015fehir Belediyesi olarak bu anlay\u0131\u015fla hareket ettiklerini vurgulayarak \u015funlar\u0131 s\u00f6yledi: \u201cYusuf Efe\u2019yi g\u00f6n\u00fclden tebrik ediyorum, Yeni\u015fehirli \u00e7ocuklar her alanda \u00f6nemli ba\u015far\u0131lara imza at\u0131yorlar. Bu y\u0131l T\u00fcrkiye Okullar Aras\u0131 Y\u0131ld\u0131z K\u0131zlar Voleybol T\u00fcrkiye \u015eampiyonas\u0131&#8217;nda Belediyemizin deste\u011fiyle m\u00fccadele eden Mersin Yeni\u015fehir Pirireis Ortaokulumuz \u015fampiyon oldu. \u00c7BK Mersin Yeni\u015fehir Belediyesi kad\u0131n basketbol altyap\u0131m\u0131zdaki 7 k\u0131z \u00e7ocu\u011fumuz milli tak\u0131mlara davet edildi. Ge\u00e7ti\u011fimiz y\u0131l YKS\u2019de Yeni\u015fehirli \u00fc\u00e7 gencimiz T\u00fcrkiye genelinde ilk 10\u2019a girme ba\u015far\u0131s\u0131 g\u00f6stermi\u015f ve ilk kez ayn\u0131 il\u00e7eden \u00fc\u00e7 \u00f6\u011frenci ilk 10\u2019a girdi. Yusuf Efe\u2019nin bu ba\u015far\u0131s\u0131 da bizi \u00e7ok mutlu etti. \u0130nan\u0131yorum ki gelecekte g\u00fczel yerlere gelecek, \u00e7ocuklar\u0131m\u0131z\u0131n potansiyeli var. Bu potansiyeli ortaya \u00e7\u0131karmal\u0131, onlar\u0131 do\u011fru y\u00f6nlendirmeli ve kendilerine imk\u00e2n tan\u0131mal\u0131y\u0131z. Biz de Yeni\u015fehir Belediyesi olarak bu anlay\u0131\u015fla \u00e7al\u0131\u015f\u0131yoruz.\u201d<br \/>\nBa\u015fkan \u00d6zyi\u011fit, erken \u00e7ocukluk e\u011fitimi ve BETEM\u2019e dikkat \u00e7ekti<br \/>\nBilimsel temelli bir e\u011fitimle \u00e7ocuklar\u0131 gelece\u011fe haz\u0131rlad\u0131klar\u0131n\u0131 ifade eden Ba\u015fkan Abdullah \u00d6zyi\u011fit, \u201cT\u00fcrkiye\u2019de bir ilke imza atarak hayata ge\u00e7irdi\u011fimiz Erken \u00c7ocukluk Geli\u015fimi Projesi kapsam\u0131nda kurdu\u011fumuz Beceri Temelli E\u011fitim Merkezimiz, BETEM\u2019de tam olarak bunu yap\u0131yoruz. Bireysel e\u011fitimler vermememizin yan\u0131 s\u0131ra \u00e7ocuklar\u0131m\u0131z\u0131n potansiyellerini de ortaya \u00e7\u0131kar\u0131yoruz. \u00c7ocuklar\u0131m\u0131z\u0131 g\u00f6zlemliyor ve ilgi duydu\u011fu alan\u0131 tespit ederek, buna yo\u011funla\u015f\u0131yoruz. Marmara \u00dcniversitesi b\u00fcnyesindeki Marmara Aile Becerileri E\u011fitim Program\u0131(MABEP)\u2019nda g\u00f6rev yapan \u00e7ok de\u011ferli hocalardan dan\u0131\u015fmanl\u0131k deste\u011fi al\u0131yoruz. Yani bilimsel temelli bir e\u011fitim program\u0131 ile \u00e7ocuklar\u0131m\u0131z\u0131 gelece\u011fe haz\u0131rl\u0131yoruz. \u0130nan\u0131yorum ki Yeni\u015fehirli \u00e7ocuklar gelecekte ad\u0131ndan s\u00f6z ettirecek \u00f6nemli ba\u015far\u0131lara imza atacaklar.\u201d diye konu\u015ftu.  Ba\u015fkan \u00d6zyi\u011fit, son olarak Yusuf Efe\u2019nin ailesini de tebrik etti.<br \/>\nYusuf Efe \u201cODT\u00dc\u2019de okumak ve bilim insan\u0131 olmak istiyorum.\u201d<br \/>\nMatematik olimpiyatlar\u0131ndaki ba\u015far\u0131s\u0131 ile ilgili konu\u015fan Yusuf Efe ise \u201cSonu\u00e7 beni \u00e7ok mutlu etti, \u00e7ok da zorlanmad\u0131m. Matematik \u00e7ok e\u011flenceli, sorular\u0131 \u00e7\u00f6zmek oyun gibi geliyor. ODT\u00dc\u2019de okumak ve bilim insan\u0131 olmak istiyorum.\u201d diye konu\u015ftu.<br \/>\nH\u00fclya Erdem \u201cBa\u015fkan\u0131m\u0131za g\u00fcveniyoruz, e\u011fitim konusunda hayata ge\u00e7irdi\u011fi \u00e7al\u0131\u015fmalar\u0131 biliyoruz\u201d<br \/>\nYusuf Efe\u2019nin annesi H\u00fclya Erdem de \u201cYusuf Efe, bizi \u00e7ok gururland\u0131rd\u0131, ilkokula ba\u015flad\u0131\u011f\u0131 g\u00fcnden bu yana \u00e7ok istekli, biz de onu desteklemek istiyoruz. \u2018Daha iyi nas\u0131l yeti\u015ftirebiliriz, ona nas\u0131l e\u011fitim verebiliriz?\u2019 diye d\u00fc\u015f\u00fcn\u00fcyoruz. Yeni\u015fehir Belediye Ba\u015fkan\u0131m\u0131z Abdullah \u00d6zyi\u011fit ile de g\u00f6r\u00fc\u015ft\u00fck, her konuda yan\u0131m\u0131zda olaca\u011f\u0131n\u0131 s\u00f6yledi. Ba\u015fkan\u0131m\u0131za g\u00fcveniyoruz, e\u011fitim konusunda hayata ge\u00e7irdi\u011fi \u00e7al\u0131\u015fmalar\u0131 biliyoruz\u201d dedi. <\/p>\n","protected":false},"excerpt":{"rendered":"<p>Mersin Yeni\u015fehir\u2019de bulunan Mersinli Ahmet \u0130lkokulu 3\u2019\u00fcnc\u00fc s\u0131n\u0131f \u00f6\u011frencisi 9 ya\u015f\u0131ndaki Yusuf Efe Erdem, Uluslararas\u0131 Amerikan Matematik Olimpiyatlar\u0131\u2019nda b\u00fcy\u00fck bir ba\u015far\u0131ya imza atarak, bronz madalya kazand\u0131. Yusuf Efe mutlulu\u011funu e\u011fitim &hellip; <a href=\"https:\/\/akdenizolaygazetesi.com\/?p=19420\" class=\"more-link\">Devam\u0131n\u0131 Oku&#8230;<\/a><\/p>\n","protected":false},"author":2,"featured_media":19421,"comment_status":"open","ping_status":"open","sticky":false,"template":"","format":"standard","meta":[],"categories":[1,2,3],"tags":[],"_links":{"self":[{"href":"https:\/\/akdenizolaygazetesi.com\/index.php?rest_route=\/wp\/v2\/posts\/19420"}],"collection":[{"href":"https:\/\/akdenizolaygazetesi.com\/index.php?rest_route=\/wp\/v2\/posts"}],"about":[{"href":"https:\/\/akdenizolaygazetesi.com\/index.php?rest_route=\/wp\/v2\/types\/post"}],"author":[{"embeddable":true,"href":"https:\/\/akdenizolaygazetesi.com\/index.php?rest_route=\/wp\/v2\/users\/2"}],"replies":[{"embeddable":true,"href":"https:\/\/akdenizolaygazetesi.com\/index.php?rest_route=%2Fwp%2Fv2%2Fcomments&post=19420"}],"version-history":[{"count":1,"href":"https:\/\/akdenizolaygazetesi.com\/index.php?rest_route=\/wp\/v2\/posts\/19420\/revisions"}],"predecessor-version":[{"id":19422,"href":"https:\/\/akdenizolaygazetesi.com\/index.php?rest_route=\/wp\/v2\/posts\/19420\/revisions\/19422"}],"wp:featuredmedia":[{"embeddable":true,"href":"https:\/\/akdenizolaygazetesi.com\/index.php?rest_route=\/wp\/v2\/media\/19421"}],"wp:attachment":[{"href":"https:\/\/akdenizolaygazetesi.com\/index.php?rest_route=%2Fwp%2Fv2%2Fmedia&parent=19420"}],"wp:term":[{"taxonomy":"category","embeddable":true,"href":"https:\/\/akdenizolaygazetesi.com\/index.php?rest_route=%2Fwp%2Fv2%2Fcategories&post=19420"},{"taxonomy":"post_tag","embeddable":true,"href":"https:\/\/akdenizolaygazetesi.com\/index.php?rest_route=%2Fwp%2Fv2%2Ftags&post=19420"}],"curies":[{"name":"wp","href":"https:\/\/api.w.org\/{rel}","templated":true}]}}