{"id":19423,"date":"2022-06-22T16:34:53","date_gmt":"2022-06-22T13:34:53","guid":{"rendered":"http:\/\/akdenizolaygazetesi.com\/?p=19423"},"modified":"2022-06-22T16:34:53","modified_gmt":"2022-06-22T13:34:53","slug":"sahnede-yonetmen-semineri-29-haziranda","status":"publish","type":"post","link":"https:\/\/akdenizolaygazetesi.com\/?p=19423","title":{"rendered":"\u201cSahnede Y\u00f6netmen\u201d semineri 29 Haziran\u2019da"},"content":{"rendered":"<p>Yeni\u015fehir Belediyesi taraf\u0131ndan d\u00fczenlenen ve televizyonculu\u011fa dair merak edilenlerin konu\u015fulaca\u011f\u0131 \u201cSahnede Y\u00f6netmen\u201d semineri 29 Haziran \u00c7ar\u015famba g\u00fcn\u00fc saat 16.30\u2019da yap\u0131lacak. Seminere kat\u0131lanlar daha sonra Metin Arolat\u2019\u0131n j\u00fcri \u00fcyeli\u011finde d\u00fczenlenecek \u00f6d\u00fcll\u00fc k\u0131sa film yar\u0131\u015fmas\u0131na da kat\u0131lma hakk\u0131 kazanacak.<br \/>\nYeni\u015fehir Belediyesi, sinema ve televizyonculu\u011fa ilgi duyan vatanda\u015flar i\u00e7in \u201cSahnede Y\u00f6netmen\u201d semineri d\u00fczenliyor. U\u011fur D\u00fcndar, Mehmet Ali Birand ve Mesut Yar gibi duayen gazetecilerin programlar\u0131nda y\u00f6netmenlik yapan \u00fcnl\u00fc yap\u0131mc\u0131 ve y\u00f6netmen \u00d6zlem Kayhan\u2019\u0131n konu\u015fmac\u0131 olarak yer alaca\u011f\u0131 seminerin moderat\u00f6rl\u00fc\u011f\u00fcn\u00fc ise yine \u00fcnl\u00fc oyuncu ve sunucu Do\u011fa Bekleriz yapacak. Ayr\u0131ca \u015eimal Sara\u00e7 da seminere konuk sanat\u00e7\u0131 olarak kat\u0131lacak.<br \/>\nYeni\u015fehir Belediyesi ana hizmet binas\u0131 i\u00e7erisinde bulunan Yeni\u015fehir Belediyesi Nik\u00e2h ve Konferans Salonu\u2019nda \u00fccretsiz d\u00fczenlenecek \u201cSahnede Y\u00f6netmen\u201d semineri ile film ve televizyon program\u0131 y\u00f6netimi, filmlerin yap\u0131m s\u00fcreci,canl\u0131 yay\u0131nlar, kamera \u00f6n\u00fc ve kamera arkas\u0131na dair kat\u0131l\u0131mc\u0131lara bilgiler verilecek.<br \/>\n\u201cSahnede Y\u00f6netmen\u201d semineri ile ilgili konu\u015fan \u00d6zlem Kayhan, \u201cUzun y\u0131llar \u00e7al\u0131\u015ft\u0131\u011f\u0131m ulusal projelerdeki deneyimlerimi, bu seminerle memleketim Mersin\u2019de gen\u00e7ler ba\u015fta olmak \u00fczere televizyonculu\u011failgi duyan herkesle payla\u015fmak istedim.\u201d ifadelerini kullanarak, vatanda\u015flar\u0131 seminere davet etti. <\/p>\n","protected":false},"excerpt":{"rendered":"<p>Yeni\u015fehir Belediyesi taraf\u0131ndan d\u00fczenlenen ve televizyonculu\u011fa dair merak edilenlerin konu\u015fulaca\u011f\u0131 \u201cSahnede Y\u00f6netmen\u201d semineri 29 Haziran \u00c7ar\u015famba g\u00fcn\u00fc saat 16.30\u2019da yap\u0131lacak. Seminere kat\u0131lanlar daha sonra Metin Arolat\u2019\u0131n j\u00fcri \u00fcyeli\u011finde d\u00fczenlenecek \u00f6d\u00fcll\u00fc &hellip; <a href=\"https:\/\/akdenizolaygazetesi.com\/?p=19423\" class=\"more-link\">Devam\u0131n\u0131 Oku&#8230;<\/a><\/p>\n","protected":false},"author":2,"featured_media":19424,"comment_status":"open","ping_status":"open","sticky":false,"template":"","format":"standard","meta":[],"categories":[1,2,3],"tags":[],"_links":{"self":[{"href":"https:\/\/akdenizolaygazetesi.com\/index.php?rest_route=\/wp\/v2\/posts\/19423"}],"collection":[{"href":"https:\/\/akdenizolaygazetesi.com\/index.php?rest_route=\/wp\/v2\/posts"}],"about":[{"href":"https:\/\/akdenizolaygazetesi.com\/index.php?rest_route=\/wp\/v2\/types\/post"}],"author":[{"embeddable":true,"href":"https:\/\/akdenizolaygazetesi.com\/index.php?rest_route=\/wp\/v2\/users\/2"}],"replies":[{"embeddable":true,"href":"https:\/\/akdenizolaygazetesi.com\/index.php?rest_route=%2Fwp%2Fv2%2Fcomments&post=19423"}],"version-history":[{"count":1,"href":"https:\/\/akdenizolaygazetesi.com\/index.php?rest_route=\/wp\/v2\/posts\/19423\/revisions"}],"predecessor-version":[{"id":19425,"href":"https:\/\/akdenizolaygazetesi.com\/index.php?rest_route=\/wp\/v2\/posts\/19423\/revisions\/19425"}],"wp:featuredmedia":[{"embeddable":true,"href":"https:\/\/akdenizolaygazetesi.com\/index.php?rest_route=\/wp\/v2\/media\/19424"}],"wp:attachment":[{"href":"https:\/\/akdenizolaygazetesi.com\/index.php?rest_route=%2Fwp%2Fv2%2Fmedia&parent=19423"}],"wp:term":[{"taxonomy":"category","embeddable":true,"href":"https:\/\/akdenizolaygazetesi.com\/index.php?rest_route=%2Fwp%2Fv2%2Fcategories&post=19423"},{"taxonomy":"post_tag","embeddable":true,"href":"https:\/\/akdenizolaygazetesi.com\/index.php?rest_route=%2Fwp%2Fv2%2Ftags&post=19423"}],"curies":[{"name":"wp","href":"https:\/\/api.w.org\/{rel}","templated":true}]}}