{"id":19426,"date":"2022-06-22T16:36:26","date_gmt":"2022-06-22T13:36:26","guid":{"rendered":"http:\/\/akdenizolaygazetesi.com\/?p=19426"},"modified":"2022-06-22T16:36:26","modified_gmt":"2022-06-22T13:36:26","slug":"baskan-yilmaz-moldova-heyetini-kuvayimilliye-karargahinda-agirladi","status":"publish","type":"post","link":"https:\/\/akdenizolaygazetesi.com\/?p=19426","title":{"rendered":"&#8220;Ba\u015fkan Y\u0131lmaz, Moldova Heyetini Kuvayimilliye Kararg\u00e2h\u0131&#8217;nda A\u011f\u0131rlad\u0131&#8221;"},"content":{"rendered":"<p>Toroslar Belediye Ba\u015fkan\u0131 Ats\u0131z Af\u015f\u0131n Y\u0131lmaz; Silifke Belediyesi taraf\u0131ndan d\u00fczenlenen 49. Uluslararas\u0131 Silifke M\u00fczik ve Folklor Festivali i\u00e7in kentimize gelen Moldova Milletvekili \u0130vanna K\u00f6ksal, Moldova-T\u00fcrkiye Karde\u015flik Derne\u011fi Genel Ba\u015fkan\u0131 Rafet K\u00f6ksal ve Moldova Gagauzya \u00d6zerk B\u00f6lgesi Kazayak Belediye Ba\u015fkan\u0131 Anatoni Uzun&#8217;u Buluklu Mahallesi&#8217;nde bulunan Kuvayimilliye Kararg\u00e2h\u0131&#8217;nda a\u011f\u0131rlad\u0131.<\/p>\n<p>Mersin Gen\u00e7lik E\u011fitim ve K\u00fclt\u00fcr Vakf\u0131 (MEGEV) Y\u00f6netim Kurulu Ba\u015fkan\u0131 Mehmet Nihat Y\u0131lmaz ile Ba\u015fkan Y\u0131lmaz&#8217;\u0131n e\u015fi Meltem Y\u0131lmaz&#8217;\u0131n da e\u015flik etti\u011fi ziyarette; iki \u00fclke aras\u0131ndaki dostluk ba\u011flar\u0131n\u0131n geli\u015ftirilmesinin ve i\u015fbirli\u011finin \u00f6nemine de\u011finildi.<\/p>\n<p>&#8220;Ortak Arzumuz, Birlik ve Beraberli\u011fimizin \u0130lelebet Devam Etmesi&#8221;<\/p>\n<p>Ba\u015fkan Y\u0131lmaz, Moldova&#8217;dan gelen misafirlerine kent tarihini ve k\u00fclt\u00fcrel miras\u0131 g\u00fcn y\u00fcz\u00fcne \u00e7\u0131karan projelerinden biri olan Kuvayimilliye Karargah\u0131&#8217;n\u0131 tan\u0131tt\u0131.<\/p>\n<p>\u015eehit ve gazilerin an\u0131s\u0131n\u0131n bir araya getirildi\u011fi, foto\u011fraflar, belgeler ve etnografik eserlerin yer ald\u0131\u011f\u0131 karargah\u0131n Mersin i\u00e7in \u00f6nemli bir m\u00fcze oldu\u011funu ve yeni nesle tarih bilincini a\u015f\u0131lamay\u0131 ama\u00e7lad\u0131klar\u0131n\u0131 belirten Ba\u015fkan Y\u0131lmaz, misafirlerine Milli M\u00fccadele d\u00f6neminde azim ve kararl\u0131l\u0131kla kazan\u0131lm\u0131\u015f olan \u015fanl\u0131 zaferi ve bu zaferin kahramanlar\u0131n\u0131 anlatt\u0131.<\/p>\n<p>Kentin do\u011fal g\u00fczellikleri, turizm potansiyeli, sosyal ve ekonomik yap\u0131s\u0131yla ilgili bilgiler de veren Ba\u015fkan Y\u0131lmaz; &#8220;Moldova Milletvekili Say\u0131n \u0130vanna K\u00f6ksal, Moldova-T\u00fcrkiye Karde\u015flik Derne\u011fi Genel Ba\u015fkan\u0131 Say\u0131n Rafet K\u00f6ksal ve Moldova Gagauzya \u00d6zerk B\u00f6lgesi Kazayak Belediye Ba\u015fkan\u0131 Say\u0131n Anatoni Uzun&#8217;u il\u00e7emizde a\u011f\u0131rlamaktan b\u00fcy\u00fck mutluluk duyduk. \u00dclkeler aras\u0131nda kurulan g\u00f6n\u00fcl k\u00f6pr\u00fcleri, bizleri birbirimize daha \u00e7ok yak\u0131nla\u015ft\u0131r\u0131yor. Ortak arzumuz birlik ve beraberli\u011fimizin ilelebet devam etmesi. \u0130n\u015fallah yap\u0131lan bu ziyaret, karde\u015flik ili\u015fkilerimizin daha da geli\u015fmesine vesile olur&#8221; diye konu\u015ftu.<\/p>\n<p> &#8220;Moldova Milletvekili \u0130vanna K\u00f6ksal, Ba\u015fkan Y\u0131lmaz&#8217;a Te\u015fekk\u00fcr Etti&#8221;<\/p>\n<p>Kendilerini Toroslar&#8217;da a\u011f\u0131rlayan Ba\u015fkan Y\u0131lmaz&#8217;a misafirperverli\u011fi i\u00e7in te\u015fekk\u00fcr eden Moldova Milletvekili \u0130vanna K\u00f6ksal ise bir arada olmaktan duydu\u011fu memnuniyeti dile getirdi.<\/p>\n<p>Moldova Milletvekili K\u00f6ksal da iki \u00fclke aras\u0131ndaki bilgi ve tecr\u00fcbe payla\u015f\u0131m\u0131n\u0131n \u00f6nemine de\u011finerek, il\u00e7eyi \u00e7ok be\u011fendiklerini kaydetti ve Ba\u015fkan Y\u0131lmaz&#8217;\u0131 ba\u015far\u0131l\u0131 \u00e7al\u0131\u015fmalar\u0131ndan dolay\u0131 tebrik etti.<\/p>\n<p>Ziyaretin sonunda Moldoval\u0131 heyet, Ba\u015fkan Y\u0131lmaz&#8217;a ya\u015fad\u0131klar\u0131 b\u00f6lgeye \u00f6zg\u00fc \u00e7e\u015fitli hediyeler takdim ederken, Ba\u015fkan Y\u0131lmaz da misafirlerine g\u00fcn\u00fcn an\u0131s\u0131na T\u00fcrk dili, k\u00fclt\u00fcr\u00fc ve tarihinin en de\u011ferli an\u0131tlar\u0131ndan olan Orhun Yaz\u0131tlar\u0131&#8217;n\u0131n minyat\u00fcr \u00f6rne\u011fi ile Mersin tarihini anlatan kitap ve \u00e7e\u015fitli hediyeler verdi.<\/p>\n","protected":false},"excerpt":{"rendered":"<p>Toroslar Belediye Ba\u015fkan\u0131 Ats\u0131z Af\u015f\u0131n Y\u0131lmaz; Silifke Belediyesi taraf\u0131ndan d\u00fczenlenen 49. Uluslararas\u0131 Silifke M\u00fczik ve Folklor Festivali i\u00e7in kentimize gelen Moldova Milletvekili \u0130vanna K\u00f6ksal, Moldova-T\u00fcrkiye Karde\u015flik Derne\u011fi Genel Ba\u015fkan\u0131 Rafet &hellip; <a href=\"https:\/\/akdenizolaygazetesi.com\/?p=19426\" class=\"more-link\">Devam\u0131n\u0131 Oku&#8230;<\/a><\/p>\n","protected":false},"author":2,"featured_media":19427,"comment_status":"open","ping_status":"open","sticky":false,"template":"","format":"standard","meta":[],"categories":[1,2,3,5],"tags":[],"_links":{"self":[{"href":"https:\/\/akdenizolaygazetesi.com\/index.php?rest_route=\/wp\/v2\/posts\/19426"}],"collection":[{"href":"https:\/\/akdenizolaygazetesi.com\/index.php?rest_route=\/wp\/v2\/posts"}],"about":[{"href":"https:\/\/akdenizolaygazetesi.com\/index.php?rest_route=\/wp\/v2\/types\/post"}],"author":[{"embeddable":true,"href":"https:\/\/akdenizolaygazetesi.com\/index.php?rest_route=\/wp\/v2\/users\/2"}],"replies":[{"embeddable":true,"href":"https:\/\/akdenizolaygazetesi.com\/index.php?rest_route=%2Fwp%2Fv2%2Fcomments&post=19426"}],"version-history":[{"count":1,"href":"https:\/\/akdenizolaygazetesi.com\/index.php?rest_route=\/wp\/v2\/posts\/19426\/revisions"}],"predecessor-version":[{"id":19428,"href":"https:\/\/akdenizolaygazetesi.com\/index.php?rest_route=\/wp\/v2\/posts\/19426\/revisions\/19428"}],"wp:featuredmedia":[{"embeddable":true,"href":"https:\/\/akdenizolaygazetesi.com\/index.php?rest_route=\/wp\/v2\/media\/19427"}],"wp:attachment":[{"href":"https:\/\/akdenizolaygazetesi.com\/index.php?rest_route=%2Fwp%2Fv2%2Fmedia&parent=19426"}],"wp:term":[{"taxonomy":"category","embeddable":true,"href":"https:\/\/akdenizolaygazetesi.com\/index.php?rest_route=%2Fwp%2Fv2%2Fcategories&post=19426"},{"taxonomy":"post_tag","embeddable":true,"href":"https:\/\/akdenizolaygazetesi.com\/index.php?rest_route=%2Fwp%2Fv2%2Ftags&post=19426"}],"curies":[{"name":"wp","href":"https:\/\/api.w.org\/{rel}","templated":true}]}}