{"id":19429,"date":"2022-06-23T12:42:50","date_gmt":"2022-06-23T09:42:50","guid":{"rendered":"http:\/\/akdenizolaygazetesi.com\/?p=19429"},"modified":"2022-06-23T12:42:50","modified_gmt":"2022-06-23T09:42:50","slug":"genel-mudur-yardimcimiz-mersinde","status":"publish","type":"post","link":"https:\/\/akdenizolaygazetesi.com\/?p=19429","title":{"rendered":"Genel M\u00fcd\u00fcr Yard\u0131mc\u0131m\u0131z Mersin\u2019de"},"content":{"rendered":"<p>Mersin Orman B\u00f6lge M\u00fcd\u00fcrl\u00fc\u011f\u00fc, Silifke Orman \u0130\u015fletme M\u00fcd\u00fcrl\u00fc\u011f\u00fcnde Genel M\u00fcd\u00fcr Yard\u0131mc\u0131m\u0131z Hayati \u00d6zg\u00fcr ve \u0130zin \u0130rtifak Dairesi Ba\u015fkan\u0131m\u0131z Ahmet K\u00f6le\u2019nin kat\u0131l\u0131m\u0131yla Mantar ve T\u0131bbi Aromatik Bitki Yeti\u015ftiricili\u011fi ile Orman Bitkisi Fidanl\u0131\u011f\u0131 M\u00fcracaatlar\u0131 konular\u0131nda seminer yap\u0131ld\u0131.<br \/>\n2 G\u00fcn s\u00fcren seminere Mersin Orman B\u00f6lge M\u00fcd\u00fcr V. Beyhan Alt\u0131nta\u015f, \u015fube m\u00fcd\u00fcrleri, i\u015fletme m\u00fcd\u00fcrleri, m\u00fcd\u00fcr yard\u0131mc\u0131lar\u0131, KDM \u015fefleri ve m\u00fcracaatlar\u0131n yo\u011fun oldu\u011fu i\u015fletmelerdeki ilgili \u015fefler kat\u0131ld\u0131.<br \/>\nGenel M\u00fcd\u00fcr Yard\u0131mc\u0131m\u0131z Hayati \u00d6zg\u00fcr ve \u0130zin \u0130rtifak Dairesi Ba\u015fkan\u0131m\u0131z Ahmet K\u00f6le\u2019nin B\u00f6lge M\u00fcd\u00fcrl\u00fc\u011f\u00fcm\u00fcz\u00fc ziyaretinde ise; Mersin Orman B\u00f6lge M\u00fcd\u00fcr V. Beyhan Alt\u0131nta\u015f, B\u00f6lge M\u00fcd\u00fcr Yard\u0131mc\u0131lar\u0131m\u0131z Mehmet Fulin, Ya\u015far Yaman Sa\u011flam ve \u015fube m\u00fcd\u00fcrlerinin kat\u0131l\u0131m\u0131yla de\u011ferlendirme toplant\u0131s\u0131 ger\u00e7ekle\u015ftirildi.<br \/>\nMersin Orman B\u00f6lge M\u00fcd\u00fcrl\u00fc\u011f\u00fc olarak Genel M\u00fcd\u00fcr Yard\u0131mc\u0131m\u0131z ve Daire Ba\u015fkan\u0131m\u0131za seminere kat\u0131l\u0131mlar\u0131 ve nazik ziyaretleri i\u00e7in \u015f\u00fckranlar\u0131m\u0131z\u0131 sunar\u0131z.<\/p>\n","protected":false},"excerpt":{"rendered":"<p>Mersin Orman B\u00f6lge M\u00fcd\u00fcrl\u00fc\u011f\u00fc, Silifke Orman \u0130\u015fletme M\u00fcd\u00fcrl\u00fc\u011f\u00fcnde Genel M\u00fcd\u00fcr Yard\u0131mc\u0131m\u0131z Hayati \u00d6zg\u00fcr ve \u0130zin \u0130rtifak Dairesi Ba\u015fkan\u0131m\u0131z Ahmet K\u00f6le\u2019nin kat\u0131l\u0131m\u0131yla Mantar ve T\u0131bbi Aromatik Bitki Yeti\u015ftiricili\u011fi ile Orman Bitkisi &hellip; <a href=\"https:\/\/akdenizolaygazetesi.com\/?p=19429\" class=\"more-link\">Devam\u0131n\u0131 Oku&#8230;<\/a><\/p>\n","protected":false},"author":2,"featured_media":19430,"comment_status":"open","ping_status":"open","sticky":false,"template":"","format":"standard","meta":[],"categories":[2,3],"tags":[],"_links":{"self":[{"href":"https:\/\/akdenizolaygazetesi.com\/index.php?rest_route=\/wp\/v2\/posts\/19429"}],"collection":[{"href":"https:\/\/akdenizolaygazetesi.com\/index.php?rest_route=\/wp\/v2\/posts"}],"about":[{"href":"https:\/\/akdenizolaygazetesi.com\/index.php?rest_route=\/wp\/v2\/types\/post"}],"author":[{"embeddable":true,"href":"https:\/\/akdenizolaygazetesi.com\/index.php?rest_route=\/wp\/v2\/users\/2"}],"replies":[{"embeddable":true,"href":"https:\/\/akdenizolaygazetesi.com\/index.php?rest_route=%2Fwp%2Fv2%2Fcomments&post=19429"}],"version-history":[{"count":1,"href":"https:\/\/akdenizolaygazetesi.com\/index.php?rest_route=\/wp\/v2\/posts\/19429\/revisions"}],"predecessor-version":[{"id":19431,"href":"https:\/\/akdenizolaygazetesi.com\/index.php?rest_route=\/wp\/v2\/posts\/19429\/revisions\/19431"}],"wp:featuredmedia":[{"embeddable":true,"href":"https:\/\/akdenizolaygazetesi.com\/index.php?rest_route=\/wp\/v2\/media\/19430"}],"wp:attachment":[{"href":"https:\/\/akdenizolaygazetesi.com\/index.php?rest_route=%2Fwp%2Fv2%2Fmedia&parent=19429"}],"wp:term":[{"taxonomy":"category","embeddable":true,"href":"https:\/\/akdenizolaygazetesi.com\/index.php?rest_route=%2Fwp%2Fv2%2Fcategories&post=19429"},{"taxonomy":"post_tag","embeddable":true,"href":"https:\/\/akdenizolaygazetesi.com\/index.php?rest_route=%2Fwp%2Fv2%2Ftags&post=19429"}],"curies":[{"name":"wp","href":"https:\/\/api.w.org\/{rel}","templated":true}]}}