{"id":1943,"date":"2020-11-04T18:22:28","date_gmt":"2020-11-04T15:22:28","guid":{"rendered":"http:\/\/mersinekonomipolitikagazetesi.com\/?p=1943"},"modified":"2020-11-04T18:22:28","modified_gmt":"2020-11-04T15:22:28","slug":"mersin-soda-sanayinde-grev-sona-erdi","status":"publish","type":"post","link":"https:\/\/akdenizolaygazetesi.com\/?p=1943","title":{"rendered":"Mersin Soda Sanayinde grev sona erdi"},"content":{"rendered":"<p>Petrol \u0130\u015f Sendikas\u0131&#8217;n\u0131n Soda Sanayi A.\u015e&#8217;ye ba\u011fl\u0131 baz\u0131 i\u015f yerlerinde ald\u0131\u011f\u0131 grev karar\u0131n\u0131n Bakanlar Kurulu&#8217;nun &#8220;milli g\u00fcvenli\u011fi bozucu nitelikte g\u00f6r\u00fcld\u00fc\u011f\u00fc&#8221; gerek\u00e7esiyle 60 g\u00fcn s\u00fcreyle ertelemesine ra\u011fmen Mersin&#8217;de i\u015f\u00e7iler bir s\u00fcre grev yapt\u0131. Fabrika \u00f6n\u00fcnde halaylar \u00e7ekip, sloganlar atan i\u015f\u00e7iler, daha sonra grevlerine son vererek fabrikaya girdi.<\/p>\n<p><span style=\"font-size:16px;\"><span style=\"font-family: sans-serif; line-height: 20px; text-align: justify; background-color: rgb(242, 244, 245);\">Bakanlar Kurulu, Petrol-\u0130\u015f Sendikas\u0131&#8217;n\u0131n Soda Sanayi A.\u015e&#8217;ye ba\u011fl\u0131 \u00fc\u00e7 i\u015f yerinde ald\u0131\u011f\u0131 grev karar\u0131n\u0131, &#8220;milli g\u00fcvenli\u011fi bozucu nitelikte g\u00f6r\u00fcld\u00fc\u011f\u00fc&#8221; gerek\u00e7esiyle 60 g\u00fcn s\u00fcreyle erteledi. Resmi Gazete&#8217;nin bug\u00fcnk\u00fc say\u0131s\u0131nda yer alan Bakanlar Kurulu karar\u0131nda, &#8220;Soda Sanayi Anonim \u015eirketi&#8217;ne ba\u011fl\u0131 baz\u0131 i\u015f yerlerinde Petrol-\u0130\u015f Sendikas\u0131 taraf\u0131ndan al\u0131nm\u0131\u015f olan grev karar\u0131n\u0131n milli g\u00fcvenli\u011fi bozucu nitelikte g\u00f6r\u00fcld\u00fc\u011f\u00fcnden, ertelenmesi hakk\u0131ndaki ekli karar\u0131n y\u00fcr\u00fcrl\u00fc\u011f\u00fc konulmas\u0131; 6356 say\u0131s\u0131 Sendikalar ve Toplu \u0130\u015f S\u00f6zle\u015fmesi Kanununun 63. maddesine g\u00f6re Bakanlar Kurulunca kararla\u015ft\u0131r\u0131lm\u0131\u015ft\u0131r&#8221; ifadelerine yer verildi.\u00a0<\/span><br style=\"box-sizing: border-box; font-family: sans-serif; font-size: 14px; line-height: 20px; text-align: justify; background-color: rgb(242, 244, 245);\" \/><br \/>\n<span style=\"font-family: sans-serif; line-height: 20px; text-align: justify; background-color: rgb(242, 244, 245);\">Karara ra\u011fmen bug\u00fcn sabah saatlerinde Mersin Soda Sanayisi \u00f6n\u00fcnde toplanan i\u015f\u00e7iler, k\u0131sa s\u00fcreli grev yapt\u0131. Fabrika \u00f6n\u00fcnde halaylar \u00e7ekip, sloganlar atan i\u015f\u00e7iler, beklentilerini dile getirdi. Burada i\u015f\u00e7iler ad\u0131na konu\u015fan Petrol \u0130\u015f Sendikas\u0131 Genel Ba\u015fkan\u0131 Ali Ufuk Ya\u015far, bug\u00fcne kadar bir\u00e7ok s\u0131k\u0131nt\u0131 g\u00f6rd\u00fcklerini ve bir\u00e7ok olay ya\u015fad\u0131klar\u0131n\u0131 belirterek, &#8220;Bug\u00fcn aslanlar gibi grev ve anayasal hakk\u0131m\u0131z\u0131 kullan\u0131yoruz. Tabii bu greve bir yasak geldi ve hakk\u0131m\u0131z engellendi. Buna sessiz kalacak de\u011filiz. Ancak olaya \u015f\u00f6yle bakmak zorunday\u0131z. D\u00fcn gece yar\u0131s\u0131na kadar g\u00f6r\u00fc\u015fmeler devam etti. Ben bu \u00f6rg\u00fct\u00fcn genel ba\u015fkan\u0131y\u0131m ve i\u015fletme benim d\u00fcn Adana&#8217;da oldu\u011fumu biliyordu. \u0130sterdim ki bizimle bir irtibat kurup, bir \u00e7\u00f6z\u00fcm yolu aramay\u0131 her ko\u015fulda sa\u011flayabilmi\u015f olsayd\u0131k. Ama yinede vakit ge\u00e7mi\u015f de\u011fil. Gelin bu yanl\u0131\u015ftan d\u00f6n\u00fcn ve terk etti\u011finiz masaya geri d\u00f6n\u00fcn. \u015eimdi y\u00f6netici arkada\u015flar\u0131m\u0131zla bir de\u011ferlendirme yap\u0131lacak. G\u00f6r\u00fc\u015fmeler sonucunda ne olaca\u011f\u0131 belli olacak&#8221; dedi.\u00a0<\/span><br style=\"box-sizing: border-box; font-family: sans-serif; font-size: 14px; line-height: 20px; text-align: justify; background-color: rgb(242, 244, 245);\" \/><br \/>\n<span style=\"font-family: sans-serif; line-height: 20px; text-align: justify; background-color: rgb(242, 244, 245);\">Konu\u015fmalar\u0131n ard\u0131ndan i\u015f\u00e7iler fabrikaya girerken, Ba\u015fkan Ya\u015far ve y\u00f6netimi, i\u015fveren yetkilileriyle g\u00f6r\u00fc\u015fmelere ba\u015flad\u0131.\u00a0<\/span><\/span><\/p>\n","protected":false},"excerpt":{"rendered":"<p>Petrol \u0130\u015f Sendikas\u0131&#8217;n\u0131n Soda Sanayi A.\u015e&#8217;ye ba\u011fl\u0131 baz\u0131 i\u015f yerlerinde ald\u0131\u011f\u0131 grev karar\u0131n\u0131n Bakanlar Kurulu&#8217;nun &#8220;milli g\u00fcvenli\u011fi bozucu nitelikte g\u00f6r\u00fcld\u00fc\u011f\u00fc&#8221; gerek\u00e7esiyle 60 g\u00fcn s\u00fcreyle ertelemesine ra\u011fmen Mersin&#8217;de i\u015f\u00e7iler bir s\u00fcre &hellip; <a href=\"https:\/\/akdenizolaygazetesi.com\/?p=1943\" class=\"more-link\">Devam\u0131n\u0131 Oku&#8230;<\/a><\/p>\n","protected":false},"author":1,"featured_media":0,"comment_status":"open","ping_status":"open","sticky":false,"template":"","format":"standard","meta":[],"categories":[],"tags":[],"_links":{"self":[{"href":"https:\/\/akdenizolaygazetesi.com\/index.php?rest_route=\/wp\/v2\/posts\/1943"}],"collection":[{"href":"https:\/\/akdenizolaygazetesi.com\/index.php?rest_route=\/wp\/v2\/posts"}],"about":[{"href":"https:\/\/akdenizolaygazetesi.com\/index.php?rest_route=\/wp\/v2\/types\/post"}],"author":[{"embeddable":true,"href":"https:\/\/akdenizolaygazetesi.com\/index.php?rest_route=\/wp\/v2\/users\/1"}],"replies":[{"embeddable":true,"href":"https:\/\/akdenizolaygazetesi.com\/index.php?rest_route=%2Fwp%2Fv2%2Fcomments&post=1943"}],"version-history":[{"count":0,"href":"https:\/\/akdenizolaygazetesi.com\/index.php?rest_route=\/wp\/v2\/posts\/1943\/revisions"}],"wp:attachment":[{"href":"https:\/\/akdenizolaygazetesi.com\/index.php?rest_route=%2Fwp%2Fv2%2Fmedia&parent=1943"}],"wp:term":[{"taxonomy":"category","embeddable":true,"href":"https:\/\/akdenizolaygazetesi.com\/index.php?rest_route=%2Fwp%2Fv2%2Fcategories&post=1943"},{"taxonomy":"post_tag","embeddable":true,"href":"https:\/\/akdenizolaygazetesi.com\/index.php?rest_route=%2Fwp%2Fv2%2Ftags&post=1943"}],"curies":[{"name":"wp","href":"https:\/\/api.w.org\/{rel}","templated":true}]}}