{"id":19432,"date":"2022-06-23T12:44:41","date_gmt":"2022-06-23T09:44:41","guid":{"rendered":"http:\/\/akdenizolaygazetesi.com\/?p=19432"},"modified":"2022-06-23T12:44:41","modified_gmt":"2022-06-23T09:44:41","slug":"tarsusa-bagli-karakutuk-mahallesi-sakinleri-buyuksehirin-ucretsiz-kuafor-ve-berber-hizmetinden-faydalandi","status":"publish","type":"post","link":"https:\/\/akdenizolaygazetesi.com\/?p=19432","title":{"rendered":"TARSUS&#8217;A BA\u011eLI KARAK\u00dcT\u00dcK MAHALLES\u0130 SAK\u0130NLER\u0130, B\u00dcY\u00dcK\u015eEH\u0130R&#8217;\u0130N \u00dcCRETS\u0130Z KUAF\u00d6R VE BERBER H\u0130ZMET\u0130NDEN FAYDALANDI"},"content":{"rendered":"<p>Mersin B\u00fcy\u00fck\u015fehir Belediyesi&#8217;nin olduk\u00e7a be\u011feni toplayan projeleri aras\u0131nda yer alan ve &#8220;Yar Sa\u00e7lar\u0131n L\u00fcle L\u00fcle&#8221; slogan\u0131yla yol alan &#8220;Mobil Kuaf\u00f6r&#8221; arac\u0131, bir\u00e7ok noktada vatanda\u015flara hizmet vermeyi s\u00fcrd\u00fcr\u00fcyor.<\/p>\n<p>7&#8217;den 70&#8217;e her ya\u015f grubundan kad\u0131n ve erke\u011fin \u00fccretsiz faydaland\u0131\u011f\u0131 Mersin B\u00fcy\u00fck\u015fehir Belediyesi &#8216;Mobil Kuaf\u00f6r&#8217; arac\u0131, bu kez de Tarsus&#8217;un k\u0131rsal mahalleleri aras\u0131nda yer alan Karak\u00fct\u00fck&#8217;e u\u011frad\u0131.<\/p>\n<p>Bug\u00fcne kadar Tarsus&#8217;a ba\u011fl\u0131 50&#8217;ye yak\u0131n mahallede hizmet veren &#8216;Mobil Kuaf\u00f6r&#8217; arac\u0131nda, kad\u0131n ve erkeklere \u00f6zel ayr\u0131 ayr\u0131 b\u00f6l\u00fcmlerde hijyen kurallar\u0131na azami \u00f6zen g\u00f6sterilerek kuaf\u00f6rl\u00fck ve berberlik i\u015flemleri hi\u00e7bir \u00fccret almadan ger\u00e7ekle\u015ftiriliyor. \u00c7ocuklar\u0131n da faydaland\u0131\u011f\u0131 ara\u00e7ta hizmet g\u00f6ren herkese, ayr\u0131ca temizlik kitleri de arma\u011fan ediliyor.<\/p>\n<p>Sa\u00e7 kesimi, sa\u00e7 boyas\u0131, t\u0131ra\u015f, el ve ayak t\u0131rnak bak\u0131m\u0131 ile cilt bak\u0131m\u0131 yap\u0131lan &#8216;Mobil Kuaf\u00f6r&#8217; ara\u00e7lar\u0131; berber veya kuaf\u00f6r olmayan yerle\u015fim yerlerinde verdi\u011fi hizmetle, maddi y\u00f6nden de vatanda\u015flar\u0131 b\u00fcy\u00fck bir y\u00fckten kurtar\u0131yor.<\/p>\n<p>&#8220;Talep ettim, hemen cevap verdiler&#8221;<\/p>\n<p>Karak\u00fct\u00fck Mahallesi Muhtar\u0131 Mehmet \u00c7elik, \u00f6zellikle ya\u015f alm\u0131\u015f vatanda\u015flar\u0131n, kent merkezine berber veya kuaf\u00f6rl\u00fck hizmetleri i\u00e7in gidip gelirken zorland\u0131klar\u0131n\u0131 belirterek, &#8220;Vahap Ba\u015fkan\u0131ma, k\u00f6y\u00fcm ad\u0131na ve kendi \u015fahs\u0131m ad\u0131na hizmetlerinden dolay\u0131 te\u015fekk\u00fcr ediyorum. \u00c7ok g\u00fczel bir hizmet. Hizmetin b\u00fcy\u00fc\u011f\u00fc k\u00fc\u00e7\u00fc\u011f\u00fc olmaz. K\u00f6y\u00fcm buradan Tarsus&#8217;a 40 kilometre. Bazen ya\u015fl\u0131lar\u0131m\u0131z gidemez. Talep ettim, k\u00f6y\u00fcmde ya\u015fl\u0131lar var gelemez, t\u0131ra\u015f olmalar\u0131 i\u00e7in. Sa\u011f olsunlar hemen cevap verdiler, geldiler. Ben de t\u0131ra\u015f oldum, \u00e7ok da g\u00fczel. Hizmetlerinden dolay\u0131 Vahap Ba\u015fkan\u0131ma te\u015fekk\u00fcr ediyorum&#8221; dedi.<\/p>\n<p>&#8220;\u0130lk defa k\u00f6y\u00fcm\u00fczde b\u00f6yle bir hizmet g\u00f6rd\u00fck. Gayet memnun kald\u0131k&#8221;<\/p>\n<p>&#8216;Mobil Kuaf\u00f6r&#8217;\u00fcn hizmetlerinden faydalanan mahalle sakinlerinden Nurg\u00fcl Y\u0131ld\u0131r\u0131m ise &#8220;B\u00fcy\u00fck\u015fehir Belediyemizin bize vermi\u015f oldu\u011fu, sunmu\u015f oldu\u011fu bu hizmet i\u00e7in \u00e7ok te\u015fekk\u00fcr ederiz; Vahap Se\u00e7er&#8217;e \u00f6zellikle. Kuaf\u00f6r arkada\u015flardan \u00e7ok memnun kald\u0131k. Ellerine sa\u011fl\u0131k, emeklerine sa\u011fl\u0131k. K\u00f6y\u00fcm\u00fcz\u00fcn b\u00f6yle bir ihtiyac\u0131 vard\u0131. Bunun i\u00e7in \u00e7ok te\u015fekk\u00fcr ediyoruz. \u0130lk defa k\u00f6y\u00fcm\u00fczde b\u00f6yle bir hizmet g\u00f6rd\u00fck. Gayet memnun kald\u0131k&#8221; diye konu\u015ftu.<\/p>\n<p>Bayram \u00f6ncesinde g\u00fczel bir hizmet<\/p>\n<p>Mahalle sakinlerinden Adil K\u00f6se de bayram \u00f6ncesinde b\u00f6yle bir hizmetin ayaklar\u0131na kadar gelmesinden dolay\u0131 olduk\u00e7a mutlu olduklar\u0131n\u0131 ifade ederek, &#8220;Bu bayram arifesinde Ba\u015fkan\u0131m\u0131z\u0131n, k\u00f6y\u00fcm\u00fcze g\u00f6nderdi\u011fi berber hizmetinden dolay\u0131 O&#8217;na sayg\u0131lar\u0131m\u0131, sevgilerimi, te\u015fekk\u00fcrlerimi sunuyorum. Berber deyip ge\u00e7meyin, temizlik imandan gelir. B\u00f6yle bir hizmette bulundu\u011fu i\u00e7in \u00e7ok \u00e7ok te\u015fekk\u00fcr ediyoruz&#8221; \u015feklinde konu\u015ftu.<\/p>\n","protected":false},"excerpt":{"rendered":"<p>Mersin B\u00fcy\u00fck\u015fehir Belediyesi&#8217;nin olduk\u00e7a be\u011feni toplayan projeleri aras\u0131nda yer alan ve &#8220;Yar Sa\u00e7lar\u0131n L\u00fcle L\u00fcle&#8221; slogan\u0131yla yol alan &#8220;Mobil Kuaf\u00f6r&#8221; arac\u0131, bir\u00e7ok noktada vatanda\u015flara hizmet vermeyi s\u00fcrd\u00fcr\u00fcyor. 7&#8217;den 70&#8217;e her &hellip; <a href=\"https:\/\/akdenizolaygazetesi.com\/?p=19432\" class=\"more-link\">Devam\u0131n\u0131 Oku&#8230;<\/a><\/p>\n","protected":false},"author":2,"featured_media":19433,"comment_status":"open","ping_status":"open","sticky":false,"template":"","format":"standard","meta":[],"categories":[1,2,3,5],"tags":[],"_links":{"self":[{"href":"https:\/\/akdenizolaygazetesi.com\/index.php?rest_route=\/wp\/v2\/posts\/19432"}],"collection":[{"href":"https:\/\/akdenizolaygazetesi.com\/index.php?rest_route=\/wp\/v2\/posts"}],"about":[{"href":"https:\/\/akdenizolaygazetesi.com\/index.php?rest_route=\/wp\/v2\/types\/post"}],"author":[{"embeddable":true,"href":"https:\/\/akdenizolaygazetesi.com\/index.php?rest_route=\/wp\/v2\/users\/2"}],"replies":[{"embeddable":true,"href":"https:\/\/akdenizolaygazetesi.com\/index.php?rest_route=%2Fwp%2Fv2%2Fcomments&post=19432"}],"version-history":[{"count":1,"href":"https:\/\/akdenizolaygazetesi.com\/index.php?rest_route=\/wp\/v2\/posts\/19432\/revisions"}],"predecessor-version":[{"id":19434,"href":"https:\/\/akdenizolaygazetesi.com\/index.php?rest_route=\/wp\/v2\/posts\/19432\/revisions\/19434"}],"wp:featuredmedia":[{"embeddable":true,"href":"https:\/\/akdenizolaygazetesi.com\/index.php?rest_route=\/wp\/v2\/media\/19433"}],"wp:attachment":[{"href":"https:\/\/akdenizolaygazetesi.com\/index.php?rest_route=%2Fwp%2Fv2%2Fmedia&parent=19432"}],"wp:term":[{"taxonomy":"category","embeddable":true,"href":"https:\/\/akdenizolaygazetesi.com\/index.php?rest_route=%2Fwp%2Fv2%2Fcategories&post=19432"},{"taxonomy":"post_tag","embeddable":true,"href":"https:\/\/akdenizolaygazetesi.com\/index.php?rest_route=%2Fwp%2Fv2%2Ftags&post=19432"}],"curies":[{"name":"wp","href":"https:\/\/api.w.org\/{rel}","templated":true}]}}