{"id":19438,"date":"2022-06-23T12:49:12","date_gmt":"2022-06-23T09:49:12","guid":{"rendered":"http:\/\/akdenizolaygazetesi.com\/?p=19438"},"modified":"2022-06-23T12:49:12","modified_gmt":"2022-06-23T09:49:12","slug":"chpnin-yakilan-camileri-sordugu-onergesi-mustafa-sentopa-takildi","status":"publish","type":"post","link":"https:\/\/akdenizolaygazetesi.com\/?p=19438","title":{"rendered":"CHP\u2019N\u0130N YAKILAN CAM\u0130LER\u0130 SORDU\u011eU \u00d6NERGES\u0130 MUSTAFA \u015eENTOP\u2019A TAKILDI"},"content":{"rendered":"<p>Cumhurba\u015fkan\u0131 Recep Tayyip Erdo\u011fan&#8217;\u0131n Gezi eylemlerine ili\u015fkin &#8220;Camilerimiz yak\u0131ld\u0131&#8221; iddialar\u0131 sonras\u0131 CHP Mersin Milletvekili Alpay Antmen konuyu Meclis G\u00fcndemine ta\u015f\u0131m\u0131\u015ft\u0131. Cumhurba\u015fkan\u0131 Yard\u0131mc\u0131s\u0131 Fuat Oktay&#8217;\u0131n yan\u0131tlamas\u0131 istemiyle soru \u00f6nergesi veren Antmen &#8220;Cumhurba\u015fkan\u0131 Recep Tayyip Erdo\u011fan&#8217;\u0131n &#8216;yak\u0131ld\u0131&#8217; dedi\u011fi bu Camiler hangileridir? Hangi ilde hangi Cami yak\u0131lm\u0131\u015ft\u0131r?&#8221; diye sormu\u015ftu.<\/p>\n<p>TBMM Ba\u015fkan\u0131 Mustafa \u015eentop, &#8220;\u0130sti\u015fare sa\u011flamak amac\u0131yla verilen \u00f6nergeler kabul edilmez&#8221; diyerek Alpay Antmen&#8217;in \u00f6nergesini kabul etmeyerek iade etti.<\/p>\n<p>Konuyla ilgili a\u00e7\u0131klamaya yapan Antmen, ya\u015fananlara sert tepki g\u00f6sterdi. CHP&#8217;li Vekil &#8220;Tayyip Erdo\u011fan bu halka \u00e7ok b\u00fcy\u00fck bir iftira att\u0131. &#8216;Camileri yakt\u0131lar&#8217; diye hedef g\u00f6sterdi. Ben de &#8216;hangi camiler bunlar, nerede, ne zaman yak\u0131lm\u0131\u015f?&#8217; Diye sordum. TBMM Ba\u015fkan\u0131 \u015eentop, \u00f6nergeyi Cumhurba\u015fkanl\u0131\u011f\u0131 yerine bana g\u00f6nderdi. Meclis Ba\u015fkan\u0131n\u0131n b\u00f6yle bir karanl\u0131k iftira kar\u015f\u0131s\u0131nda bir parlamento \u00fcyesinin sorusundan korkmas\u0131n\u0131 da kamuoyunun takdirine b\u0131rak\u0131yorum. B\u00f6ylece Erdo\u011fan&#8217;\u0131n zaten iftira ve yalan oldu\u011funu bildi\u011fimiz bu a\u00e7\u0131klamas\u0131 tescilli iftira olarak kayda ge\u00e7mi\u015f; yalana ortak olanlar da tarihe kaydedilmi\u015f oldu.&#8221; dedi.<\/p>\n<p>Alpay Antmen ayr\u0131ca &#8220;Biz kendimizden eminiz. Halk\u0131m\u0131zdan eminiz. Gezi insan\u0131ndan eminiz. Bu iftiralar\u0131 atanlara kendi yan\u0131ndakiler bile inanm\u0131yor. Varsa yak\u0131lan cami s\u00f6yle? Nerede, kim yakm\u0131\u015f? Ne korkuyorsun? Cumhurba\u015fkan\u0131 \u00e7\u0131ks\u0131n a\u00e7\u0131klas\u0131n. A\u00e7\u0131klayam\u0131yorsa da bu iftira nedeniyle \u00e7\u0131ks\u0131n \u00f6z\u00fcr dilesin&#8221; ifadelerini kulland\u0131.<\/p>\n<p>Alpay Antmen&#8217;in iade edilen \u00f6nergesinde yer alan sorular \u015fu \u015fekildeydi;<\/p>\n<p>1 &#8211; Cumhurba\u015fkan\u0131 Recep Tayyip Erdo\u011fan&#8217;\u0131n &#8220;yak\u0131ld\u0131&#8221; dedi\u011fi bu Camiler hangileridir? Hangi ilde hangi Cami yak\u0131lm\u0131\u015ft\u0131r?<\/p>\n<p>2 \u2013 Gezi Direni\u015finden bu yana 9 y\u0131l ge\u00e7mesine ra\u011fmen ilk kez b\u00f6yle bir ifade kullanan Tayyip Erdo\u011fan bu ge\u00e7en \u00f6nemli s\u00fcrede varsa &#8216;yak\u0131lan bir Cami&#8217; haberi mi olmam\u0131\u015ft\u0131r da \u015fimdi b\u00f6yle bir iddiada bulunmaktad\u0131r?<\/p>\n<p>3 \u2013 Kutsal inanc\u0131m\u0131z\u0131n mabedi olan bir Caminin yak\u0131lmas\u0131 asla s\u00f6z konusu olamayacakken, b\u00f6yle bir olay asla ya\u015fanmam\u0131\u015fken; aksine Gezi Direni\u015f\u00e7ilerinin namaz k\u0131lan vatanda\u015flar\u0131 korumak i\u00e7in \u00e7emberler olu\u015fturdu\u011fu dahi bas\u0131na yans\u0131m\u0131\u015fken b\u00f6yle bir ifadenin kullan\u0131lmas\u0131ndaki ama\u00e7 nedir? Cumhurba\u015fkan\u0131 T\u00fcrkiye&#8217;de bir i\u00e7 kar\u0131\u015f\u0131kl\u0131k m\u0131 \u00e7\u0131kartmak istemektedir?<\/p>\n<p>4 &#8211; Vatanda\u015flar\u0131 birbirine d\u00fc\u015f\u00fcrmek isteyen ve a\u00e7\u0131k\u00e7a yalan oldu\u011fu ortada olan bu s\u00f6zlerden dolay\u0131 \u00f6z\u00fcr dilenecek midir?<\/p>\n","protected":false},"excerpt":{"rendered":"<p>Cumhurba\u015fkan\u0131 Recep Tayyip Erdo\u011fan&#8217;\u0131n Gezi eylemlerine ili\u015fkin &#8220;Camilerimiz yak\u0131ld\u0131&#8221; iddialar\u0131 sonras\u0131 CHP Mersin Milletvekili Alpay Antmen konuyu Meclis G\u00fcndemine ta\u015f\u0131m\u0131\u015ft\u0131. Cumhurba\u015fkan\u0131 Yard\u0131mc\u0131s\u0131 Fuat Oktay&#8217;\u0131n yan\u0131tlamas\u0131 istemiyle soru \u00f6nergesi veren Antmen &hellip; <a href=\"https:\/\/akdenizolaygazetesi.com\/?p=19438\" class=\"more-link\">Devam\u0131n\u0131 Oku&#8230;<\/a><\/p>\n","protected":false},"author":2,"featured_media":19439,"comment_status":"open","ping_status":"open","sticky":false,"template":"","format":"standard","meta":[],"categories":[1,2,3,5],"tags":[],"_links":{"self":[{"href":"https:\/\/akdenizolaygazetesi.com\/index.php?rest_route=\/wp\/v2\/posts\/19438"}],"collection":[{"href":"https:\/\/akdenizolaygazetesi.com\/index.php?rest_route=\/wp\/v2\/posts"}],"about":[{"href":"https:\/\/akdenizolaygazetesi.com\/index.php?rest_route=\/wp\/v2\/types\/post"}],"author":[{"embeddable":true,"href":"https:\/\/akdenizolaygazetesi.com\/index.php?rest_route=\/wp\/v2\/users\/2"}],"replies":[{"embeddable":true,"href":"https:\/\/akdenizolaygazetesi.com\/index.php?rest_route=%2Fwp%2Fv2%2Fcomments&post=19438"}],"version-history":[{"count":1,"href":"https:\/\/akdenizolaygazetesi.com\/index.php?rest_route=\/wp\/v2\/posts\/19438\/revisions"}],"predecessor-version":[{"id":19440,"href":"https:\/\/akdenizolaygazetesi.com\/index.php?rest_route=\/wp\/v2\/posts\/19438\/revisions\/19440"}],"wp:featuredmedia":[{"embeddable":true,"href":"https:\/\/akdenizolaygazetesi.com\/index.php?rest_route=\/wp\/v2\/media\/19439"}],"wp:attachment":[{"href":"https:\/\/akdenizolaygazetesi.com\/index.php?rest_route=%2Fwp%2Fv2%2Fmedia&parent=19438"}],"wp:term":[{"taxonomy":"category","embeddable":true,"href":"https:\/\/akdenizolaygazetesi.com\/index.php?rest_route=%2Fwp%2Fv2%2Fcategories&post=19438"},{"taxonomy":"post_tag","embeddable":true,"href":"https:\/\/akdenizolaygazetesi.com\/index.php?rest_route=%2Fwp%2Fv2%2Ftags&post=19438"}],"curies":[{"name":"wp","href":"https:\/\/api.w.org\/{rel}","templated":true}]}}