{"id":19444,"date":"2022-06-23T16:15:54","date_gmt":"2022-06-23T13:15:54","guid":{"rendered":"http:\/\/akdenizolaygazetesi.com\/?p=19444"},"modified":"2022-06-23T16:15:54","modified_gmt":"2022-06-23T13:15:54","slug":"baskan-yilmaz-isimiz-gucumuz-toroslar","status":"publish","type":"post","link":"https:\/\/akdenizolaygazetesi.com\/?p=19444","title":{"rendered":"Ba\u015fkan Y\u0131lmaz; &#8220;\u0130\u015fimiz, G\u00fcc\u00fcm\u00fcz Toroslar&#8221;"},"content":{"rendered":"<p>Toroslar Belediye Ba\u015fkan\u0131 Ats\u0131z Af\u015f\u0131n Y\u0131lmaz, ekiplerin sahada y\u00fcr\u00fctt\u00fc\u011f\u00fc \u00e7al\u0131\u015fmalar\u0131 yak\u0131ndan takip ediyor.<\/p>\n<p>Ba\u015fkan Y\u0131lmaz, teknik birimleri gezerek incelemelerde bulundu. Fen \u0130\u015fleri, Temizlik \u0130\u015fleri, Park ve Bah\u00e7eler ile Destek Hizmetleri M\u00fcd\u00fcrlerinin de haz\u0131r bulundu\u011fu ziyarette Ba\u015fkan Y\u0131lmaz, \u00e7al\u0131\u015fma arkada\u015flar\u0131yla sohbet ederek foto\u011fraf \u00e7ektirdi.<\/p>\n<p>D\u00fcnyada \u00fc\u00e7\u00fcnc\u00fc, T\u00fcrkiye&#8217;de ise ilk olarak Toroslar&#8217;da uygulanan &#8220;\u00c7evik Belediyecili\u011fin&#8221; en g\u00fczel \u00f6rneklerinin sunuldu\u011fu il\u00e7ede, &#8220;\u00dcretken Belediyecilik&#8221; anlay\u0131\u015f\u0131yla da \u00e7al\u0131\u015fmalar devam ediyor.<\/p>\n<p>&#8220;\u00c7\u00f6z\u00fcm i\u00e7in Var\u0131z&#8221;<\/p>\n<p>Toroslar Belediyesinin \u00f6z kaynaklar\u0131yla s\u00fcrd\u00fcr\u00fclen \u00e7al\u0131\u015fmalar\u0131 yerinde inceleyen Ba\u015fkan Y\u0131lmaz, ekibine ba\u015far\u0131l\u0131 performans\u0131ndan dolay\u0131 te\u015fekk\u00fcr ederek, kolayl\u0131klar diledi.<\/p>\n<p>Mahallelerde tespit ettikleri ihtiya\u00e7lar\u0131n yan\u0131 s\u0131ra vatanda\u015flardan gelen taleplere de an\u0131nda \u00e7\u00f6z\u00fcm \u00fcretmeye \u00e7al\u0131\u015ft\u0131klar\u0131n\u0131 kaydeden Ba\u015fkan Y\u0131lmaz; &#8220;Hem\u015fehrilerimiz, hizmetin en g\u00fczeline lay\u0131k. \u0130l\u00e7emizi daha da g\u00fczelle\u015ftirmek i\u00e7in t\u00fcm ekibimizle birlikte var g\u00fcc\u00fcm\u00fczle \u00e7al\u0131\u015f\u0131yoruz. \u0130l\u00e7emizin d\u00f6rt bir yan\u0131nda peyzaj \u00e7al\u0131\u015fmalar\u0131m\u0131zda kulland\u0131\u011f\u0131m\u0131z kent mobilyalar\u0131, kendi at\u00f6lyelerimizde belediyemizin usta ellerinde \u00fcretiliyor. \u00c7\u00f6p kovas\u0131, bank, masa ve kamelyalar\u0131m\u0131z\u0131 \u00fcretti\u011fimiz gibi bak\u0131m ve onar\u0131mlar\u0131n\u0131 da d\u00fczenli olarak yap\u0131yoruz. B\u00f6ylece hem tasarruf sa\u011fl\u0131yor, hem de ekonomiye katk\u0131da bulunarak, ihtiya\u00e7lar\u0131 an\u0131nda gideriyoruz&#8221; ifadelerini kulland\u0131.<\/p>\n<p>Yaz sezonunun ba\u015flamas\u0131yla birlikte il\u00e7enin yaylalar\u0131nda n\u00fcfusun daha da art\u0131\u011f\u0131n\u0131 kaydeden Ba\u015fkan Y\u0131lmaz, il\u00e7e merkezinin yan\u0131 s\u0131ra y\u00fcksek kesimlerde hizmetlerin kesintisiz bir \u015fekilde devam etti\u011fini vurgulayarak; &#8220;Vatanda\u015flar\u0131m\u0131z\u0131n il\u00e7emizde sa\u011fl\u0131kl\u0131 ve g\u00fczel bir tatil ge\u00e7irmesi i\u00e7in \u00e7al\u0131\u015fmalar\u0131m\u0131z\u0131 daha da h\u0131zland\u0131rd\u0131k&#8221; diye konu\u015ftu.<br \/>\nBa\u015fkan Y\u0131lmaz, teknik birimlerde incelemelerde bulundu (5).JPG<br \/>\nBa\u015fkan Y\u0131lmaz, teknik birimlerde incelemelerde bulundu (5).JPG<\/p>\n","protected":false},"excerpt":{"rendered":"<p>Toroslar Belediye Ba\u015fkan\u0131 Ats\u0131z Af\u015f\u0131n Y\u0131lmaz, ekiplerin sahada y\u00fcr\u00fctt\u00fc\u011f\u00fc \u00e7al\u0131\u015fmalar\u0131 yak\u0131ndan takip ediyor. Ba\u015fkan Y\u0131lmaz, teknik birimleri gezerek incelemelerde bulundu. Fen \u0130\u015fleri, Temizlik \u0130\u015fleri, Park ve Bah\u00e7eler ile Destek Hizmetleri &hellip; <a href=\"https:\/\/akdenizolaygazetesi.com\/?p=19444\" class=\"more-link\">Devam\u0131n\u0131 Oku&#8230;<\/a><\/p>\n","protected":false},"author":2,"featured_media":19445,"comment_status":"open","ping_status":"open","sticky":false,"template":"","format":"standard","meta":[],"categories":[2,3,5],"tags":[],"_links":{"self":[{"href":"https:\/\/akdenizolaygazetesi.com\/index.php?rest_route=\/wp\/v2\/posts\/19444"}],"collection":[{"href":"https:\/\/akdenizolaygazetesi.com\/index.php?rest_route=\/wp\/v2\/posts"}],"about":[{"href":"https:\/\/akdenizolaygazetesi.com\/index.php?rest_route=\/wp\/v2\/types\/post"}],"author":[{"embeddable":true,"href":"https:\/\/akdenizolaygazetesi.com\/index.php?rest_route=\/wp\/v2\/users\/2"}],"replies":[{"embeddable":true,"href":"https:\/\/akdenizolaygazetesi.com\/index.php?rest_route=%2Fwp%2Fv2%2Fcomments&post=19444"}],"version-history":[{"count":1,"href":"https:\/\/akdenizolaygazetesi.com\/index.php?rest_route=\/wp\/v2\/posts\/19444\/revisions"}],"predecessor-version":[{"id":19446,"href":"https:\/\/akdenizolaygazetesi.com\/index.php?rest_route=\/wp\/v2\/posts\/19444\/revisions\/19446"}],"wp:featuredmedia":[{"embeddable":true,"href":"https:\/\/akdenizolaygazetesi.com\/index.php?rest_route=\/wp\/v2\/media\/19445"}],"wp:attachment":[{"href":"https:\/\/akdenizolaygazetesi.com\/index.php?rest_route=%2Fwp%2Fv2%2Fmedia&parent=19444"}],"wp:term":[{"taxonomy":"category","embeddable":true,"href":"https:\/\/akdenizolaygazetesi.com\/index.php?rest_route=%2Fwp%2Fv2%2Fcategories&post=19444"},{"taxonomy":"post_tag","embeddable":true,"href":"https:\/\/akdenizolaygazetesi.com\/index.php?rest_route=%2Fwp%2Fv2%2Ftags&post=19444"}],"curies":[{"name":"wp","href":"https:\/\/api.w.org\/{rel}","templated":true}]}}