{"id":19447,"date":"2022-06-23T16:17:49","date_gmt":"2022-06-23T13:17:49","guid":{"rendered":"http:\/\/akdenizolaygazetesi.com\/?p=19447"},"modified":"2022-06-23T16:17:49","modified_gmt":"2022-06-23T13:17:49","slug":"mabep-aile-egitimi-mezunlari-sertifikalarini-aldi","status":"publish","type":"post","link":"https:\/\/akdenizolaygazetesi.com\/?p=19447","title":{"rendered":"MABEP aile e\u011fitimi mezunlar\u0131 sertifikalar\u0131n\u0131 ald\u0131"},"content":{"rendered":"<p>Mersin Yeni\u015fehir Belediyesi taraf\u0131ndan hayata ge\u00e7irilen Erken \u00c7ocukluk Geli\u015fimi Projesi kapsam\u0131nda Marmara Aile Becerileri E\u011fitim Program\u0131(MABEP)\u2019n\u0131 tamamlayan aileler sertifikalar\u0131n\u0131 Yeni\u015fehir Belediye Ba\u015fkan\u0131 Abdullah \u00d6zyi\u011fit\u2019ten ald\u0131.<br \/>\nMersin Yeni\u015fehir Belediyesinin \u201cHer aile bir okuldur\u201d slogan\u0131yla T\u00fcrkiye\u2019de bir ilke imza atarak ba\u015flatt\u0131\u011f\u0131 ve \u00e7ocuklar\u0131n erken ya\u015fta desteklenmesi \u00fczerine tasarlanan Erken \u00c7ocukluk Geli\u015fimi Projesi\u2019nin bile\u015fenlerin biri olan 0-3 ya\u015f MABEP aile e\u011fitimleri devam ediyor. Yeni\u015fehir Belediyesi ve Marmara \u00dcniversitesi i\u015f birli\u011fiyle \u00fccretsiz verilen MABEP e\u011fitimleri 0-3 ya\u015f aras\u0131ndaki \u00e7ocuklar\u0131n sa\u011fl\u0131kl\u0131 b\u00fcy\u00fcme s\u00fcrecine rehberlik etmek ve ailelerin anne ve babal\u0131k becerilerini desteklemeyi ama\u00e7l\u0131yor.<br \/>\n8 hafta s\u00fcren e\u011fitimler Marmara \u00dcniversitesi Atat\u00fcrk E\u011fitim Fak\u00fcltesi Okul \u00d6ncesi B\u00f6l\u00fcm\u00fc \u00d6\u011fretim \u00dcyesi ve MABEP Ba\u015fkan\u0131 Prof. Dr. Ozana Ural ve MABEP\u2019te g\u00f6rev yapan uzman akademisyenler taraf\u0131ndan veriliyor. E\u011fitimlerle aileler erken \u00e7ocukluk geli\u015fim d\u00f6nemlerinin \u00f6zellikleri, ya\u015f gruplar\u0131na y\u00f6nelik oyun ve destek sistemleriyle ilgili bilgilendirilmesi, aile olman\u0131n \u00f6nemi ve aile olgusunun geli\u015fim d\u00f6nemlerine etkisi konular\u0131nda bilin\u00e7leniyor.<br \/>\nBa\u015fkan \u00d6zyi\u011fit, \u201c\u00c7ocuklar\u0131m\u0131z\u0131n do\u011fdu\u011fu an itibariyle hatta anne karn\u0131nda bile e\u011fitim s\u00fcrecine cevap verdiklerini \u00e7ok iyi biliyoruz\u201d<br \/>\nE\u011fitimlerini tamamlayan aileler \u00e7ocuklar\u0131yla birlikte Yeni\u015fehir Belediye Ba\u015fkan\u0131 Abdullah \u00d6zyi\u011fit\u2019i ziyaret etti. Ailelere sertifikalar\u0131n\u0131 veren Ba\u015fkan \u00d6zyi\u011fit, \u201cSizleri kutluyorum, bu i\u015fler genelde anneye m\u00e2l edilir ama babalar\u0131n da burada olmas\u0131 \u00e7ok k\u0131ymetli. G\u00f6reve ba\u015flad\u0131ktan sonra Yeni\u015fehir Belediyesi olarak erken \u00e7ocukluk d\u00f6nemi ile ilgili bir e\u011fitim s\u00fcrecini ba\u015flatt\u0131k. Marmara \u00dcniversitesinin bu alanda yapt\u0131\u011f\u0131 \u00e7al\u0131\u015fmalar\u0131 inceledik ve kendileriyle projemizi payla\u015ft\u0131k. Ve bir i\u015f birli\u011fi protokol\u00fc imzalad\u0131k. \u0130\u015fe s\u0131f\u0131rdan ba\u015flad\u0131k, \u00e7ocuklar\u0131m\u0131z\u0131n do\u011fdu\u011fu an itibariyle hatta anne karn\u0131nda bile e\u011fitim s\u00fcrecine cevap verdiklerini \u00e7ok iyi biliyoruz. Bilim insanlar\u0131 zihinsel geli\u015fimin b\u00fcy\u00fck b\u00f6l\u00fcm\u00fcn\u00fcn, %90\u2019a kadar 0-3 ya\u015f aras\u0131nda ger\u00e7ekle\u015fti\u011fini ifade ediyor.  Dolay\u0131s\u0131yla \u00e7ocu\u011fumuza do\u011fdu\u011fu andan itibaren yat\u0131r\u0131m yapmal\u0131y\u0131z diye d\u00fc\u015f\u00fcnd\u00fck. Ve projemizi hayata ge\u00e7irdik. Anne ve babalar gelece\u011fin g\u00fczel T\u00fcrkiye\u2019sini olu\u015fturmakta \u00e7ok b\u00fcy\u00fck rol oynuyorlar.\u201d<br \/>\n\u201cMaalesef D\u00fcnya\u2019da geride kalmam\u0131z\u0131n temelinde e\u011fitimde yapt\u0131\u011f\u0131m\u0131z hatalar yat\u0131yor.\u201d<br \/>\nBu proje ile e\u011fitimde bir temel att\u0131klar\u0131n\u0131 kaydeden Ba\u015fkan \u00d6zyi\u011fit,  \u201cYerel y\u00f6neticiler genellikle yapt\u0131klar\u0131 i\u015flerin meyvesini se\u00e7ildi\u011fi s\u00fcrede g\u00f6rmek ister ama biz bug\u00fcn temelini att\u0131\u011f\u0131m\u0131z projemizin sonu\u00e7lar\u0131n\u0131 15-20 y\u0131l sonra g\u00f6rece\u011fiz. Bizim amac\u0131m\u0131z kimseye bir \u015fey g\u00f6stermek de\u011fil, olay\u0131n \u00f6z\u00fcd\u00fcr. \u00c7ocuklar\u0131m\u0131z\u0131 daha iyi nas\u0131l yeti\u015ftirebiliriz bunun cevaplar\u0131n\u0131 arayarak, \u00e7al\u0131\u015fmalar\u0131m\u0131z\u0131 s\u00fcrd\u00fcr\u00fcyoruz. Maalesef D\u00fcnya\u2019da geride kalmam\u0131z\u0131n temelinde e\u011fitimde yapt\u0131\u011f\u0131m\u0131z hatalar yat\u0131yor. Bir yerden ba\u015flamak laz\u0131m oras\u0131 da temel olmal\u0131 ve biz bu temeli de birlikte att\u0131k.\u201d dedi.<\/p>\n<p>\u201cBilim bu noktada bize en iyi yolu g\u00f6steriyor, bilimden ayr\u0131lamay\u0131z.\u201d<br \/>\nProjede bilimsel verilerle, bilim insanlar\u0131 taraf\u0131ndan verilen e\u011fitimin \u00f6nemine dikkat \u00e7eken Ba\u015fkan Abdullah \u00d6zyi\u011fit, \u201cUmut ediyorum ki bu proje devam edecek ve hi\u00e7bir engel olmaz.  Bu \u00e7ocuklar\u0131m\u0131z sizin gibi e\u011fitilmi\u015f insanlar taraf\u0131nda yeti\u015ftirildikten sonra \u00f6nleri hep a\u00e7\u0131k olacakt\u0131r.  Yeter ki o kaynaklara m\u00fcracaat edin. \u00c7ocuklar\u0131n nas\u0131l yeti\u015ftirilmesi gerekti\u011fini b\u00fcy\u00fcklerimizden \u00f6\u011freniyoruz ama onlar\u0131n bilgisi ne kadar do\u011fru bilmiyoruz. Bunu ancak bilim insanlar\u0131 bilir, bilimsel veriler bunu tespit eder. Yani \u00e7ocu\u011fumuzun hangi s\u00fcre\u00e7te hangi g\u0131dayla beslememiz gerekti\u011fi, kat\u0131 g\u0131daya ne zaman ge\u00e7ilmesi gerekti\u011fi gibi onlarca \u00f6nemli ayr\u0131nt\u0131 var. Bilim bu noktada bize en iyi yolu g\u00f6steriyor, bilimden ayr\u0131lamay\u0131z. Bu e\u011fitimlere kat\u0131ld\u0131\u011f\u0131n\u0131z i\u00e7in sizlere te\u015fekk\u00fcr ediyorum. Yeni\u015fehir Belediyesi Akademi Ba\u015fkan\u0131m\u0131z Raif \u00c7akmak\u2019a, Prof. Dr. Ozana Ural ve ekibine ve t\u00fcm \u00e7al\u0131\u015fanlar\u0131m\u0131za da ayr\u0131ca te\u015fekk\u00fcr ediyorum. Bu e\u011fitimlerin \u00e7ocuklar\u0131m\u0131za iyi gelmesini diliyorum.\u201d diye konu\u015ftu.<br \/>\n0-3 ya\u015f aras\u0131nda \u00e7ocu\u011fu olan ve e\u011fitimlerini tamamlayan aileler de projenin \u00e7ocuklar\u0131n\u0131n geli\u015fimleri a\u00e7\u0131s\u0131ndan \u00e7ok \u00f6nemli oldu\u011funu ve e\u011fitim ald\u0131ktan sonra do\u011fru bildikleri yanl\u0131\u015flar\u0131 fark ettiklerini ifade ettiler. <\/p>\n","protected":false},"excerpt":{"rendered":"<p>Mersin Yeni\u015fehir Belediyesi taraf\u0131ndan hayata ge\u00e7irilen Erken \u00c7ocukluk Geli\u015fimi Projesi kapsam\u0131nda Marmara Aile Becerileri E\u011fitim Program\u0131(MABEP)\u2019n\u0131 tamamlayan aileler sertifikalar\u0131n\u0131 Yeni\u015fehir Belediye Ba\u015fkan\u0131 Abdullah \u00d6zyi\u011fit\u2019ten ald\u0131. Mersin Yeni\u015fehir Belediyesinin \u201cHer aile &hellip; <a href=\"https:\/\/akdenizolaygazetesi.com\/?p=19447\" class=\"more-link\">Devam\u0131n\u0131 Oku&#8230;<\/a><\/p>\n","protected":false},"author":2,"featured_media":19448,"comment_status":"open","ping_status":"open","sticky":false,"template":"","format":"standard","meta":[],"categories":[1,2,3,5],"tags":[],"_links":{"self":[{"href":"https:\/\/akdenizolaygazetesi.com\/index.php?rest_route=\/wp\/v2\/posts\/19447"}],"collection":[{"href":"https:\/\/akdenizolaygazetesi.com\/index.php?rest_route=\/wp\/v2\/posts"}],"about":[{"href":"https:\/\/akdenizolaygazetesi.com\/index.php?rest_route=\/wp\/v2\/types\/post"}],"author":[{"embeddable":true,"href":"https:\/\/akdenizolaygazetesi.com\/index.php?rest_route=\/wp\/v2\/users\/2"}],"replies":[{"embeddable":true,"href":"https:\/\/akdenizolaygazetesi.com\/index.php?rest_route=%2Fwp%2Fv2%2Fcomments&post=19447"}],"version-history":[{"count":1,"href":"https:\/\/akdenizolaygazetesi.com\/index.php?rest_route=\/wp\/v2\/posts\/19447\/revisions"}],"predecessor-version":[{"id":19449,"href":"https:\/\/akdenizolaygazetesi.com\/index.php?rest_route=\/wp\/v2\/posts\/19447\/revisions\/19449"}],"wp:featuredmedia":[{"embeddable":true,"href":"https:\/\/akdenizolaygazetesi.com\/index.php?rest_route=\/wp\/v2\/media\/19448"}],"wp:attachment":[{"href":"https:\/\/akdenizolaygazetesi.com\/index.php?rest_route=%2Fwp%2Fv2%2Fmedia&parent=19447"}],"wp:term":[{"taxonomy":"category","embeddable":true,"href":"https:\/\/akdenizolaygazetesi.com\/index.php?rest_route=%2Fwp%2Fv2%2Fcategories&post=19447"},{"taxonomy":"post_tag","embeddable":true,"href":"https:\/\/akdenizolaygazetesi.com\/index.php?rest_route=%2Fwp%2Fv2%2Ftags&post=19447"}],"curies":[{"name":"wp","href":"https:\/\/api.w.org\/{rel}","templated":true}]}}