{"id":1945,"date":"2020-11-04T18:22:28","date_gmt":"2020-11-04T15:22:28","guid":{"rendered":"http:\/\/mersinekonomipolitikagazetesi.com\/?p=1945"},"modified":"2020-11-04T18:22:28","modified_gmt":"2020-11-04T15:22:28","slug":"kucuk-yasta-onemli-icad","status":"publish","type":"post","link":"https:\/\/akdenizolaygazetesi.com\/?p=1945","title":{"rendered":"K\u00dc\u00c7\u00dcK YA\u015eTA \u00d6NEML\u0130  \u0130CAD"},"content":{"rendered":"<p>14 ya\u015f\u0131ndaki gen\u00e7 \u00f6\u011frenci Ezgi \u0130ldeniz, y\u0131kanan \u00e7ama\u015f\u0131rlar\u0131n serildikten sonra ya\u011fmurlu havalarda \u0131slanmamas\u0131 ad\u0131na kendi yapt\u0131\u011f\u0131 icatla okulda birinci oldu.<\/p>\n<blockquote type=\"cite\">\n<div dir=\"ltr\">\n<p><span style=\"font-size:16px;\">\u00c7ukurova Sanayi Orta Okulu\u2019nda okuyan Ezgi \u0130ldeniz, ya\u011fmurlu havalarda \u00e7ama\u015f\u0131rlar\u0131n \u0131slanmamas\u0131 i\u00e7in ve markete veya \u00e7ar\u015f\u0131ya \u00e7\u0131kt\u0131\u011f\u0131nda akl\u0131n\u0131z\u0131n \u00e7ama\u015f\u0131rda olmamas\u0131 i\u00e7in \u00e7ama\u015f\u0131r serilen tele \u00e7\u00f6z\u00fcm getirdi.<\/span><\/p>\n<p>\u00a0<\/p>\n<p><span style=\"font-size:16px;\">\u00c7ama\u015f\u0131r as\u0131lan telin \u00fcst taraf\u0131na saydam naylon kullanan \u0130ldeniz, naylonun alt taraf\u0131nda serili olan \u00e7ama\u015f\u0131rlar\u0131 g\u00fcne\u015f \u0131\u015f\u0131nlar\u0131 hem kurutabilecek, hem de ani hava de\u011fi\u015fimdeki ya\u011fan ya\u011fmurdan koruyabilecek.<\/span><\/p>\n<p>\u00a0<\/p>\n<p><span style=\"font-size:16px;\">Tarsus\u2019ta ya\u015fayan ortaokul \u00f6\u011frenci Ezgi \u0130ldeniz hayalinde hep bir icat yapmak istedi\u011fini, akl\u0131ndakileri sergilemek ve ileride daha b\u00fcy\u00fck geli\u015fimler sa\u011flamak oldu\u011funu s\u00f6yledi.<\/span><\/p>\n<p>\u00a0<\/p>\n<p><span style=\"font-size:16px;\">Okul \u00f6\u011fretmenleri, \u00f6\u011frencinin bu ya\u015fta icatlarla u\u011fra\u015fmas\u0131 okul i\u00e7in gurur verici oldu\u011funu belirterek, ileriki zamanlarda da yapaca\u011f\u0131 icatlarda yard\u0131mc\u0131 olacaklar\u0131n\u0131 dile getirdi.<\/span><\/p>\n<\/div>\n<\/blockquote>\n<div>\n<div dir=\"ltr\">\n<p>\u00a0<\/p>\n<\/div>\n<\/div>\n","protected":false},"excerpt":{"rendered":"<p>14 ya\u015f\u0131ndaki gen\u00e7 \u00f6\u011frenci Ezgi \u0130ldeniz, y\u0131kanan \u00e7ama\u015f\u0131rlar\u0131n serildikten sonra ya\u011fmurlu havalarda \u0131slanmamas\u0131 ad\u0131na kendi yapt\u0131\u011f\u0131 icatla okulda birinci oldu. \u00c7ukurova Sanayi Orta Okulu\u2019nda okuyan Ezgi \u0130ldeniz, ya\u011fmurlu havalarda \u00e7ama\u015f\u0131rlar\u0131n &hellip; <a href=\"https:\/\/akdenizolaygazetesi.com\/?p=1945\" class=\"more-link\">Devam\u0131n\u0131 Oku&#8230;<\/a><\/p>\n","protected":false},"author":1,"featured_media":0,"comment_status":"open","ping_status":"open","sticky":false,"template":"","format":"standard","meta":[],"categories":[],"tags":[],"_links":{"self":[{"href":"https:\/\/akdenizolaygazetesi.com\/index.php?rest_route=\/wp\/v2\/posts\/1945"}],"collection":[{"href":"https:\/\/akdenizolaygazetesi.com\/index.php?rest_route=\/wp\/v2\/posts"}],"about":[{"href":"https:\/\/akdenizolaygazetesi.com\/index.php?rest_route=\/wp\/v2\/types\/post"}],"author":[{"embeddable":true,"href":"https:\/\/akdenizolaygazetesi.com\/index.php?rest_route=\/wp\/v2\/users\/1"}],"replies":[{"embeddable":true,"href":"https:\/\/akdenizolaygazetesi.com\/index.php?rest_route=%2Fwp%2Fv2%2Fcomments&post=1945"}],"version-history":[{"count":0,"href":"https:\/\/akdenizolaygazetesi.com\/index.php?rest_route=\/wp\/v2\/posts\/1945\/revisions"}],"wp:attachment":[{"href":"https:\/\/akdenizolaygazetesi.com\/index.php?rest_route=%2Fwp%2Fv2%2Fmedia&parent=1945"}],"wp:term":[{"taxonomy":"category","embeddable":true,"href":"https:\/\/akdenizolaygazetesi.com\/index.php?rest_route=%2Fwp%2Fv2%2Fcategories&post=1945"},{"taxonomy":"post_tag","embeddable":true,"href":"https:\/\/akdenizolaygazetesi.com\/index.php?rest_route=%2Fwp%2Fv2%2Ftags&post=1945"}],"curies":[{"name":"wp","href":"https:\/\/api.w.org\/{rel}","templated":true}]}}