{"id":19450,"date":"2022-06-23T16:19:17","date_gmt":"2022-06-23T13:19:17","guid":{"rendered":"http:\/\/akdenizolaygazetesi.com\/?p=19450"},"modified":"2022-06-23T16:19:17","modified_gmt":"2022-06-23T13:19:17","slug":"baskan-yilmaz-turkiye-diyanet-vakfina-kurban-bagisinda-bulundu-2","status":"publish","type":"post","link":"https:\/\/akdenizolaygazetesi.com\/?p=19450","title":{"rendered":"BA\u015eKAN YILMAZ, T\u00dcRK\u0130YE D\u0130YANET VAKFI&#8217;NA KURBAN BA\u011eI\u015eINDA BULUNDU"},"content":{"rendered":"<p>Toroslar Belediye Ba\u015fkan\u0131 Ats\u0131z Af\u015f\u0131n Y\u0131lmaz, T\u00fcrkiye Diyanet Vakf\u0131&#8217;na vekalet yoluyla kurban ba\u011f\u0131\u015f\u0131 yapt\u0131.<\/p>\n<p>Ba\u015fkan Y\u0131lmaz; Diyanet \u0130\u015fleri Ba\u015fkanl\u0131\u011f\u0131 ve T\u00fcrkiye Diyanet Vakf\u0131 (TDV) i\u015fbirli\u011finde &#8220;Kurban\u0131n\u0131 Payla\u015f, Karde\u015finle Yak\u0131nla\u015f&#8221; slogan\u0131yla s\u00fcrd\u00fcr\u00fclen vekalet yoluyla kurban kesim program\u0131na bu y\u0131l da kat\u0131larak destek verdi.<\/p>\n<p>&#8220;Bayram\u0131n bereketini, dayan\u0131\u015fma ve payla\u015fma ile art\u0131r\u0131yoruz&#8221; diyen Ba\u015fkan Y\u0131lmaz; &#8220;Kurban ibadetimiz hay\u0131rl\u0131 olsun. Bizim en b\u00fcy\u00fck zenginli\u011fimiz, birlik ve beraberli\u011fimiz. Bu kampanya da toplumsal dayan\u0131\u015fman\u0131n en g\u00fczel \u00f6rneklerinden biridir. Ba\u011f\u0131\u015flar\u0131n, ihtiya\u00e7 sahiplerine ula\u015ft\u0131r\u0131lacak olmas\u0131n\u0131n ayr\u0131ca mutlulu\u011funu ya\u015f\u0131yoruz. Diyanet \u0130\u015fleri Ba\u015fkanl\u0131\u011f\u0131&#8217;na, T\u00fcrkiye Diyanet Vakf\u0131&#8217;na ve kampanyada katk\u0131s\u0131 olan herkese te\u015fekk\u00fcr ediyorum&#8221; ifadelerini kulland\u0131.<\/p>\n<p>TDV Toroslar \u015eubesi&#8217;ne kurban ba\u011f\u0131\u015f\u0131 yapan Ba\u015fkan Y\u0131lmaz&#8217;\u0131n kurban vek\u00e2letini, T\u00fcrkiye Diyanet Vakf\u0131 ad\u0131na Toroslar \u0130l\u00e7e M\u00fcft\u00fcs\u00fc Bayram Danac\u0131 kabul etti.<\/p>\n<p>\u0130l\u00e7e M\u00fcft\u00fcs\u00fc Bayram Danac\u0131 ise Belediye Ba\u015fkan\u0131 Ats\u0131z Af\u015f\u0131n Y\u0131lmaz&#8217;a desteklerinden dolay\u0131 te\u015fekk\u00fcr ederek, vek\u00e2letle kurban ba\u011f\u0131\u015f makbuzunu takdim etti.<\/p>\n","protected":false},"excerpt":{"rendered":"<p>Toroslar Belediye Ba\u015fkan\u0131 Ats\u0131z Af\u015f\u0131n Y\u0131lmaz, T\u00fcrkiye Diyanet Vakf\u0131&#8217;na vekalet yoluyla kurban ba\u011f\u0131\u015f\u0131 yapt\u0131. Ba\u015fkan Y\u0131lmaz; Diyanet \u0130\u015fleri Ba\u015fkanl\u0131\u011f\u0131 ve T\u00fcrkiye Diyanet Vakf\u0131 (TDV) i\u015fbirli\u011finde &#8220;Kurban\u0131n\u0131 Payla\u015f, Karde\u015finle Yak\u0131nla\u015f&#8221; slogan\u0131yla &hellip; <a href=\"https:\/\/akdenizolaygazetesi.com\/?p=19450\" class=\"more-link\">Devam\u0131n\u0131 Oku&#8230;<\/a><\/p>\n","protected":false},"author":2,"featured_media":19451,"comment_status":"open","ping_status":"open","sticky":false,"template":"","format":"standard","meta":[],"categories":[1,3],"tags":[],"_links":{"self":[{"href":"https:\/\/akdenizolaygazetesi.com\/index.php?rest_route=\/wp\/v2\/posts\/19450"}],"collection":[{"href":"https:\/\/akdenizolaygazetesi.com\/index.php?rest_route=\/wp\/v2\/posts"}],"about":[{"href":"https:\/\/akdenizolaygazetesi.com\/index.php?rest_route=\/wp\/v2\/types\/post"}],"author":[{"embeddable":true,"href":"https:\/\/akdenizolaygazetesi.com\/index.php?rest_route=\/wp\/v2\/users\/2"}],"replies":[{"embeddable":true,"href":"https:\/\/akdenizolaygazetesi.com\/index.php?rest_route=%2Fwp%2Fv2%2Fcomments&post=19450"}],"version-history":[{"count":1,"href":"https:\/\/akdenizolaygazetesi.com\/index.php?rest_route=\/wp\/v2\/posts\/19450\/revisions"}],"predecessor-version":[{"id":19452,"href":"https:\/\/akdenizolaygazetesi.com\/index.php?rest_route=\/wp\/v2\/posts\/19450\/revisions\/19452"}],"wp:featuredmedia":[{"embeddable":true,"href":"https:\/\/akdenizolaygazetesi.com\/index.php?rest_route=\/wp\/v2\/media\/19451"}],"wp:attachment":[{"href":"https:\/\/akdenizolaygazetesi.com\/index.php?rest_route=%2Fwp%2Fv2%2Fmedia&parent=19450"}],"wp:term":[{"taxonomy":"category","embeddable":true,"href":"https:\/\/akdenizolaygazetesi.com\/index.php?rest_route=%2Fwp%2Fv2%2Fcategories&post=19450"},{"taxonomy":"post_tag","embeddable":true,"href":"https:\/\/akdenizolaygazetesi.com\/index.php?rest_route=%2Fwp%2Fv2%2Ftags&post=19450"}],"curies":[{"name":"wp","href":"https:\/\/api.w.org\/{rel}","templated":true}]}}