{"id":1946,"date":"2020-11-04T18:22:28","date_gmt":"2020-11-04T15:22:28","guid":{"rendered":"http:\/\/mersinekonomipolitikagazetesi.com\/?p=1946"},"modified":"2020-11-04T18:22:28","modified_gmt":"2020-11-04T15:22:28","slug":"akdenize-yeni-park","status":"publish","type":"post","link":"https:\/\/akdenizolaygazetesi.com\/?p=1946","title":{"rendered":"Akdeniz&#8217;e yeni park"},"content":{"rendered":"<p>Akdeniz Belediyesi, ge\u00e7en 1.5 y\u0131ll\u0131k s\u00fcre\u00e7te il\u00e7eye 14 yeni park kazand\u0131r\u0131rken, bu say\u0131ya bir yenisini daha ekliyor. Park ve Bah\u00e7eler M\u00fcd\u00fcrl\u00fc\u011f\u00fc ekipleri, Karacailyas Emek Mahallesi\u2019nde yeni park\u0131n daha yap\u0131m\u0131na ba\u015flad\u0131.<\/p>\n<p><span style=\"font-size:16px;\"><span style=\"font-family: sans-serif; line-height: 20px; text-align: justify; background-color: rgb(242, 244, 245);\">Akdeniz Belediyesi&#8217;nden yap\u0131lan a\u00e7\u0131klamaya g\u00f6re, il\u00e7ede yeni park ve ye\u015fil alanlar\u0131n yap\u0131m\u0131na devam ediliyor. Ge\u00e7en 1.5 y\u0131ll\u0131k s\u00fcre\u00e7 i\u00e7inde il\u00e7eye 14 yeni park kazand\u0131ran, eskiyen t\u00fcm parklar\u0131 da revize eden Akdeniz Belediyesi Park ve Bah\u00e7eler M\u00fcd\u00fcrl\u00fc\u011f\u00fc ekipleri, Karacailyas Emek Mahallesi muhtarl\u0131\u011f\u0131n\u0131n biti\u015fi\u011findeki alan \u00fczerine yeni bir park in\u015fa ediyor.\u00a0<\/span><br style=\"box-sizing: border-box; font-family: sans-serif; font-size: 14px; line-height: 20px; text-align: justify; background-color: rgb(242, 244, 245);\" \/><br \/>\n<span style=\"font-family: sans-serif; line-height: 20px; text-align: justify; background-color: rgb(242, 244, 245);\">Toplamda bin 300 metrekarelik alana sahip olacak park\u0131n i\u00e7ine 2 kamelya ve 10 adet bank, 1 adet \u00e7ocuk oyun grubu, fitness aleti, ayd\u0131nlatma direkleri ve \u00e7\u00f6p kutular\u0131 yerle\u015ftirilecek. Ard\u0131ndan park\u0131n peyzaj d\u00fczenlemesi de yap\u0131lacak olan park, \u00e7e\u015fitli a\u011fa\u00e7lar ve rengarenk \u00e7i\u00e7eklerle s\u00fcslenecek. Park yap\u0131lacak alanda s\u0131n\u0131r bord\u00fcrleri \u00e7ekilirken, kilit ta\u015flar\u0131yla da park\u0131n i\u00e7inden ge\u00e7ecek y\u00fcr\u00fcme yollar\u0131 \u00e7iziliyor.\u00a0<\/span><br style=\"box-sizing: border-box; font-family: sans-serif; font-size: 14px; line-height: 20px; text-align: justify; background-color: rgb(242, 244, 245);\" \/><br \/>\n<span style=\"font-family: sans-serif; line-height: 20px; text-align: justify; background-color: rgb(242, 244, 245);\">\u201cUygun olan her metrekareyi ye\u015fillendirmek istiyoruz\u201d\u00a0<\/span><br style=\"box-sizing: border-box; font-family: sans-serif; font-size: 14px; line-height: 20px; text-align: justify; background-color: rgb(242, 244, 245);\" \/><br \/>\n<span style=\"font-family: sans-serif; line-height: 20px; text-align: justify; background-color: rgb(242, 244, 245);\">Akdeniz Belediye Ba\u015fkan\u0131 Muhittin Pamuk, yeni park imalat\u0131 ve park yenileme \u00e7al\u0131\u015fmalar\u0131 hakk\u0131nda yapt\u0131\u011f\u0131 de\u011ferlendirmede, daha ye\u015fil bir Akdeniz i\u00e7in \u00e7al\u0131\u015ft\u0131klar\u0131n\u0131n alt\u0131n\u0131 \u00e7izdi, Akdeniz\u2019de park\u0131 olmayan tek mahalle kalmamas\u0131 i\u00e7in yo\u011fun bir gayret i\u00e7erisinde olduklar\u0131n\u0131 vurgulad\u0131. G\u00f6reve geldi\u011fi yakla\u015f\u0131k 1.5 y\u0131ll\u0131k s\u00fcre\u00e7te Akdeniz\u2019de 14 yeni park a\u00e7arak vatanda\u015flar\u0131n hizmetine sunduklar\u0131n\u0131 belirten Pamuk, Akdeniz\u2019in ye\u015file b\u00fcr\u00fcnmesi noktas\u0131nda, belediye olarak \u00fczerlerine d\u00fc\u015fen g\u00f6rev ve sorumlulu\u011fu eksiksiz yerine getireceklerini s\u00f6yledi. Pamuk, \u201c\u0130l\u00e7emizde uygun olan her metrekareyi ye\u015fillendirip halk\u0131m\u0131z\u0131n hizmetine sunmak i\u00e7in yo\u011fun bir gayretle \u00e7al\u0131\u015f\u0131yoruz. Bu ama\u00e7la, uygun olan b\u00f6lgelerde yeni parklar yap\u0131p vatanda\u015flar\u0131m\u0131z\u0131n hizmetine sunuyoruz. Ayr\u0131ca yo\u011fun kullan\u0131m nedeniyle eskiyen veya miad\u0131n\u0131 dolduran parklar\u0131m\u0131z da ekiplerimiz eliyle elden ge\u00e7irilip yenileniyor ve mahalle sakinlerinin hizmetine sunuluyor. \u0130nsan odakl\u0131 hizmet anlay\u0131\u015f\u0131yla, vatanda\u015flar\u0131m\u0131z\u0131n bize olan emanetini, yine halk\u0131m\u0131z yarar\u0131na hizmet, proje ve \u00e7al\u0131\u015fmalarda kullanmaya devam edece\u011fiz\u201d dedi.\u00a0<\/span><\/span><\/p>\n","protected":false},"excerpt":{"rendered":"<p>Akdeniz Belediyesi, ge\u00e7en 1.5 y\u0131ll\u0131k s\u00fcre\u00e7te il\u00e7eye 14 yeni park kazand\u0131r\u0131rken, bu say\u0131ya bir yenisini daha ekliyor. Park ve Bah\u00e7eler M\u00fcd\u00fcrl\u00fc\u011f\u00fc ekipleri, Karacailyas Emek Mahallesi\u2019nde yeni park\u0131n daha yap\u0131m\u0131na ba\u015flad\u0131. &hellip; <a href=\"https:\/\/akdenizolaygazetesi.com\/?p=1946\" class=\"more-link\">Devam\u0131n\u0131 Oku&#8230;<\/a><\/p>\n","protected":false},"author":1,"featured_media":0,"comment_status":"open","ping_status":"open","sticky":false,"template":"","format":"standard","meta":[],"categories":[],"tags":[],"_links":{"self":[{"href":"https:\/\/akdenizolaygazetesi.com\/index.php?rest_route=\/wp\/v2\/posts\/1946"}],"collection":[{"href":"https:\/\/akdenizolaygazetesi.com\/index.php?rest_route=\/wp\/v2\/posts"}],"about":[{"href":"https:\/\/akdenizolaygazetesi.com\/index.php?rest_route=\/wp\/v2\/types\/post"}],"author":[{"embeddable":true,"href":"https:\/\/akdenizolaygazetesi.com\/index.php?rest_route=\/wp\/v2\/users\/1"}],"replies":[{"embeddable":true,"href":"https:\/\/akdenizolaygazetesi.com\/index.php?rest_route=%2Fwp%2Fv2%2Fcomments&post=1946"}],"version-history":[{"count":0,"href":"https:\/\/akdenizolaygazetesi.com\/index.php?rest_route=\/wp\/v2\/posts\/1946\/revisions"}],"wp:attachment":[{"href":"https:\/\/akdenizolaygazetesi.com\/index.php?rest_route=%2Fwp%2Fv2%2Fmedia&parent=1946"}],"wp:term":[{"taxonomy":"category","embeddable":true,"href":"https:\/\/akdenizolaygazetesi.com\/index.php?rest_route=%2Fwp%2Fv2%2Fcategories&post=1946"},{"taxonomy":"post_tag","embeddable":true,"href":"https:\/\/akdenizolaygazetesi.com\/index.php?rest_route=%2Fwp%2Fv2%2Ftags&post=1946"}],"curies":[{"name":"wp","href":"https:\/\/api.w.org\/{rel}","templated":true}]}}